{"id":584089,"date":"2026-07-14T09:54:23","date_gmt":"2026-07-14T09:54:23","guid":{"rendered":"https:\/\/www.europesays.com\/it\/584089\/"},"modified":"2026-07-14T09:54:23","modified_gmt":"2026-07-14T09:54:23","slug":"partita-del-cuore-2026-successo-allaquila","status":"publish","type":"post","link":"https:\/\/www.europesays.com\/it\/584089\/","title":{"rendered":"Partita del Cuore 2026, successo all&#8217;Aquila"},"content":{"rendered":"<p> Successo per la 35\u00aa Partita del Cuore a L\u2019Aquila: stadio esaurito, artisti, politici e giornalisti in campo. Raccolta fondi per il Venezuela e progetti per i giovani del territorio.<\/p>\n<p class=\"wp-block-paragraph\">L\u2019AQUILA \u2013 L\u2019Aquila ha vissuto una serata all\u2019insegna dello sport, della musica e della solidariet\u00e0 con la 35\u00aa edizione della P<strong>artita del Cuore<\/strong>. Lo stadio Gran Sasso d\u2019Italia \u201cItalo Acconcia\u201d ha accolto migliaia di spettatori, registrando il tutto esaurito e confermando il forte legame tra la citt\u00e0 abruzzese e una manifestazione che, per il terzo anno consecutivo, ha scelto il capoluogo come sede dell\u2019evento.<\/p>\n<p class=\"wp-block-paragraph\">I biglietti sono stati polverizzati in appena due giorni, a testimonianza dell\u2019entusiasmo del pubblico per un appuntamento inserito nel programma ufficiale de \u201cL\u2019Aquila Capitale Italiana della Cultura 2026\u201d. L\u2019iniziativa \u00e8 stata realizzata grazie alla collaborazione del Comune dell\u2019Aquila, della Regione Abruzzo e della societ\u00e0 L\u2019Aquila 1927, partner della manifestazione.<\/p>\n<p class=\"wp-block-paragraph\">Sul terreno di gioco si sono affrontate la <strong>Nazionale Cantanti, capitanata da Sal Da Vinci<\/strong>, e la <strong>Nazionale della Politica, guidata in panchina da Roberto Mancini<\/strong> e affiancata da numerosi rappresentanti del mondo del giornalismo e della comunicazione. Una sfida che, come da tradizione, ha unito spettacolo, intrattenimento e impegno sociale.<\/p>\n<p class=\"wp-block-paragraph\">Tra i protagonisti della Nazionale Cantanti sono scesi in campo Il Tre, Tony Pitony, Rocco Hunt, Eddie Brock e Nicol\u00f2 Filippucci. La formazione della Politica ha schierato, tra gli altri, Ignazio La Russa, Matteo Renzi, Francesco Boccia, Alessandro Cattaneo, Giorgio Mul\u00e8, Laura Ravetto, Licia Ronzulli, Anna Ascani, Luigi D\u2019Eramo e Alessandro Morelli, insieme ai giornalisti Salvo Sottile, Hoara Borselli, Massimo Giletti, Tommaso Cerno, Luca Sommi, Claudio Cerasa, Pietro Senaldi e Alessio Viola.<\/p>\n<p class=\"wp-block-paragraph\">La serata si \u00e8 aperta con l\u2019esecuzione de \u201cIl Canto degli Italiani\u201d, interpretato da Sal Da Vinci insieme all\u2019Orchestra dell\u2019Istituzione Sinfonica Abruzzese e alla Schola Cantorum di San Sisto, dirette dal Maestro Leonardo De Amicis. Sul palco si sono poi alternati Al Bano, Spagna, Paolo Vallesi, Mr. Rain e Francesca Michielin, regalando al pubblico momenti di grande spettacolo.<\/p>\n<p class=\"wp-block-paragraph\">Ai nostri microfoni il rapper <strong>Moreno<\/strong>, ha voluto richiamare l\u2019attenzione sul significato solidale della manifestazione. \u201c\u00c8 stata una serata ricca di emozioni. Guardando le immagini che scorrono in questo momento, non possiamo dimenticare che c\u2019\u00e8 chi sta vivendo una situazione di grande sofferenza. Nel mio piccolo ho cercato di dare il mio contributo. Ho conosciuto un ragazzo originario della Giamaica che sul suo profilo porta la bandiera del Venezuela: questo mi ha fatto capire quanto questa tragedia venga vissuta con partecipazione da tante persone. Ho voluto farmi portavoce di un messaggio importante: dobbiamo essere solidali. Invito tutti a sostenere questa raccolta fondi attraverso l\u2019SMS solidale al numero 45595. Se lo chiedo io, facciamolo davvero insieme. Grazie a tutti\u201d, ha dichiarato l\u2019artista, invitando tutti a sostenere concretamente la campagna benefica.<\/p>\n<p class=\"wp-block-paragraph\">La conduzione televisiva \u00e8 stata affidata a Eleonora Daniele, mentre la telecronaca \u00e8 stata curata da Marco Franzelli con il contributo di Gabriele Corsi e Andrea Perroni. Alessandra Tripoli ha seguito gli interventi dal bordo campo, Laura Barth ha ricoperto il ruolo di SVAR, mentre Rai Radio2, Radio Rai Tutta Italiana e RaiNews.it hanno raccontato l\u2019evento attraverso collegamenti e approfondimenti.<\/p>\n<p class=\"wp-block-paragraph\">Con noi <strong>Gabriele Corsi<\/strong> ha condiviso un ricordo personale che ha emozionato il pubblico, raccontando il suo rapporto con il capoluogo abruzzese. \u201cHo un legame speciale con L\u2019Aquila. Ci venivo da bambino insieme a mio padre e conservo ricordi bellissimi di quei viaggi in macchina, solo io e lui. Successivamente ho studiato qui all\u2019universit\u00e0, alla facolt\u00e0 di Ingegneria, ed \u00e8 una citt\u00e0 alla quale sono rimasto profondamente affezionato. Per mio padre uno dei desideri pi\u00f9 grandi sarebbe stato ricevere la cittadinanza aquilana. Appena ne ho avuto l\u2019occasione ho voluto riallacciare questo rapporto con la citt\u00e0. Vedere L\u2019Aquila rinascere e diventare Capitale Italiana della Cultura 2026 \u00e8 motivo di grande soddisfazione. Avete fatto un lavoro davvero straordinario\u201d, ha affermato il conduttore.<\/p>\n<p><a href=\"https:\/\/www.google.com\/preferences\/source?q=laquilablog.it\" rel=\"nofollow noopener\" target=\"_blank\"><img decoding=\"async\" src=\"https:\/\/www.europesays.com\/it\/wp-content\/uploads\/2026\/06\/Banner_Google_orizzontale.png\"\/><\/a><\/p>\n<p class=\"wp-block-paragraph\">Tra gli ospiti della manifestazione erano presenti anche Mar\u00eda Elena Uzzo Giannattasio, Ambasciatrice della Repubblica Bolivariana del Venezuela in Italia, il Maestro Mogol e Giovanni Malag\u00f2, a conferma del rilievo istituzionale dell\u2019iniziativa.<\/p>\n<p class=\"wp-block-paragraph\">L\u2019edizione 2026 della Partita del Cuore ha posto al centro la raccolta fondi destinata alla popolazione venezuelana colpita dall\u2019emergenza sismica. Il 40% dell\u2019incasso della biglietteria sar\u00e0 devoluto alla Croce Rossa Italiana per sostenere gli interventi umanitari, mentre il restante 60% sar\u00e0 destinato alla Fondazione Ausilia per finanziare progetti dedicati ai giovani del territorio aquilano.<\/p>\n<p class=\"wp-block-paragraph\">Rester\u00e0 attivo fino al 14 luglio anche il numero SMS solidale 45595. Le donazioni raccolte attraverso il servizio telefonico saranno gestite da Croce Rossa Italiana, UNHCR e UNICEF, impegnati nel coordinamento degli interventi di assistenza destinati alla popolazione venezuelana.<\/p>\n<p class=\"wp-block-paragraph\"> La 35\u00aa Partita del Cuore si \u00e8 cos\u00ec conclusa confermandosi uno degli appuntamenti solidali pi\u00f9 seguiti dell\u2019estate italiana, capace di trasformare una serata di sport e spettacolo in un\u2019importante occasione di sostegno concreto e partecipazione collettiva.<\/p>\n<p class=\"wp-block-paragraph\">Doniamo doniamo doniamo!!!! Il Venezuela oggi ha bisogno di tutti noi!!!!<img decoding=\"async\" data-id=\"113033\" src=\"https:\/\/www.europesays.com\/it\/wp-content\/uploads\/2026\/07\/Albano.jpg\" alt=\"\" class=\"wp-image-113033 lazyload\"\/><img decoding=\"async\" data-id=\"113034\" src=\"https:\/\/www.europesays.com\/it\/wp-content\/uploads\/2026\/07\/1784022858_610_Sal-Da-Vinci.jpg\" alt=\"\" class=\"wp-image-113034 lazyload\"\/><img decoding=\"async\" data-id=\"113036\" src=\"https:\/\/www.europesays.com\/it\/wp-content\/uploads\/2026\/07\/de-amicis-daniele.jpg\" alt=\"\" class=\"wp-image-113036 lazyload\"\/><img decoding=\"async\" data-id=\"113035\" src=\"https:\/\/www.europesays.com\/it\/wp-content\/uploads\/2026\/07\/pierluigi-biondi.jpg\" alt=\"\" class=\"wp-image-113035 lazyload\"\/><img decoding=\"async\" data-id=\"113037\" src=\"https:\/\/www.europesays.com\/it\/wp-content\/uploads\/2026\/07\/la-partita-del-cuore.jpg\" alt=\"\" class=\"wp-image-113037 lazyload\"\/><\/p>\n","protected":false},"excerpt":{"rendered":"Successo per la 35\u00aa Partita del Cuore a L\u2019Aquila: stadio esaurito, artisti, politici e giornalisti in campo. Raccolta&hellip;\n","protected":false},"author":3,"featured_media":584090,"comment_status":"","ping_status":"","sticky":false,"template":"","format":"standard","meta":{"footnotes":"","_share_on_mastodon":"0"},"categories":[1474],"tags":[1537,90,89,31770,245,244,1869],"class_list":["post-584089","post","type-post","status-publish","format-standard","has-post-thumbnail","category-volley","tag-it","tag-italia","tag-italy","tag-laquila","tag-sport","tag-sports","tag-volley"],"share_on_mastodon":{"url":"https:\/\/pubeurope.com\/@it\/116917729934153709","error":""},"_links":{"self":[{"href":"https:\/\/www.europesays.com\/it\/wp-json\/wp\/v2\/posts\/584089","targetHints":{"allow":["GET"]}}],"collection":[{"href":"https:\/\/www.europesays.com\/it\/wp-json\/wp\/v2\/posts"}],"about":[{"href":"https:\/\/www.europesays.com\/it\/wp-json\/wp\/v2\/types\/post"}],"author":[{"embeddable":true,"href":"https:\/\/www.europesays.com\/it\/wp-json\/wp\/v2\/users\/3"}],"replies":[{"embeddable":true,"href":"https:\/\/www.europesays.com\/it\/wp-json\/wp\/v2\/comments?post=584089"}],"version-history":[{"count":0,"href":"https:\/\/www.europesays.com\/it\/wp-json\/wp\/v2\/posts\/584089\/revisions"}],"wp:featuredmedia":[{"embeddable":true,"href":"https:\/\/www.europesays.com\/it\/wp-json\/wp\/v2\/media\/584090"}],"wp:attachment":[{"href":"https:\/\/www.europesays.com\/it\/wp-json\/wp\/v2\/media?parent=584089"}],"wp:term":[{"taxonomy":"category","embeddable":true,"href":"https:\/\/www.europesays.com\/it\/wp-json\/wp\/v2\/categories?post=584089"},{"taxonomy":"post_tag","embeddable":true,"href":"https:\/\/www.europesays.com\/it\/wp-json\/wp\/v2\/tags?post=584089"}],"curies":[{"name":"wp","href":"https:\/\/api.w.org\/{rel}","templated":true}]}}