{"id":584145,"date":"2026-07-14T10:37:15","date_gmt":"2026-07-14T10:37:15","guid":{"rendered":"https:\/\/www.europesays.com\/it\/584145\/"},"modified":"2026-07-14T10:37:15","modified_gmt":"2026-07-14T10:37:15","slug":"la-promessa-anticipazioni-13-19-luglio-angela-scompare-lorenzo-ricatta-leocadia","status":"publish","type":"post","link":"https:\/\/www.europesays.com\/it\/584145\/","title":{"rendered":"La Promessa, anticipazioni 13-19 luglio: Angela scompare, Lorenzo ricatta Leocadia"},"content":{"rendered":"<p><a href=\"https:\/\/www.ilmessaggero.it\/t\/la-promessa\" rel=\"nofollow noopener\" target=\"_blank\">La Promessa<\/a> torna su <a href=\"https:\/\/www.ilmessaggero.it\/t\/rete-4\" rel=\"nofollow noopener\" target=\"_blank\">Rete 4<\/a> con una settimana carica di tensione e misteri. Negli episodi in onda <strong>da luned\u00ec 13 a domenica 19 luglio 2026<\/strong>, la tenuta verr\u00e0 sconvolta dalla scomparsa di <strong>Angela<\/strong>. La ragazza non rientrer\u00e0 a Palazzo e tutti si mobiliteranno per ritrovarla, mentre <strong>Curro<\/strong> sar\u00e0 travolto dall\u2019angoscia e inizier\u00e0 a sospettare di <strong>Lorenzo<\/strong>.<\/p>\n<p>Il <strong>Capitano<\/strong> negher\u00e0 ogni coinvolgimento, ma continuer\u00e0 a muoversi in modo ambiguo. Lorenzo arriver\u00e0 infatti a insistere con <strong>Leocadia<\/strong> per ottenere la mano di Angela in cambio del suo ritrovamento. La donna, per\u00f2, non ceder\u00e0 al ricatto. Intanto <strong>To\u00f1o<\/strong> prover\u00e0 a chiarire il proprio rapporto con <strong>Simona ed Enora<\/strong>, mentre Manuel e Leocadia arriveranno alla firma di un contratto decisivo per il futuro dell\u2019impresa.<\/p>\n","protected":false},"excerpt":{"rendered":"La Promessa torna su Rete 4 con una settimana carica di tensione e misteri. Negli episodi in onda&hellip;\n","protected":false},"author":3,"featured_media":584146,"comment_status":"","ping_status":"","sticky":false,"template":"","format":"standard","meta":{"footnotes":"","_share_on_mastodon":"0"},"categories":[174],"tags":[1518,199345,179238,89886,203,204,1537,90,89,116504,236215,44206,146995],"class_list":["post-584145","post","type-post","status-publish","format-standard","has-post-thumbnail","category-intrattenimento","tag-anticipazioni","tag-anticipazioni-la-promessa","tag-anticipazioni-oggi","tag-anticipazioni-tv","tag-entertainment","tag-intrattenimento","tag-it","tag-italia","tag-italy","tag-la-promessa","tag-la-promessa-anticipazioni","tag-rete-4","tag-rete4"],"share_on_mastodon":{"url":"https:\/\/pubeurope.com\/@it\/116917898435221873","error":""},"_links":{"self":[{"href":"https:\/\/www.europesays.com\/it\/wp-json\/wp\/v2\/posts\/584145","targetHints":{"allow":["GET"]}}],"collection":[{"href":"https:\/\/www.europesays.com\/it\/wp-json\/wp\/v2\/posts"}],"about":[{"href":"https:\/\/www.europesays.com\/it\/wp-json\/wp\/v2\/types\/post"}],"author":[{"embeddable":true,"href":"https:\/\/www.europesays.com\/it\/wp-json\/wp\/v2\/users\/3"}],"replies":[{"embeddable":true,"href":"https:\/\/www.europesays.com\/it\/wp-json\/wp\/v2\/comments?post=584145"}],"version-history":[{"count":0,"href":"https:\/\/www.europesays.com\/it\/wp-json\/wp\/v2\/posts\/584145\/revisions"}],"wp:featuredmedia":[{"embeddable":true,"href":"https:\/\/www.europesays.com\/it\/wp-json\/wp\/v2\/media\/584146"}],"wp:attachment":[{"href":"https:\/\/www.europesays.com\/it\/wp-json\/wp\/v2\/media?parent=584145"}],"wp:term":[{"taxonomy":"category","embeddable":true,"href":"https:\/\/www.europesays.com\/it\/wp-json\/wp\/v2\/categories?post=584145"},{"taxonomy":"post_tag","embeddable":true,"href":"https:\/\/www.europesays.com\/it\/wp-json\/wp\/v2\/tags?post=584145"}],"curies":[{"name":"wp","href":"https:\/\/api.w.org\/{rel}","templated":true}]}}