{"id":584264,"date":"2026-07-14T12:16:17","date_gmt":"2026-07-14T12:16:17","guid":{"rendered":"https:\/\/www.europesays.com\/it\/584264\/"},"modified":"2026-07-14T12:16:17","modified_gmt":"2026-07-14T12:16:17","slug":"senegal-medico-ai-mondiali-era-un-ginecologo-era-in-nazionale-da-10-anni","status":"publish","type":"post","link":"https:\/\/www.europesays.com\/it\/584264\/","title":{"rendered":"Senegal, medico ai Mondiali era un ginecologo. Era in nazionale da 10 anni"},"content":{"rendered":"<p>Il dottor Fedior era effettivamente un medico, ma non di quelli che ti aspetteresti al seguito di una nazionale di calcio. Per di pi\u00f9 sul palcoscenico Mondiale. Il presidente federale: &#8220;Con noi da dieci anni, i giocatori non erano convinti di lui&#8221;. Solo la punta dell&#8217;iceberg tra un Ct senza stipendio e il delivery nel ritiro causa assenza del cuoco<\/p>\n<p><strong><a data-intcmp=\"skysport_foglia articolo_interlink_text\" rel=\"follow nofollow noopener\" href=\"https:\/\/sport.sky.it\/calcio\/mondiali\/2026\/07\/14\/erling-haaland-procione-imbalsamato-dallas\" target=\"_blank\">HAALAND LASCIA GLI USA CON UN PROCIONE IMBALSAMATO (DA 750$)<\/a><\/strong><\/p>\n<p><strong>&#8220;Il medico della nazionale, il dottor Fedior, con noi da dieci anni, \u00e8 un ginecologo di formazione. <\/strong>I<strong> <\/strong>giocatori non erano convinti di lui, e in effetti non ha il profilo accademico necessario per seguirli&#8221;. L&#8217;ultimo tassello di un Mondiale da dimenticare per il Senegal arriva dalla conferenza stampa del presidente della federcalcio locale Abdoulaye Fall, che ha annunciato di aver chiuso i rapporti con il medico-ginecologo che ha segu\u00ecto una delle nazionali africane pi\u00f9 forti e blasonate negli Usa alla Coppa del mondo. L&#8217;incontro con i media era nato originariamente dalla volont\u00e0 di spiegare la situazione dopo l&#8217;esonero del ct Pape Thiaw, <strong>senza contratto e stipendio per mesi prima di firmare alla vigilia della seconda partita del torneo<\/strong>, contro la Norvegia: &#8220;C&#8217;\u00e8 stata una rottura di fiducia tra Thiaw e noi \u2014 ha detto Fall \u2014 pensava che i funzionari della federazione fossero suoi nemici, e questo ha influito sul funzionamento della nazionale&#8221;. Thiaw aveva minacciato di non partire per i Mondiali se le sue richieste di aumento non fossero state soddisfatte, ha raccontato Fall, spiegando che il presidente senegalese Bassirou Diomaye Faye lo ha convinto a cambiare idea il giorno in cui la squadra \u00e8 poi partita per gli Stati Uniti&#8221;.<\/p>\n<p>\t\t\tHotel inedeguato e cene con delivery<\/p>\n<p>E queste non sono nemmeno state le uniche grane per il Senegal in un Mondiale da incubo dove, ricordiamo, sono stati ripescati come ultima\/migliore terza e usciti di scena ai sedicesimi contro il Belgio, <strong>battuti 3-2 ai supplementari dopo essere stati sopra 2-0 fino all&#8217;89&#8217;<\/strong>. Il ritiro negli Usa era stato a dir poco problematico, a causa di una <strong>struttura alberghiera inadeguata<\/strong> &#8211; come lamentato dalle stelle Man\u00e9 e Koulibaly &#8211; e per l&#8217;assenza di un cuoco nello staff, <strong>che aveva spesso costretto i giocatori a ordinare pranzo e cena da ristoranti tramite app di delivery. <\/strong>Poi il caso del medico-ginecologo. L&#8217;unica buona notizia, da quelle parti, \u00e8 che ora si pu\u00f2 voltare pagina.<\/p>\n<p>    Segui tutti gli aggiornamenti di Sky Sport<\/p>\n<p><a href=\"https:\/\/profile.google.com\/cp\/CgovbS8wNGZfbTN4\" rel=\"nofollow noopener\" target=\"_blank\">&#8211; Segui Sky Sport su Google Discover-<\/a>\u00a0Non perderti live, news e video<\/p>\n<p><a href=\"https:\/\/www.whatsapp.com\/channel\/0029Va3UU8oFi8xatgf6sJ3V\" rel=\"nofollow noopener\" target=\"_blank\">&#8211; WhatsApp &#8211;<\/a>\u00a0Le notizie che devi sapere? Le trovi sul canale di Sky Sport<\/p>\n<p><a href=\"https:\/\/sport.sky.it\/video\/highlights?intcmp=skysport_social-connection_inline_skylights\" rel=\"nofollow noopener\" target=\"_blank\">&#8211; Guarda tutti gli Highlights &#8211;<\/a>\u00a0Entra in SkyLightsRoom<\/p>\n<p><a href=\"https:\/\/www.sky.it\/offerte?intcmp=skysport_social-connection_inline_offerte\" rel=\"nofollow noopener\" target=\"_blank\">&#8211; Offerte Sky &#8211;<\/a>\u00a0Scopri le promozioni disponibili e attivale subito<\/p>\n<p>\u00a0<\/p>\n<p>\t            TAG:<\/p>\n","protected":false},"excerpt":{"rendered":"Il dottor Fedior era effettivamente un medico, ma non di quelli che ti aspetteresti al seguito di una&hellip;\n","protected":false},"author":3,"featured_media":584265,"comment_status":"","ping_status":"","sticky":false,"template":"","format":"standard","meta":{"footnotes":"","_share_on_mastodon":"0"},"categories":[1452],"tags":[721,1740,1537,90,89,4422,36860,1739,245,244],"class_list":["post-584264","post","type-post","status-publish","format-standard","has-post-thumbnail","category-calcio","tag-calcio","tag-football","tag-it","tag-italia","tag-italy","tag-mondiali","tag-senegal","tag-soccer","tag-sport","tag-sports"],"share_on_mastodon":{"url":"https:\/\/pubeurope.com\/@it\/116918287648395253","error":""},"_links":{"self":[{"href":"https:\/\/www.europesays.com\/it\/wp-json\/wp\/v2\/posts\/584264","targetHints":{"allow":["GET"]}}],"collection":[{"href":"https:\/\/www.europesays.com\/it\/wp-json\/wp\/v2\/posts"}],"about":[{"href":"https:\/\/www.europesays.com\/it\/wp-json\/wp\/v2\/types\/post"}],"author":[{"embeddable":true,"href":"https:\/\/www.europesays.com\/it\/wp-json\/wp\/v2\/users\/3"}],"replies":[{"embeddable":true,"href":"https:\/\/www.europesays.com\/it\/wp-json\/wp\/v2\/comments?post=584264"}],"version-history":[{"count":0,"href":"https:\/\/www.europesays.com\/it\/wp-json\/wp\/v2\/posts\/584264\/revisions"}],"wp:featuredmedia":[{"embeddable":true,"href":"https:\/\/www.europesays.com\/it\/wp-json\/wp\/v2\/media\/584265"}],"wp:attachment":[{"href":"https:\/\/www.europesays.com\/it\/wp-json\/wp\/v2\/media?parent=584264"}],"wp:term":[{"taxonomy":"category","embeddable":true,"href":"https:\/\/www.europesays.com\/it\/wp-json\/wp\/v2\/categories?post=584264"},{"taxonomy":"post_tag","embeddable":true,"href":"https:\/\/www.europesays.com\/it\/wp-json\/wp\/v2\/tags?post=584264"}],"curies":[{"name":"wp","href":"https:\/\/api.w.org\/{rel}","templated":true}]}}