{"id":584266,"date":"2026-07-14T12:17:26","date_gmt":"2026-07-14T12:17:26","guid":{"rendered":"https:\/\/www.europesays.com\/it\/584266\/"},"modified":"2026-07-14T12:17:26","modified_gmt":"2026-07-14T12:17:26","slug":"romina-power-ylenia-sento-che-e-ancora-viva-la-speranza-di-una-madre-non-muore-mai-vi-racconto-ladozione-di-4-bambini-in-india","status":"publish","type":"post","link":"https:\/\/www.europesays.com\/it\/584266\/","title":{"rendered":"Romina Power: \u201cYlenia? Sento\u00a0che \u00e8 ancora\u00a0viva, la speranza di una madre non muore mai. Vi racconto l\u2019adozione di 4 bambini in India\u201d"},"content":{"rendered":"<p>Ferrara, 14\u00a0luglio 2026 &#8211;\u00a0E\u2019 stato un grande abbraccio quello che la<strong> Darsena di Ferrara<\/strong> ha dato a <a rel=\"follow nofollow noopener\" href=\"https:\/\/www.ilrestodelcarlino.it\/ferrara\/cronaca\/abbecedario-della-mia-vita-romina-11af6313\" target=\"_blank\"><strong>Romina Power<\/strong><\/a>, sabato, in citt\u00e0 tra i suoi quadri e la presentazione del suo ultimo libro, raccontandosi.  <strong>Era gi\u00e0 stata in citt\u00e0?<\/strong><\/p>\n<p>&#8220;Si, non ero riuscita a visitare musei ma ricordo per\u00f2 un ottimo ristorante\u201d.<\/p>\n<p><strong>Dalla grande fama, tra cinema e musica, ha per\u00f2 poi scelto una vita pi\u00f9 riservata. Cosa l&#8217;ha portata a questo cambiamento?<\/strong><\/p>\n<p>\u201cIl bisogno di tranquillit\u00e0. Ho trovato un luogo dove regnano il silenzio e la pace. Stando bene l\u00ec, trovo anche l&#8217;ispirazione per scrivere e dipingere. Di quel periodo precedente non mi manca niente. Apprezzo la tranquillit\u00e0 che ho trovato adesso\u201d.<\/p>\n<p> <img alt=\"Romina Power durante la presentazione del suo libro alla Darsena di Ferrara\" loading=\"lazy\" width=\"1200\" height=\"1600\" decoding=\"async\" data-nimg=\"1\" style=\"color:transparent;max-width:100%;height:auto\"   src=\"https:\/\/www.europesays.com\/it\/wp-content\/uploads\/2026\/07\/romina-power-durante-la-presentazione-del-suo-libro-alla-darsena-di-ferrara.webp\"\/><\/p>\n<p>Romina Power durante la presentazione del suo libro alla Darsena di Ferrara<\/p>\n<p> <strong>In quale forma d&#8217;arte si sente pi\u00f9 libera?<\/strong><\/p>\n<p>\u201cNella scrittura e nella pittura. Perch\u00e9 non ci sono costrizioni n\u00e9 l&#8217;intervento di altre persone: sono attivit\u00e0 che si possono fare completamente da soli\u201d.<\/p>\n<p>Approfondisci:<\/p>\n<p><a href=\"https:\/\/www.ilrestodelcarlino.it\/marche\/cultura\/benedetta-rossi-commossa-adozione-bimbe-lxumq7uy\" class=\"ArticleEmbed_article__embed__content__Jzqnz\" rel=\"nofollow noopener\" target=\"_blank\">Benedetta Rossi commossa per l\u2019adozione delle sorelline: \u201cOcchi lucidi per tutto l\u2019affetto, un\u2019ondata di grande amore\u201d<img alt=\"Benedetta Rossi commossa per l\u2019adozione delle sorelline: \u201cOcchi lucidi per tutto l\u2019affetto, un\u2019ondata di grande amore\u201d\" loading=\"lazy\" width=\"140\" height=\"78\" decoding=\"async\" data-nimg=\"1\" style=\"color:transparent\"  src=\"https:\/\/www.europesays.com\/it\/wp-content\/uploads\/2026\/07\/benedetta-rossi-e-il-marito-marco-gentili-durante-un-viaggio-in-messico-foto-instagram.webp\"\/><\/a> <\/p>\n<p> <strong>Come nasce l&#8217;ispirazione per i suoi quadri?<\/strong><\/p>\n<p>\u201cNon dipingo con l&#8217;intenzione di lanciare messaggi. Dipingo perch\u00e9 amo farlo. Vedo uno scorcio, qualcosa che desidero fissare sulla tela. Mi piacciono le tele di grandi dimensioni perch\u00e9 sono come grandi finestre che aprono la stanza e permettono di guardare verso l&#8217;infinito\u201d.<\/p>\n<p> <strong>E il suo rapporto con lo scrivere?<\/strong><\/p>\n<p>\u201cRisale fin dai tempi del collegio in Inghilterra, dove ci incoraggiavano a scrivere brevi racconti e poesie. A volte, durante gli spettacoli, tra una canzone pop e l&#8217;altra, ne recito qualcuna. Anche questo mi d\u00e0 un grande senso di libert\u00e0, perch\u00e9 scrivo quando arriva l&#8217;ispirazione\u201d.<\/p>\n<p> <img alt=\"Ylenia Carrisi, primogenita di Al Bano e Romina Power, spar\u00ec il 6 gennaio 1994 a New Orleans. Nella foto con i genitori Al Bano, Romina Power e il fratello Yari\" loading=\"lazy\" width=\"2300\" height=\"1467\" decoding=\"async\" data-nimg=\"1\" style=\"color:transparent;max-width:100%;height:auto\"   src=\"https:\/\/www.europesays.com\/it\/wp-content\/uploads\/2026\/07\/ylenia-carrisi-primogenita-di-al-bano-e-romina-power-spari-il-6-gennaio-1994-a-new-orleans-nella-fot.webp\"\/><\/p>\n<p>Ylenia Carrisi, primogenita di Al Bano e Romina Power, spar\u00ec il 6 gennaio 1994 a New Orleans. Nella foto con i genitori Al Bano, Romina Power e il fratello Yari<\/p>\n<p> <strong>Ed \u00e8 l\u00ec\u00a0che emerge Romina?<\/strong><\/p>\n<p>\u201cS\u00ec, probabilmente una parte meno conosciuta. Sono anche una persona piuttosto schiva, pur amando stare in mezzo alla gente, e forse non ho fatto molto per farmi conoscere davvero fino in fondo. Quando ho deciso di scrivere \u2018Pensieri profondamente semplici\u2019, mi sono resa conto di essere arrivata ai tre quarti della vita e ho pensato che, se non avessi condiviso i miei pensieri adesso, sarebbe potuto essere troppo tardi\u201d.<\/p>\n<p>Approfondisci:<\/p>\n<p><a href=\"https:\/\/www.ilrestodelcarlino.it\/bologna\/cultura\/libri-estate-consigli-972955e0\" class=\"ArticleEmbed_article__embed__content__Jzqnz\" rel=\"nofollow noopener\" target=\"_blank\">I 10 libri da leggere assolutamente quest\u2019estate secondo la libreria pi\u00f9 antica di Bologna<img alt=\"I 10 libri da leggere assolutamente quest\u2019estate secondo la libreria pi\u00f9 antica di Bologna\" loading=\"lazy\" width=\"140\" height=\"78\" decoding=\"async\" data-nimg=\"1\" style=\"color:transparent\"  src=\"https:\/\/www.europesays.com\/it\/wp-content\/uploads\/2026\/07\/la-storica-libreria-nanni-in-via-de-musei-8-a-bologna-in-uno-dei-luoghi-piu-suggestivi-del-centro-st.webp\"\/><\/a> <\/p>\n<p> <strong>Come il libro che ha presentato a Ferrara?<\/strong><\/p>\n<p>\u201cL\u00ec ho raccolto i miei pensieri su vari argomenti seguendo un abbecedario, che \u00e8 anche il sottotitolo del libro: \u2018L&#8217;abbecedario della mia vita\u2019. Invece di scrivere una biografia cronologica, ho preferito raccontarmi attraverso parole e riflessioni. Racchiude anche racconti legati alla mia vita. Ho parlato dell&#8217;adozione dei quattro bambini in India, dei miei animali e di altri momenti. Con questo libro il lettore pu\u00f2 conoscere anche la mia parte pi\u00f9 intima\u201d.\u00a0<\/p>\n<p> <img alt=\"Al Bano, Romina e Ylenia bambina\" loading=\"lazy\" width=\"1440\" height=\"1403\" decoding=\"async\" data-nimg=\"1\" style=\"color:transparent;max-width:100%;height:auto\"   src=\"https:\/\/www.europesays.com\/it\/wp-content\/uploads\/2026\/07\/al-bano-romina-e-ylenia-bambina.webp\"\/><\/p>\n<p>Al Bano, Romina e Ylenia bambina<\/p>\n<p>Mi ha fatto molta emozione quando Tiziano Ferro mi raccont\u00f2 che faceva ascoltare il Ballo del Qua Qua ai suoi bambini<\/p>\n<p><strong>Cosa prova quando incontra le persone durante le presentazioni dei suoi libri come questa a Ferrara?<\/strong><\/p>\n<p>\u201cMi piace moltissimo questo contatto diretto. Sul palco c&#8217;\u00e8 il pubblico che ti segue e ti applaude, ma la vera vicinanza \u00e8 diversa: pochi riescono ad arrivare fino al camerino. In queste occasioni, invece, durante gli incontri e i firmacopie, sento davvero l&#8217;affetto delle persone. \u00c8 qualcosa di palpabile. Mi piace guardarle negli occhi, abbracciarle, conoscere chi magari mi segue da tantissimi anni ma non aveva mai avuto occasione di avvicinarsi. Percepisco un affetto sincero. \u00c8 come se facessimo davvero parte della stessa famiglia\u201d.<\/p>\n<p>Approfondisci:<\/p>\n<p><a href=\"https:\/\/www.ilrestodelcarlino.it\/imola\/cronaca\/la-strana-estate-spiagge-vuote-265be6c8\" class=\"ArticleEmbed_article__embed__content__Jzqnz\" rel=\"nofollow noopener\" target=\"_blank\">La strana estate: spiagge vuote, hotel pieni. \u201cNiente lettino e ombrellone, turisti tra piscina e tour nell\u2019entroterra\u201d<img alt=\"La strana estate: spiagge vuote, hotel pieni. \u201cNiente lettino e ombrellone, turisti tra piscina e tour nell\u2019entroterra\u201d\" loading=\"lazy\" width=\"140\" height=\"78\" decoding=\"async\" data-nimg=\"1\" style=\"color:transparent\"  src=\"https:\/\/www.europesays.com\/it\/wp-content\/uploads\/2026\/07\/la-costa-dell-emilia-romagna-con-riccione-rimini-e-cattolica.webp\"\/><\/a><br \/>\n <img alt=\"Un momento della presentazione del libro di Romina Power alla Darsena di Ferrara (foto Businesspress)\" loading=\"lazy\" width=\"2480\" height=\"1654\" decoding=\"async\" data-nimg=\"1\" style=\"color:transparent;max-width:100%;height:auto\"   src=\"https:\/\/www.europesays.com\/it\/wp-content\/uploads\/2026\/07\/un-momento-della-presentazione-del-libro-di-romina-power-alla-darsena-di-ferrara-foto-businesspress..webp\"\/><\/p>\n<p>Un momento della presentazione del libro di Romina Power alla Darsena di Ferrara (foto Businesspress)<\/p>\n<p><strong>Parlando di musica, a quale sua canzone \u00e8 pi\u00f9 legata?<\/strong><\/p>\n<p>\u201cQuelle meno conosciute, quelle che non passano quasi mai in radio. Soprattutto quelle degli anni 70, quando ero molto ispirata musicalmente\u201d.<\/p>\n<p> <strong>Di quegli anni, un grande successo fu \u2018Acqua di mare\u2019\u2026<\/strong><\/p>\n<p>\u201cVeniva suonata in tutti i jukebox d&#8217;Italia e infatti quell&#8217;anno vinsi il Festivalbar Giovani. Per\u00f2 non me lo sono goduto, perch\u00e9 trascorsi tutta l&#8217;estate a letto con un&#8217;epatite virale. \u00c8 stato il mio primo grande successo, ma purtroppo non ho potuto viverlo. \u00c8 una canzone che mi d\u00e0\u00a0sempre una bella emozione. Appena parte quell&#8217;introduzione di chitarra elettrica ti cattura subito. Ogni tanto rivedo anche il video: mi fecero camminare sugli scogli, di notte, con le onde che si infrangevano fortissimo. \u00c8 stato davvero rischioso e ogni volta che rivedo quelle immagini mi vengono i brividi\u201d.<\/p>\n<p>Approfondisci:<\/p>\n<p><a href=\"https:\/\/www.ilrestodelcarlino.it\/ferrara\/cronaca\/abbecedario-della-mia-vita-romina-11af6313\" class=\"ArticleEmbed_article__embed__content__Jzqnz\" rel=\"nofollow noopener\" target=\"_blank\">Romina Power, i pensieri \u2018profondamente semplici\u2019 di un\u2019icona della musica: \u201cIl mio inno alla libert\u00e0\u201d<img alt=\"Romina Power, i pensieri \u2018profondamente semplici\u2019 di un\u2019icona della musica: \u201cIl mio inno alla libert\u00e0\u201d\" loading=\"lazy\" width=\"140\" height=\"78\" decoding=\"async\" data-nimg=\"1\" style=\"color:transparent\"  src=\"https:\/\/www.europesays.com\/it\/wp-content\/uploads\/2026\/07\/1784031445_423_abbecedario-della-mia-vita-romina-alla-darsena-un-fiume-di-applausi.webp\"\/><\/a> <\/p>\n<p> <strong>E\u2019 dell\u201982 invece, il Ballo del Qua Qua. che effetto le fa sentir cantare ancora oggi questa canzone divenuta storica?<\/strong><\/p>\n<p>\u201cMi ha fatto molta emozione quando Tiziano Ferro mi raccont\u00f2 che faceva ascoltare il Qua Qua ai suoi bambini. Pensare che quella canzone continui a vivere attraverso le nuove generazioni \u00e8 davvero bellissimo\u201d.<\/p>\n<p> <img alt=\"Romina Power e la figlia Ylenia Carrisi\" loading=\"lazy\" width=\"1600\" height=\"900\" decoding=\"async\" data-nimg=\"1\" style=\"color:transparent;max-width:100%;height:auto\"   src=\"https:\/\/www.europesays.com\/it\/wp-content\/uploads\/2026\/07\/romina-power-e-la-figlia-ylenia-carrisi.webp\"\/><\/p>\n<p>Romina Power e la figlia Ylenia Carrisi<\/p>\n<p> <strong>Quanto invece l&#8217;ha aiutata la spiritualit\u00e0, soprattutto nei momenti pi\u00f9 difficili?<\/strong><\/p>\n<p>\u201cTantissimo. Quando mi trasferii negli Stati Uniti per assistere mia madre negli ultimi anni della sua vita, a Palm Springs, scoprii per caso un centro buddista. Fu l\u00ec che iniziai a meditare e a seguire gli insegnamenti del buddismo. Anche la comunit\u00e0, il Sangha, fu un sostegno importantissimo in quel periodo cos\u00ec difficile\u201d.<\/p>\n<p>Approfondisci:<\/p>\n<p><a href=\"https:\/\/www.ilrestodelcarlino.it\/rimini\/cronaca\/al-bano-qui-cantavo-per-01c914e4\" class=\"ArticleEmbed_article__embed__content__Jzqnz\" rel=\"nofollow noopener\" target=\"_blank\">Al Bano: \u201cQui cantavo per 10mila lire a sera. Pap\u00e0 mi voleva contadino, mia madre insegnante: vivevamo in due stanze con cortile e stalla\u201d<img alt=\"Al Bano: \u201cQui cantavo per 10mila lire a sera. Pap\u00e0 mi voleva contadino, mia madre insegnante: vivevamo in due stanze con cortile e stalla\u201d\" loading=\"lazy\" width=\"140\" height=\"78\" decoding=\"async\" data-nimg=\"1\" style=\"color:transparent\"  src=\"https:\/\/www.europesays.com\/it\/wp-content\/uploads\/2026\/07\/1784031446_417_al-bano-qui-cantavo-per-10mila-lire-a-sera.webp\"\/><\/a> <\/p>\n<p> <strong>Dolori come quello per Ylenia, con il tempo che passa: dove trova la forza?<\/strong><\/p>\n<p>\u201cIl tempo, a volte, non \u00e8 importante. La speranza di una madre non muore mai, non importa quanto ne passi. E pratico la meditazione. Sento che lei sia ancora viva. Si dice che il cordone ombelicale tra una madre e un figlio non venga mai reciso del tutto&#8230;\u201d.<\/p>\n","protected":false},"excerpt":{"rendered":"Ferrara, 14\u00a0luglio 2026 &#8211;\u00a0E\u2019 stato un grande abbraccio quello che la Darsena di Ferrara ha dato a Romina&hellip;\n","protected":false},"author":3,"featured_media":584267,"comment_status":"","ping_status":"","sticky":false,"template":"","format":"standard","meta":{"footnotes":"","_share_on_mastodon":"0"},"categories":[1451],"tags":[5072,788,1621,1620,203,8320,204,1537,90,89,4045,13293,2693,12343,90562,27675,14057,22311,135134],"class_list":["post-584266","post","type-post","status-publish","format-standard","has-post-thumbnail","category-celebrita","tag-adozione","tag-bambini","tag-celebrita","tag-celebrities","tag-entertainment","tag-india","tag-intrattenimento","tag-it","tag-italia","tag-italy","tag-madre","tag-muore","tag-power","tag-racconto","tag-romina","tag-sento","tag-speranza","tag-viva","tag-ylenia"],"share_on_mastodon":{"url":"https:\/\/pubeurope.com\/@it\/116918292684593242","error":""},"_links":{"self":[{"href":"https:\/\/www.europesays.com\/it\/wp-json\/wp\/v2\/posts\/584266","targetHints":{"allow":["GET"]}}],"collection":[{"href":"https:\/\/www.europesays.com\/it\/wp-json\/wp\/v2\/posts"}],"about":[{"href":"https:\/\/www.europesays.com\/it\/wp-json\/wp\/v2\/types\/post"}],"author":[{"embeddable":true,"href":"https:\/\/www.europesays.com\/it\/wp-json\/wp\/v2\/users\/3"}],"replies":[{"embeddable":true,"href":"https:\/\/www.europesays.com\/it\/wp-json\/wp\/v2\/comments?post=584266"}],"version-history":[{"count":0,"href":"https:\/\/www.europesays.com\/it\/wp-json\/wp\/v2\/posts\/584266\/revisions"}],"wp:featuredmedia":[{"embeddable":true,"href":"https:\/\/www.europesays.com\/it\/wp-json\/wp\/v2\/media\/584267"}],"wp:attachment":[{"href":"https:\/\/www.europesays.com\/it\/wp-json\/wp\/v2\/media?parent=584266"}],"wp:term":[{"taxonomy":"category","embeddable":true,"href":"https:\/\/www.europesays.com\/it\/wp-json\/wp\/v2\/categories?post=584266"},{"taxonomy":"post_tag","embeddable":true,"href":"https:\/\/www.europesays.com\/it\/wp-json\/wp\/v2\/tags?post=584266"}],"curies":[{"name":"wp","href":"https:\/\/api.w.org\/{rel}","templated":true}]}}