{"id":584284,"date":"2026-07-14T12:29:18","date_gmt":"2026-07-14T12:29:18","guid":{"rendered":"https:\/\/www.europesays.com\/it\/584284\/"},"modified":"2026-07-14T12:29:18","modified_gmt":"2026-07-14T12:29:18","slug":"ddl-sicurezza-oggi-in-cdm-verso-una-nuova-stretta-anti-maranza-cosa-sappiamo","status":"publish","type":"post","link":"https:\/\/www.europesays.com\/it\/584284\/","title":{"rendered":"Ddl sicurezza oggi in Cdm, verso una nuova stretta \u201canti-maranza\u201d: cosa sappiamo"},"content":{"rendered":"<p>Il governo guidato da Giorgia Meloni sembra essere pronto a un nuovo intervento sulla sicurezza: oggi pomeriggio, alle 17.30, \u00e8 stata convocata la riunione del Consiglio dei ministri e sul tavolo c&#8217;\u00e8 anche un ddl sul tema. &#8220;Oggi probabilmente discuteremo &#8211; dobbiamo affinarlo in queste ore &#8211; un provvedimento che gi\u00e0 aveva avuto un primo esame in Consiglio dei ministri. \u00c8 un disegno di legge, ci sono anche altre norme. Nel completamento della discussione su questo provvedimento \u00e8 stata rappresentata qualche necessit\u00e0 di fare qualche affinamento, rifinitura. Qualcosa l&#8217;avete anticipata, vediamo. Ci vedremo in queste ore a Palazzo Chigi proprio per la rifinitura dei vari interventi\u201d, ha detto in mattinata il ministro dell&#8217;Interno Matteo Piantedosi.<\/p>\n<p>\t\t \tLe ipotesi<\/p>\n<p>All&#8217;ordine del giorno del Cdm di oggi c&#8217;\u00e8 quindi un nuovo disegno di legge sulla sicurezza con &#8220;disposizioni in materia di sicurezza e per la prevenzione del disagio giovanile, nonch\u00e9 di ordinamento, organizzazione e funzionamento delle Forze di polizia e del ministero dell&#8217;Interno&#8221;, una serie di norme che nella maggioranza vengono definite &#8220;anti-maranza&#8221;.\u00a0Tra le ipotesi allo studio, secondo quanto rivelato ieri dal Messaggero, ci sarebbe un&#8217;ulteriore stretta definita \u201canti-maranza\u201d, con la possibilit\u00e0 di allargare anche alla polizia locale &#8211; in determinate circostanze &#8211; la possibilit\u00e0 di effettuare il fermo preventivo: si tratta della misura &#8211; pensata per prevenire le violenze nei cortei &#8211; che permette alle forze di polizia di trattenere una persona per 12 ore in presenza di un concreto pericolo per l\u2019ordine e la sicurezza.\u00a0<\/p>\n<p>Cosa prevede il decreto sicurezza di aprile<\/p>\n<p>Le prime norme contro le baby gang erano contenute nel decreto sicurezza, approvato dal Consiglio dei ministri il 5 febbraio scorso che ha avuto il via libera finale alla Camera ad aprile. Tra le norme introdotte con quel provvedimento c&#8217;era gi\u00e0 una stretta \u201canti-maranza\u201d: chi porta fuori casa, e senza motivo valido, un coltello di almeno 8 centimetri rischia il carcere da sei mesi a tre anni. Se il fatto avviene su treni e bus, si applica l&#8217;aggravante. Per le lame sotto i 5 cm non serve giustificazione, grazie alla deroga voluta dal centrodestra al Senato. Punita la vendita di coltelli ai minori, con sanzioni da 500 a 3mila euro per i negozianti.<\/p>\n<p>In Cdm anche la presidenza Consob<\/p>\n<p>Le nuove misure sulla sicurezza non sono l\u2019unico argomento al centro del Consiglio dei ministri: il governo infatti sembra essere intenzionato a stringere sulla nomina del nuovo presidente della Consob. &#8220;Questa settimana ci occuperemo di Consob&#8221;, ha spiegato ieri mattina il ministro dell&#8217;Economia, Giancarlo Giorgetti. Il nuovo presidente, secondo alcune fonti, dovrebbe essere Guido Stazi: economista, \u00e8 segretario generale dell&#8217;Antitrust ed \u00e8 stato dal 2013 al 2017 segretario generale della Consob.\u00a0La riunione del Cmd dovrebbe essere presieduta dalla premier Meloni, che in mattinata\u00a0ha partecipato in Qatar alla cerimonia di presentazione delle condoglianze per la scomparsa dell&#8217;ex emiro Sheikh Hamad bin Khalifa Al Thani e poi \u00e8 ripartita per Roma.\u00a0Non compare all&#8217;ordine del giorno, invece, il ddl concorrenza.<\/p>\n<p>\t\t\t<a class=\"c-inline-card j-inline-card c-inline-card--with-image\" href=\"https:\/\/tg24.sky.it\/politica\/video\/2026\/07\/10\/sicurezza-malan-fdi-con-politiche-del-governo-ridotti-gli-sbarchi-e-diminuiti-i-reati-1111019\" rel=\"follow nofollow noopener\" data-intcmp=\"skytg24_articolo_approfondimenti_inline\" target=\"_blank\"><\/p>\n<p>\t\t\t         <img decoding=\"async\" crossorigin=\"anonymous\" alt=\"\" src=\"https:\/\/www.europesays.com\/it\/wp-content\/uploads\/2026\/07\/1111019_1783685956546_thumb_494.0000001_1783695332135.jpg\"  loading=\"lazy\"  bad-src=\"https:\/\/www.europesays.com\/it\/wp-content\/uploads\/2026\/07\/1111019_1783685956546_thumb_494.0000001_1783695332135.jpg\"\/><\/p>\n<p>\n\t\t\t         Vedi anche<br \/>\n\t\t\t         Sicurezza, Malan (Fdi): &#8220;Con politiche del governo ridotti gli sbarchi e diminuiti i reati&#8221;\n\t\t\t      <\/p>\n<p>\t\t\t<\/a><\/p>\n","protected":false},"excerpt":{"rendered":"Il governo guidato da Giorgia Meloni sembra essere pronto a un nuovo intervento sulla sicurezza: oggi pomeriggio, alle&hellip;\n","protected":false},"author":3,"featured_media":528230,"comment_status":"","ping_status":"","sticky":false,"template":"","format":"standard","meta":{"footnotes":"","_share_on_mastodon":"0"},"categories":[79],"tags":[14,93,94,13604,369,5279,1537,90,89,7,15,863,11,84,91,12,85,92],"class_list":["post-584284","post","type-post","status-publish","format-standard","has-post-thumbnail","category-italia","tag-cronaca","tag-cronaca-italiana","tag-cronacaitaliana","tag-decreto-sicurezza","tag-digitall","tag-governo-meloni","tag-it","tag-italia","tag-italy","tag-news","tag-notizie","tag-sicurezza","tag-ultime-notizie","tag-ultime-notizie-e-news-di-oggi","tag-ultime-notizie-italia","tag-ultimenotizie","tag-ultimenotizieenewsdioggi","tag-ultimenotizieitalia"],"share_on_mastodon":{"url":"https:\/\/pubeurope.com\/@it\/116918339203342106","error":""},"_links":{"self":[{"href":"https:\/\/www.europesays.com\/it\/wp-json\/wp\/v2\/posts\/584284","targetHints":{"allow":["GET"]}}],"collection":[{"href":"https:\/\/www.europesays.com\/it\/wp-json\/wp\/v2\/posts"}],"about":[{"href":"https:\/\/www.europesays.com\/it\/wp-json\/wp\/v2\/types\/post"}],"author":[{"embeddable":true,"href":"https:\/\/www.europesays.com\/it\/wp-json\/wp\/v2\/users\/3"}],"replies":[{"embeddable":true,"href":"https:\/\/www.europesays.com\/it\/wp-json\/wp\/v2\/comments?post=584284"}],"version-history":[{"count":0,"href":"https:\/\/www.europesays.com\/it\/wp-json\/wp\/v2\/posts\/584284\/revisions"}],"wp:featuredmedia":[{"embeddable":true,"href":"https:\/\/www.europesays.com\/it\/wp-json\/wp\/v2\/media\/528230"}],"wp:attachment":[{"href":"https:\/\/www.europesays.com\/it\/wp-json\/wp\/v2\/media?parent=584284"}],"wp:term":[{"taxonomy":"category","embeddable":true,"href":"https:\/\/www.europesays.com\/it\/wp-json\/wp\/v2\/categories?post=584284"},{"taxonomy":"post_tag","embeddable":true,"href":"https:\/\/www.europesays.com\/it\/wp-json\/wp\/v2\/tags?post=584284"}],"curies":[{"name":"wp","href":"https:\/\/api.w.org\/{rel}","templated":true}]}}