{"id":584481,"date":"2026-07-14T15:21:13","date_gmt":"2026-07-14T15:21:13","guid":{"rendered":"https:\/\/www.europesays.com\/it\/584481\/"},"modified":"2026-07-14T15:21:13","modified_gmt":"2026-07-14T15:21:13","slug":"live-tour-de-france-2026-tappa-di-oggi-in-diretta-altro-assolo-inesorabile-di-pogacar-giornata-difficile-per-vingegaard-e-del-toro","status":"publish","type":"post","link":"https:\/\/www.europesays.com\/it\/584481\/","title":{"rendered":"LIVE Tour de France 2026, tappa di oggi in DIRETTA: altro assolo inesorabile di Pogacar. Giornata difficile per Vingegaard e Del Toro"},"content":{"rendered":"<p><a href=\"https:\/\/www.oasport.it\/2026\/07\/live-tour-de-france-2026-tappa-di-oggi-in-diretta-salite-a-volonta-sul-massiccio-centrale-si-muove-pogacar\/\" rel=\"nofollow noopener\" target=\"_blank\"><strong>CLICCA QUI PER AGGIORNARE LA DIRETTA LIVE<\/strong><\/a><\/p>\n<p><a href=\"https:\/\/www.oasport.it\/2026\/07\/classifica-tour-de-france-2026-nona-tappa-pogacar-in-maglia-gialla-prima-del-riposo-vantaggi-astronomici\/\" target=\"_blank\" rel=\"noopener nofollow\"><strong>LA CLASSIFICA GENERALE DEL TOUR DE FRANCE 2026<\/strong><\/a><\/p>\n<p>17.19 Bene anche Lipowitz, arrivato insieme al classe 2006 della Decathlon. Pagano 38\u2033 i due Lidl-Trek: Ayuso e Skjelmose.<\/p>\n<p>17.17 Grandissimo finale di Evenepoel che ha chiuso al secondo posto, a 32\u2033 da Pogacar, terzo Seixas a 34\u2033. Finale difficile per Vingegaard, che al traguardo paga 44\u2033 dallo sloveno.<\/p>\n<p><strong>17.16<\/strong> <strong>Tadej Pogacar trionfa sul traguardo di Le Lorian! Per il fuoriclasse sloveno sono tre vittorie in questa edizione della Grande Boucle.<\/strong><\/p>\n<p>17.15 Ultimo chilometro!<\/p>\n<p>17.14 Evenepoel sta tenendo duro e prova a rientrare sul gruppetto di Vingegaard. Anche Del Toro sembra aver superato il momento di crisi precedente.<\/p>\n<p>17.13 Lo sloveno transita ora sul Col de Font de C\u00e8re: mancano 2,7 km al traguardo.<\/p>\n<p>17.12 Continua a guadagnare Pogacar: 36\u2033 di margine sugli inseguitori.<\/p>\n<p>17.11 In casa Red Bull cambiano le gerarchie: l\u2019uomo per la classifica generale sar\u00e0 Florian Lipowitz.<\/p>\n<p>17.09 Evenepoel si \u00e8 staccato dal gruppetto inseguitori, che ora pagano 29\u2033 da Pogacar.<\/p>\n<p>17.07 Iniziato l\u2019ultimo GPM di giornata: il Col de Font de C\u00e8re (3.1 km al 5.8%, terza categoria).<\/p>\n<p>17.06 Lipowitz allunga sugli altri inseguitori, in difficolt\u00e0 Evenepoel.<\/p>\n<p>17.05 Sale progressivamente il vantaggio della maglia gialla: 22\u2033 il gap tra Pogacar e il gruppetto inseguitori.<\/p>\n<p>17.04 Mancano 7 km al traguardo.<\/p>\n<p>17.03 Finita la benzina per Carapaz, che si stacca del gruppetto di Vingegaard: il ritardo di questo drappello da Pogacar \u00e8 di 17\u2033.<\/p>\n<p>17.01 Inizia a guadagnare anche in discesa Pogacar, ora il ritardo di Carapaz \u00e8 intorno ai 15\u2033: l\u2019ecuadoregno sta per essere raggiunto dal gruppetto di Vingegaard.<\/p>\n<p>17.00 Carapaz non molla: l\u2019ecuadoregno dell\u2019EF \u00e8 ad appena 6\u2033 dallo sloveno. Il gruppetto di Vingegaard paga 16\u2033 dallo sloveno. A 28\u2033 Martinez, Del Toro e Pidcock.<\/p>\n<p>16.57 In difficolt\u00e0 Isaac Del Toro, che si \u00e8 staccato dal gruppetto dove ci sono Jonas Vingegaard, Juan Ayuso, Mattias Skjelmose, Remco Evenepoel, Florian Lipowitz, Paul Seixas.<\/p>\n<p>16.56 Pogacar salta Carapaz! Lo sloveno transiter\u00e0 per primo sul GPM del Col de Pertus.<\/p>\n<p>16.55 La maglia gialla si sta gi\u00e0 riportando su Carapaz, appena 12\u2033 il margine dall\u2019ecuadoregno. Vingeggard paga gi\u00e0 20\u2033.<\/p>\n<p>16.54 A meno di 1 km dal GPM \u00e8 scattato lo sloveno, nessuno lo segue.<\/p>\n<p>16.53 Parte Pogacar!<\/p>\n<p>16.52 Pogacar rimane insolitamente guardingo. Forse sta patendo il caldo? Nessuno dei rivali per\u00f2 sembra voler attaccare la maglia gialla per scoprirlo.<\/p>\n<p>16.51 Ora a fare l\u2019andatura c\u2019\u00e8 Davide Piganzoli, dietro il corridore lombardo c\u2019\u00e8 il suo capitano Jonas Vingegaard e Tadej Pogacar.<\/p>\n<p>16.48 Anche Paul Seixas non sembra brillantissimo. Attenzione perch\u00e8 Adam Yates sta aumentando il ritmo, tra poco attaccher\u00e0 Pogacar?<\/p>\n<p>16.46 Perde pezzi il gruppo maglia gialla: si staccano Bernal, Skjelmose, Kuss e Martinez.<\/p>\n<p>16.44 Inizia il penultimo GPM di giornata: il Col de Pertus (4.4 km all\u20198.5%, prima categoria), salita pi\u00f9 dura di questa tappa.<\/p>\n<p>16.43 Aumenta il margine di Carapaz: gruppo maglia gialla a 1\u201905\u201d dall\u2019ecuadoregno.<\/p>\n<p>16.40 Pidcock \u00e8 gi\u00e0 rientrato sul gruppo maglia gialla. Tornano nel plotone anche Adam Yates (UAE Team Emirates-XRG) e Sepp Kuss (Team Visma | Lease a Bike).<\/p>\n<p>16.37 L\u2019ecuadoregno della EF, vincitore del Giro d\u2019Italia 2019, sta guadagnando in discesa sul gruppo maglia gialla: il suo vantaggio \u00e8 di \u201935\u201d.<\/p>\n<p>16.34 Caduta in discesa per Chris Harper e Tom Pidcock (Pinarello Q36.5 Pro Cycling Team).<\/p>\n<p>16.31 Carapaz sta per scollinare, il suo margine sul gruppo \u00e8 di \u201925\u201d. Davanti ci sono gli uomini della Decathlon di Paul Seixas.<\/p>\n<p>16.28 Si \u00e8 praticamente dimezzato il numero di uomini nel gruppo maglia gialla: sono meno di venti, in difficolt\u00e0 Lenny Martinez.<\/p>\n<p>16.25 Il battistrada sta affrontando ora il tratto pi\u00f9 duro di questa salita. Il numero di elementi all\u2019interno del gruppo maglia gialla \u00e8 sempre pi\u00f9 basso.<\/p>\n<p>16.22 L\u2019ecuadoregno ha un vantaggio di \u201930\u201d sul plotone.<\/p>\n<p>16.19 Richard Carapaz (EF Education-EasyPost) allunga sul gruppo maglia gialla.<\/p>\n<p>16.16 Javier Romo \u00e8 stato ripreso dal gruppo magia gialla; nel frattempo \u00e8 iniziata l\u2019ascesa verso il Puy Mary \u2013 Pas de Peyrol (7.8 km al 6%, prima categoria).<\/p>\n<p>16.13 Mancano 39 km al traguardo.<\/p>\n<p>16.10 Il percorso odierno prevede ancora tre GPM.<\/p>\n<p>16.07 Il destino del corridore spagnolo della Movistar sembra segnato: il plotone \u00e8 distante appena \u201934\u201d dal classe \u201999 castigliano.<\/p>\n<p>16.04 Nel gruppo maglia gialla sono rimasti una quarantina di elementi.<\/p>\n<p>16.01 Javier Romo si prende anche la la C\u00f4te de Murat.<\/p>\n<p>15.58 Fa ancora caldissimo sulle strade del Tour: la temperatura media odierna \u00e8 di 31,3\u00b0.<\/p>\n<p>15.55 Tadej Pogacar ha vinto due volte nella giornata del 14 luglio al Tour de France, nel 2021 e nel 2024.<\/p>\n<p>15.52 Romo ha un margine di \u201951\u201d sul plotone.<\/p>\n<p>15.49 Sta per iniziare la C\u00f4te de Murat (5.2 km al 5.3%, terza categoria).<\/p>\n<p>15.46 Mancano 57 km al traguardo.<\/p>\n<p>15.43 Javier Romo passa per primo sul GPM del Col de Prat de Bouc.<\/p>\n<p>15.40 Il gruppo maglia gialla sta rientrando su Alex Baudin, Valentin Paret-Peintre e Ramses Debruyne.<\/p>\n<p>15.37 Javier Romo si sta avviando in solitaria verso la vetta del Col de Prat de Bouc (3,1 km al 6,5%, terza categoria).<\/p>\n<p>15.34 Il margine dei battistrada sul gruppo maglia gialla \u00e8 di \u201955\u201d.<\/p>\n<p>15.31 Paret Peintre, Healy e Debruyne inseguono Romo, ma dietro il gruppo \u00e8 vicino.<\/p>\n<p>15.29 Nel gruppo sono rimasti una cinquantina di corridori, adesso \u00e8 Wellens a dettare l\u2019andatura.<\/p>\n<p>15.28 70 km alla conclusione.<\/p>\n<p>15.25 Termina il lavoro di Pollit, rimangono quattro i compagni di squadra di Pogacar.<\/p>\n<p>15.24 Healy stacca Vervaecke e procva a rientrare su Tejada.<\/p>\n<p>15.23 Riepiloghiamo la situazione in corsa: Javier Romo \u00e8 in testa alla gara con 21\u2033 di vantaggio su Tejada e 33\u2033 su Healy e Paret Peintre. A 40\u2033 c\u2019\u00e8 poi un gruppetto di otto corridori, mentre a 1\u201940\u201d c\u2019\u00e8 il plotone principale.<\/p>\n<p>15.20 Il secondo gruppo inseguitori \u00e8 composto da otto corridori, tra cui O\u2019Connor, Paret Peintre e Baudin.<\/p>\n<p>15.19 Attacco secco di Romo che stacca Tejada, mentre Higuita perde le ruote d Healy e Vervaecke.<\/p>\n<p>15.18 E\u2019 sempre la UAE a dettare un ritmo elevato in gruppo, la fuga ha di vantaggio 1\u201930\u201d.<\/p>\n<p>15.16 E\u2019 iniziata l\u2019ascesa del Col de la Griffoul (5.9 km al 6.7% medio, seconda categoria).<\/p>\n<p>15.14 Ripreso dal gruppo Van der Poel che si \u00e8 staccato dai fuggitivi.<\/p>\n<p>15.11 Rimangono da affrontare 2340 metri di dislivello.<\/p>\n<p>15.08 80 km al traguardo.<\/p>\n<p>15.05 Harold Tejada (XDS Astana) e Javier Romo (Movistar Team) sono in testa alla corsa con 29\u2033 di vantaggio su Ben Healy (EF Education-EasyPost), Sergio Higuita e Louis Vervaecke (Soudal Quick-Step) e 38\u2033 su Alex Baudin (EF Education-EasyPost), Thymen Arensman, Valentin Paret-Peintre (Soudal Quick-Step), Jonas Abrahamsen (Uno-X Mobility), Jefferson Cepeda, Ra\u00fal Garcia Pierna (Movistar Team), Mathieu Van der Poel e Ramses Debruyne (Alpecin Premier-Tech), Romain Gregoire, Cl\u00e9ment Braz Afonso (Groupama \u2013 FDJ United), Ben O\u2019Connor e Luke Plapp (Team Jayco AlUla), Georg Zimmermann (Lotto Intermarch\u00e9), Ion Izaggirre e Benjamin Thomas (Cofidis) , Mikel Xabier Azparren e Fred Wright (Pinarello Q 36.5 Pro Cycling Team), March Hirschi (Tudor Pro Cyvling Team), Jordan Jegat (TotalEnergies) e Joel Nicolau (Caja Rural \u2013 Seguros RGA). Il gruppo \u00e8 a 1\u201945\u201d.<\/p>\n<p>15.02 Nel gruppo inseguitori non c\u2019\u00e8 collaborazione, con Romo e Tejada che continauno a guadagnare terreno.<\/p>\n<p>14.59 Il pi\u00f9 vincente dei corridori in fuga \u00e8 Mathieu Van der Poel, con 61 successi<\/p>\n<p>14.56 90 km al traguardo.<\/p>\n<p>14.54 Romo e Tejada hanno 43\u2033 di vantaggio sui compagni di fuga e 1\u201922\u201d sul gruppo principale. Per come sta andando la corsa, saranno probabilmente i big a sfidarsi per la vittoria di tappa.<\/p>\n<p>14.51 Foratura per Vauquelin.<\/p>\n<p>14.50 Si sono avvantaggiati nel gruppo davanti Tejada e Romo, che hanno 30\u2033 sui compagni di fuga.<\/p>\n<p>14.48 Jordan Jegat \u00e8 il corridore pi\u00f9 vicino alla maglia gialla tra i fuggitivi, con un distacco di 10\u201956\u201d da Pogacar.<\/p>\n<p>14.45 Termina il GPM con Paret Peintre che lo vince davanti al suo compagno di squadra Vervaecke, adesso 25 km vallonati prima del prossimo GPM.<\/p>\n<p>14.42 Guernalec perde le ruote dal gruppo di testa, che ha 1\u2032 di vantaggio sul plotone.<\/p>\n<p>14.40 100 km alla conclusione!<\/p>\n<p>14.38 Inizia il primo GPM di giornata, la C\u00f4te de Pailherols (3 km al 7.2% medio, terza categoria).<\/p>\n<p>14.35 Merlier \u00e8 a 7\u2032 dalla testa della corsa, ma tra poco potrebbe rientrare sul gruppo dei velocisti.<\/p>\n<p>14.32 Caduta in gruppo, a terra anche Lennert Van Eetvelt.<\/p>\n<p>14.30 Alex Baudin e Ben Healy (EF Education-EasyPost), Sergio Higuita, Simone Velasco e Harold Tejada (XDS Astana), Thymen Arensman e K\u00e9vin Vauquelin (Netcompany INEOS), Valentin Paret-Peintre e Louis Vervaecke (Soudal Quick-Step), Jonas Abrahamsen (Uno-X Mobility), Javier Romo, Jefferson Cepeda, Ra\u00fal Garcia Pierna (Movistar Team), Mathieu Van der Poel e Ramses Debruyne (Alpecin Premier-Tech), Romain Gregoire, Cl\u00e9ment Braz Afonso e Guillaume Martin(Groupama \u2013 FDJ United), Ben O\u2019Connor e Luke Plapp (Team Jayco AlUla), Marco Frigo (NSN Cycling Team), Georg Zimmermann, Ion Izaggirre e Benjamin Thomas (Lotto Intermarch\u00e9), Mikel Xabier Azparren e Fred Wright (Pinarello Q 36.5 Pro Cycling Team), Marco Haller e March Hirschi (Tudor Pro Cyvling Team), Jordan Jegat e Thibault Guernalec (TotalEnergies) e Joel Nicolau (Caja Rural \u2013 Seguros RGA) sono i 31 corridori al comando della corsa.<\/p>\n<p>14.27 E\u2019 rientrato davanti Simone Velasco, con lui anche Ben Healy.<\/p>\n<p>14.24 Anche Simone Velasco ha perso le ruote del gruppo di testa.<\/p>\n<p>14.21 La UAE si \u00e8 portata immediatamente in testa al gruppo per controllare il vantaggio degli attaccanti, l\u2019obiettivo di Pogacar per oggi sembra abbastanza chiaro\u2026<\/p>\n<p>14.20 Perde le ruote del gruppo di testa Ganna, mentre si sono riportati dentro Gregoire e Van der Poel.<\/p>\n<p>14.18 Altri corridori si sono riportati davanti, ci sono una ventina di atleti in testa alla corsa.<\/p>\n<p>14.15 Si \u00e8 avvantaggiato un gruppetto in cui sono presenti anche Ganna e Velasco, questa potrebbe essere la fuga giusta.<\/p>\n<p>14.12 Il gruppo Merlier ha 4\u2032 di svantaggio dal plotone, le energie spese dal belga potrebbero risultare decisive nelle prossime frazioni due frazioni in cui probabilmente arriver\u00e0 la volata.<\/p>\n<p>14.09 Temperatura in corsa di 32\u00b0C.<\/p>\n<p>14.06 Continuano gli scatti nel plotone, ma nessuno riesce a portare via la fuga giusta.<\/p>\n<p>14.03 Mancano 30 km al primo GPM di giornata.<\/p>\n<p>14.00 130 km al traguardo.<\/p>\n<p>13.57 Gruppo che torna compatto, ma continuano gli scatti.<\/p>\n<p>13.54 Attacco di tre corridori della INEOS, seguiti da una decina di corridori.<\/p>\n<p>13.53 Merlier ha quasi 2\u2032 di svantaggio dal gruppo, per il belga si prospetta una giornata durissima.<\/p>\n<p>13.52 Contrattacco di Van der Poel che sfrutta il rallentamento del gruppo dopo il traguardo intermedio, lo seguono Matthews e Tejada.<\/p>\n<p>13.50 Grande volata al fotofinsh tra Kanter e Pedersen, con il danese che dovrebbe esser passato davanti prendendosi 25 punti e aumentando il suo vantaggio nella classifica a punti.<\/p>\n<p>13.47 Tutto il treno della Lidl Trek per Pedersen, tra gli altri velocisti ci sono Kanter, Philipsen e Girmay. 2 km allo sprint intermedio.<\/p>\n<p>13.46 Merlier ha due compagni di squadra che lo supporta, ma ha 50\u2033 di ritardo dal plotone. Il belga deve sperare che dopo lo sprint intermedio il gruppo rifiati, se no dovr\u00e0 iniziare a fare i conti per non finire oltre il tempo massimo.<\/p>\n<p>13.43 Si ricompattano i due tronconi, ma vari velocisti tra cui Merlier hanno gi\u00e0 perso le ruote.<\/p>\n<p>13.40 La Lidl Trek ha provocato una rottura del gruppo, con le strade tortuose e con continui saliscendi che hanno favorito questa situazione. Nel gruppo principale sono rimasti una cinquantina di corridori, con Pogacar che sta provando a rientrare davanti in autonomia.<\/p>\n<p>13.39 150 km al traguardo.<\/p>\n<p>13.37 Lidl Trek in testa per favorire la volata allo sprint intermedio di Pedersen, gruppo allungatissimo che sta affrontando un duro strappo.<\/p>\n<p>13.36 Oggi \u00e8 la festa nazionale francese e come ogni anno i corridori transalpini vorranno regalare grandi emozioni ai tifosi. Paul Seixas prover\u00e0 ad attaccare quest\u2019oggi o vorr\u00e0 tenere energie per i prossimi giorni?<\/p>\n<p>13.34 Gruppo che torna compatto, 12 km al traguardo volante.<\/p>\n<p>13.31 O\u2019Connor ha 13\u2033 di vantaggio sul gruppo, che procede in modo molto discontinuo.<\/p>\n<p>13.29 E\u2019 rietrato in gruppo Pedersen.<\/p>\n<p>13.28 Molto attivo Ben O\u2019Connor, che ora ha preso vantaggio in solitaria.<\/p>\n<p>13.25 Foratura per Pedersen, per il danese non sar\u00e0 semplice rientrare con questo alto ritmo in gruppo.<\/p>\n<p>13.22 Strada gi\u00e0 a salire in questo primo tratto, gruppo allungato.<\/p>\n<p>13.21 Vedremo se le squadre dei velocisti vorranno tenere la corsa chiusa nella prima fase, considerando che allo sprint intermedio mancano 23 km.<\/p>\n<p>13.20 Iniziano subito gli scatti, in tanti vogliono centrare la fuga in questa giornata.<\/p>\n<p>13.19 Inizia ufficialmente la decima tappa del Tour de France 2026.<\/p>\n<p>13.17 Foratura per Bernal, ritardata la partenza.<\/p>\n<p>13.16 Vedremo invece quali saranno le possibilt\u00e0 per la fuga e chi prover\u00e0 ad attaccare fin dai primi km.<\/p>\n<p>13.15 Tadej Pogacar \u00e8 il grande favorito per la vittoria. Lo sloveno ha dimostrato a tutti di essere semplicemente il pi\u00f9 forte e se oggi volesse calare il tris nessuno potrebbe impedirglielo. Tra gli altri big, ci sar\u00e0 battaglia con Vingegaard che sembra avere gambe migliori dei rivali.<\/p>\n<p>13.12 I corridori stanno affrontando il tratto di trasferimento, che li porter\u00e0 alla partenza ufficiale.<\/p>\n<p>13.10 Il percorso misura 166.6 km, con partenza da Aurillac e arrivo a Le Lorian. I primi km non saranno complicati, con solo lo sprint intermedio di Lacapelle-del-Fraisse che potrebbe far gola alle ruote veloci. Al km 65 inizier\u00e0 la prima ascesa di giornata: C\u00f4te de Pailherols (3 km al 7.2% medio, terza categoria). Una ventina di km per rifiatare e poi si torner\u00e0 a salire, con il Col de la Griffoul (5.9 km al 6.7% medio, seconda categoria) e il Col de Prat de Bouc (3.1 km al 6.5% medio, terza categoria) affrontati in successione. Ci saranno poi la C\u00f4te de Murat (5.2 km al 5.3% medio, terza categoria) e il Puy Mary \u2013 Pas de Peyrol (7.8 km al 6% medio, prima categoria), dalla cima di quest\u2019ultimo mancheranno ancora 31 km per andare all\u2019arrivo. La corsa dovr\u00e0 ancora scalare il duro Col de Pertus (4.4 km all\u20198.5% medio, prima categoria) e il Col de Font de C\u00e8re (3.1 km al 5.8% medio), con lo scollinamento a 2700 metri dal traguardo. Prima una discesa immetter\u00e0 i corridori nell\u2019ultimo km, poi gli ultimi 500 metri torneranno all\u2019ins\u00f9, con una pendenza media del 7.4%.<\/p>\n<p>13.07 Buongiorno amici di OA Sport e benvenuti alla DIRETTA LIVE testuale della decima tappa del Tour de France 2026.<\/p>\n<p>Buongiorno amici di <strong>OA Sport<\/strong> e benvenuti alla <strong>DIRETTA LIVE<\/strong> testuale della <strong>decima tappa<\/strong> del <strong>Tour de France 2026<\/strong>, siamo arrivati a met\u00e0 della Grand Boucle e oggi si riparte dopo il primo giorno di riposo.<\/p>\n<p>Il percorso misura <strong>166.6 km<\/strong>, con partenza da <strong>Aurillac<\/strong> e arrivo a <strong>Le Lorian<\/strong>. I primi km non saranno complicati, con solo lo sprint intermedio di Lacapelle-del-Fraisse che potrebbe far gola alle ruote veloci. Al km 65 inizier\u00e0 la prima ascesa di giornata:<strong> C\u00f4te de Pailherols (3 km al 7.2% medio, terza categoria)<\/strong>. Una ventina di km per rifiatare e poi si torner\u00e0 a salire, con il <strong>Col de la Griffoul (5.9 km al 6.7% medio, seconda categoria)<\/strong> e il<strong> Col de Prat de Bouc (3.1 km al 6.5% medio, terza categoria)<\/strong> affrontati in successione. Ci saranno poi la <strong>C\u00f4te de Murat (5.2 km al 5.3% medio, terza categoria)<\/strong> e il <strong>Puy Mary \u2013 Pas de Peyrol (7.8 km al 6% medio, prima categoria)<\/strong>, dalla cima di quest\u2019ultimo mancheranno ancora 31 km per andare all\u2019arrivo. La corsa dovr\u00e0 ancora scalare il duro C<strong>ol de Pertus (4.4 km all\u20198.5% medio, prima categoria)<\/strong> e il <strong>Col de Font de C\u00e8re (3.1 km al 5.8% medio)<\/strong>, con lo scollinamento a 2700 metri dal traguardo. Prima una discesa immetter\u00e0 i corridori nell\u2019ultimo km, poi gli ultimi 500 metri torneranno all\u2019ins\u00f9, con una pendenza media del <strong>7.4%<\/strong>.<\/p>\n<p>La tappa odierna apre a due scenari: lo scontro tra i big per la vittoria oppure il successo della fuga. Tutto dipender\u00e0, di nuovo, dalla volont\u00e0 della UAE e della maglia gialla di tenere chiusa la corsa. <strong>Tadej Pogacar<\/strong> ha dimostrato di avere un livello semplicemente irraggiungibile dagli avversari, se oggi volesse vincere nessuno potrebbe contrastarlo. Lo sloveno ha gi\u00e0 trionfato a Les Angles e a Gavarnie G\u00e8dre, qua pu\u00f2 centrare il tris e allungare ancora in classifica. Tra gli altri uomini di classifica sar\u00e0 invece lotta vera.<strong> Jonas Vingegaard<\/strong>, seppur non nella sua condizione migliore, sembra essere un gradino superiore ai rivali per il secondo posto ma il finale esplosivo non lo favorisce. Tra Evenepoel, Del Toro, Lipowitz, Ayuso e Seixas c\u2019\u00e8 invece stato grande equilibrio finora, vedremo se oggi qualcuno faticher\u00e0 pi\u00f9 del previsto. La frazione dopo il giorno di riposo \u00e8 sempre insidiosa, oggi potrebbero esserci delle sorprese.<\/p>\n<p>In caso di arrivo degli attaccanti i due favoriti principali sarebbero i comoagni di squadra<strong> Matej Mohoric e Damiano Caruso (Bahrain Victorious)<\/strong>. Entrambi hanno buone affinit\u00e0 con questo tipo di percorso, lo sloveno potrebbe fare la differenza in discesa mentre il ragusano prover\u00e0 a rimanere da solo sulle salite. Vedremo invece quale sar\u00e0 la tattica di <strong>Tom Pidcock (Pinarello Q36.5 Pro Cycling Team)<\/strong>. Il britannico ha dimostrato domenica di ambire al successo di tappa, ma \u00e8 ancora troppo vicino alla top 5 della generale perch\u00e9 le squadre avversarie gli concedano troppo vantaggio. La frazione odierna gli si adatta particolarmente, vedremo se prover\u00e0 ad entrare in fuga Attenzione, anche, a<strong> Lennert Van Eetvelt (Lotto Intermarch\u00e9)<\/strong> e <strong>Pablo Castrillo (Movistar Team)<\/strong>.<\/p>\n<p><strong>OA Sport<\/strong> vi offre, dunque, la <strong>DIRETTA LIVE testuale<\/strong> della <strong>decima tappa<\/strong> del <strong>Tour de France 2026<\/strong>, 113esima edizione della corsa francese, di 166.6 km. L\u2019inizio della corsa \u00e8 previsto per le <strong>13.00<\/strong>. Buon divertimento!<\/p>\n","protected":false},"excerpt":{"rendered":"CLICCA QUI PER AGGIORNARE LA DIRETTA LIVE LA CLASSIFICA GENERALE DEL TOUR DE FRANCE 2026 17.19 Bene anche&hellip;\n","protected":false},"author":3,"featured_media":584482,"comment_status":"","ping_status":"","sticky":false,"template":"","format":"standard","meta":{"footnotes":"","_share_on_mastodon":"0"},"categories":[1456],"tags":[1824,1825,24047,1522,1523,1525,1526,10943,1537,90,89,1527,1829,29306,1528,1529,43620,306919,29034,6647,245,244,1531,16170,26869],"class_list":["post-584481","post","type-post","status-publish","format-standard","has-post-thumbnail","category-ciclismo","tag-ciclismo","tag-cycling","tag-damiano-caruso","tag-diretta-ciclismo","tag-diretta-live-ciclismo","tag-diretta-tour-de-france","tag-florian-lipowitz","tag-isaac-del-toro","tag-it","tag-italia","tag-italy","tag-jonas-vingegaard","tag-juan-ayuso","tag-lennert-van-eetvelt","tag-live-ciclismo","tag-live-tour-de-france","tag-matej-mohoric","tag-pablo-castrillo","tag-paul-seixas","tag-remco-evenepoel","tag-sport","tag-sports","tag-tadej-pogacar","tag-tom-pidcock","tag-tour-de-france-2026"],"share_on_mastodon":{"url":"https:\/\/pubeurope.com\/@it\/116919014955866018","error":""},"_links":{"self":[{"href":"https:\/\/www.europesays.com\/it\/wp-json\/wp\/v2\/posts\/584481","targetHints":{"allow":["GET"]}}],"collection":[{"href":"https:\/\/www.europesays.com\/it\/wp-json\/wp\/v2\/posts"}],"about":[{"href":"https:\/\/www.europesays.com\/it\/wp-json\/wp\/v2\/types\/post"}],"author":[{"embeddable":true,"href":"https:\/\/www.europesays.com\/it\/wp-json\/wp\/v2\/users\/3"}],"replies":[{"embeddable":true,"href":"https:\/\/www.europesays.com\/it\/wp-json\/wp\/v2\/comments?post=584481"}],"version-history":[{"count":0,"href":"https:\/\/www.europesays.com\/it\/wp-json\/wp\/v2\/posts\/584481\/revisions"}],"wp:featuredmedia":[{"embeddable":true,"href":"https:\/\/www.europesays.com\/it\/wp-json\/wp\/v2\/media\/584482"}],"wp:attachment":[{"href":"https:\/\/www.europesays.com\/it\/wp-json\/wp\/v2\/media?parent=584481"}],"wp:term":[{"taxonomy":"category","embeddable":true,"href":"https:\/\/www.europesays.com\/it\/wp-json\/wp\/v2\/categories?post=584481"},{"taxonomy":"post_tag","embeddable":true,"href":"https:\/\/www.europesays.com\/it\/wp-json\/wp\/v2\/tags?post=584481"}],"curies":[{"name":"wp","href":"https:\/\/api.w.org\/{rel}","templated":true}]}}