{"id":584491,"date":"2026-07-14T15:29:16","date_gmt":"2026-07-14T15:29:16","guid":{"rendered":"https:\/\/www.europesays.com\/it\/584491\/"},"modified":"2026-07-14T15:29:16","modified_gmt":"2026-07-14T15:29:16","slug":"nicolo-de-devitiis-lascia-le-iene-e-il-momento-di-diventare-grandi-saluto-il-posto-piu-vero-e-onesto-della-tv","status":"publish","type":"post","link":"https:\/\/www.europesays.com\/it\/584491\/","title":{"rendered":"Nicol\u00f2 De Devitiis lascia Le Iene: \u00ab\u00c8 il momento di diventare grandi. Saluto il posto pi\u00f9 vero e onesto della TV\u00bb"},"content":{"rendered":"<p>\n                            Il punto serale sulle notizie del giorno<br \/>\n                            <b>Iscriviti<\/b> e ricevi le notizie via email\n                        <\/p>\n<p><a href=\"https:\/\/www.ilmessaggero.it\/t\/nicolo-de-devitiis\" rel=\"nofollow noopener\" target=\"_blank\">Nicol\u00f2 De Devitiis<\/a> lascia <strong>Le Iene<\/strong>. Dopo 12 anni nella redazione di <a href=\"https:\/\/www.ilmessaggero.it\/t\/canale-5\" rel=\"nofollow noopener\" target=\"_blank\">canale 5<\/a> il conduttore ha deciso di dire addio al \u00abposto pi\u00f9 vero e onesto della TV\u00bb. E l&#8217;annuncio arriva con un carosello di foto\u00a0Instagram in compagnia di personaggi noti, in ospedale dopo la frattura di due vertebre e, ancora, davanti alla celebre scritta del programma.\u00a0<\/p>\n<p>&#13;<br \/>\n    APPROFONDIMENTI&#13;<\/p>\n<p>&#13;<\/p>\n<p>                <a href=\"https:\/\/www.ilmessaggero.it\/persone\/nicolo_de_devitiis_lavoro_commesso_incontro_paolo_calabresi_le_iene_cosa_e_successo_ultime_notizie-9260247.html\" title=\"Nicol\u00f2 De Devitiis: \u00abLavoravo come commesso, poi un incontro con Paolo Calabresi cambi\u00f2 tutto\u00bb\" rel=\"nofollow noopener\" target=\"_blank\"><img loading=\"lazy\" decoding=\"async\" src=\"https:\/\/www.europesays.com\/it\/wp-content\/uploads\/2026\/07\/9260247_22182806_onecms_19pikpvyxjrz2gt3lco.jpg\" title=\"Nicol\u00f2 De Devitiis: \u00abLavoravo come commesso, poi un incontro con Paolo Calabresi cambi\u00f2 tutto\u00bb\" width=\"64\" height=\"64\" data-pagespeed-no-transform=\"\"\/><\/a>            <\/p>\n<p>    &#13;<\/p>\n<p>&#13;<\/p>\n<p>                <a href=\"https:\/\/www.ilmessaggero.it\/televisione\/jacobs_dove_vive_doping_torfu_padre_moglie_figli_cosa_ha_detto_anticipazioni_stasera_le_iene_ultime_notizie-8679345.html\" title=\"Jacobs a Le Iene: \u00abLe accuse di doping? Calunnie\u00bb\" rel=\"nofollow noopener\" target=\"_blank\"><img loading=\"lazy\" decoding=\"async\" src=\"https:\/\/www.europesays.com\/it\/wp-content\/uploads\/2026\/07\/8679345_25115516_jacobs_dove_vive_doping_torfu_padre_cosa_ha_detto.jpg\" title=\"Jacobs a Le Iene: \u00abLe accuse di doping? Calunnie\u00bb\" width=\"64\" height=\"64\" data-pagespeed-no-transform=\"\"\/><\/a>            <\/p>\n<p>    &#13;<\/p>\n<p>    &#13;<\/p>\n<p>Il lungo messaggio di addio <\/p>\n<p>Con un post dal tono nostalgico, il conduttore annuncia il suo addio al programma.\u00a0\u00abFinisco da dove ho cominciato, con la prima foto che pubblicai da iena, per annunciare nel 2014 il mio primo servizio in onda\u00bb, sono le prime righe del messaggio scritto da Nicol\u00f2.\u00a0\u00abDopo 12 anni bellissimi, lascio Le iene. Questa per me \u00e8 stata \u201cLA\u201d scuola dove ho imparato a fare questo mestiere circondato da professionisti geniali.<br \/>in questi anni ho avuto il tempo di fare le Elementari, medie e liceo.. <\/p>\n<p>ora, \u00e8 arrivato il momento di provare a diventare grandi, di andare all\u2019Universit\u00e0. Non so ancora con certezza quale sceglier\u00f2, ma sento che \u00e8 arrivato il momento di fare quel passo. Era da mesi che da solo nel letto, prima di andare a dormire, scorrevo queste foto e pensavo da dove sono partito, con la mia bici nel 2014, e dove sono arrivato\u00bb.\u00a0Un addio tra ricordi e ringraziamenti <\/p>\n<p>Nello scorrere il carosello di foto si vedono alcuni dei protagonisti dei servizi curati da Nicol\u00f2. Da <a href=\"https:\/\/www.ilmessaggero.it\/t\/bianca-balti\" rel=\"nofollow noopener\" target=\"_blank\">Bianca Balti<\/a> a <a href=\"https:\/\/www.ilmessaggero.it\/t\/giulia-stabile\" rel=\"nofollow noopener\" target=\"_blank\">Giulia Stabile<\/a>, da Tony Effe ad Achille Lauro. Ma anche una foto di lui in ospedale quando si \u00e8 frantumato alcune costole per difendere il microfono che volevano sfilargli.\u00a0\u00abUn grazie gigante va a tutte le persone che in questi anni mi hanno raccontato le loro storie di vita, a tutte le persone che mi hanno aiutato, a tutte coloro con cui ho avuto a che fare e ho lavorato, a quelle che ho fatto incazzare chiedo scusa, a quelle che mi hanno voluto bene e me ne vogliono ancora dico Grazie\u00bb. E poi conclude:\u00a0\u00abSaluto il posto pi\u00f9 vero e onesto della TV, dove ho avuto l\u2019onore di crescere, imparare un mestiere e che mi ha dato la possibilit\u00e0 di conoscere ed intervistare persone speciali. Ringrazio tutti i miei colleghi, autori, operatori e inviati, uno pi\u00f9 bravo dell\u2019altro, fonte di stimoli continui. La produzione sempre presente. E te, Davide, mi hai cambiato la vita, prendendomi dal niente dopo aver letto quella mail di maggio 2014 dove un giovane commesso 23enne romano ti si proponeva. Subito hai creduto in me mettendomi alla prova continuamente e rendendomi ci\u00f2 che sono ora, ti voglio bene. Ora vado, \u00e8 arrivato il momento di provare a diventare grandi. Quando tra un po\u2019 di tempo torner\u00f2 con la prossima avventura spero di ritrovarvi qui al mio fianco come da 12 anni a questa parte.<br \/>Mi avete sempre dato tantissimo. Vi abbraccio forte, a presto\u00bb.<\/p>\n<p>&#13;<br \/>\n                            \u00a9 RIPRODUZIONE RISERVATA&#13;<\/p>\n<p>&#13;<\/p>\n","protected":false},"excerpt":{"rendered":"Il punto serale sulle notizie del giorno Iscriviti e ricevi le notizie via email Nicol\u00f2 De Devitiis lascia&hellip;\n","protected":false},"author":3,"featured_media":584492,"comment_status":"","ping_status":"","sticky":false,"template":"","format":"standard","meta":{"footnotes":"","_share_on_mastodon":"0"},"categories":[1444],"tags":[203,204,1537,90,89,39071,28146,253,243],"class_list":["post-584491","post","type-post","status-publish","format-standard","has-post-thumbnail","category-tv","tag-entertainment","tag-intrattenimento","tag-it","tag-italia","tag-italy","tag-le-iene","tag-nicolo-de-devitiis","tag-tv","tag-ultima-ora"],"share_on_mastodon":{"url":"https:\/\/pubeurope.com\/@it\/116919047113357040","error":""},"_links":{"self":[{"href":"https:\/\/www.europesays.com\/it\/wp-json\/wp\/v2\/posts\/584491","targetHints":{"allow":["GET"]}}],"collection":[{"href":"https:\/\/www.europesays.com\/it\/wp-json\/wp\/v2\/posts"}],"about":[{"href":"https:\/\/www.europesays.com\/it\/wp-json\/wp\/v2\/types\/post"}],"author":[{"embeddable":true,"href":"https:\/\/www.europesays.com\/it\/wp-json\/wp\/v2\/users\/3"}],"replies":[{"embeddable":true,"href":"https:\/\/www.europesays.com\/it\/wp-json\/wp\/v2\/comments?post=584491"}],"version-history":[{"count":0,"href":"https:\/\/www.europesays.com\/it\/wp-json\/wp\/v2\/posts\/584491\/revisions"}],"wp:featuredmedia":[{"embeddable":true,"href":"https:\/\/www.europesays.com\/it\/wp-json\/wp\/v2\/media\/584492"}],"wp:attachment":[{"href":"https:\/\/www.europesays.com\/it\/wp-json\/wp\/v2\/media?parent=584491"}],"wp:term":[{"taxonomy":"category","embeddable":true,"href":"https:\/\/www.europesays.com\/it\/wp-json\/wp\/v2\/categories?post=584491"},{"taxonomy":"post_tag","embeddable":true,"href":"https:\/\/www.europesays.com\/it\/wp-json\/wp\/v2\/tags?post=584491"}],"curies":[{"name":"wp","href":"https:\/\/api.w.org\/{rel}","templated":true}]}}