{"id":584583,"date":"2026-07-14T16:42:12","date_gmt":"2026-07-14T16:42:12","guid":{"rendered":"https:\/\/www.europesays.com\/it\/584583\/"},"modified":"2026-07-14T16:42:12","modified_gmt":"2026-07-14T16:42:12","slug":"pogacar-vince-la-decima-tappa-del-tour-de-france-a-le-lorian-e-sempre-piu-maglia-gialla","status":"publish","type":"post","link":"https:\/\/www.europesays.com\/it\/584583\/","title":{"rendered":"Pogacar vince la decima tappa del Tour de France a Le Lorian: \u00e8 sempre pi\u00f9 maglia gialla"},"content":{"rendered":"<p>    di<br \/>\n    Marco Bonarrigo<\/p>\n<p class=\"summary-art is-line-h-12\">Lo sloveno attacca sul Col de Pertus, la salita pi\u00f9 dura di giornata. Niente da fare per i rivali, con Evenepoel che termina secondo e Vingegaard staccato di oltre 40 secondi<\/p>\n<p class=\"chapter-paragraph\">Tre vittorie, una ogni tre giorni, tutte per distacco. Marted\u00ec<b> Tadej Pogacar <\/b>ha usato come rampa di lancio il Col del Pertus, nei Monti del Cantal sul Massiccio Centrale in una decima tappa della Grande Boucle che come previsto si \u00e8 rivelata di durezza estrema. Dopo aver lasciato che <b>Vingegaard <\/b>(ben tirato da Davide Piganzoli) si illudesse di poter fare il ritmo in salita (Pogi nel frattempo era senza compagni), senza anticipare troppo l\u2019azione per non sfiancare il compagno <b>Isaac del Toro <\/b>che vorrebbe con s\u00e9 sul podio parigino, Pogi ha attaccato brutalmente risucchiando negli ultimi 800 metri 40\u201d a <b>Richard Carapaz <\/b>(per inciso uno dei migliori scalatori) al mondo: una progressione surreale.<\/p>\n<p class=\"chapter-paragraph\">Nessuno ha nemmeno minimamente provato a tenergli la ruota e Pogi, dopo aver scollinato in testa e aver affrontato con prudenza la discesa, si \u00e8 involato verso il traguardo dove ha sopravanzato di 32\u201d <b>Remco Evenepoel.<\/b> A pagare di pi\u00f9 (oltre al compagno Del Toro, arrivato a 1\u201931\u201d) \u00e8 stato <b>Jonas Vingegaard <\/b>che negli ultimi metri \u00e8 entrato in crisi e ha perso 12\u201d da <b>Evenepoel <\/b>e 10\u201d da <b>Seixas<\/b>.    &#13;<br \/>\n&#13;<br \/>\n&#13;<br \/>\n&#13;<br \/>\n&#13;<br \/>\n&#13;<br \/>\n&#13;<br \/>\n&#13;<br \/>\n&#13;<br \/>\n&#13;<br \/>\n&#13;<br \/>\n&#13;<br \/>\n&#13;<br \/>\n&#13;<br \/>\n&#13;<br \/>\n&#13;<br \/>\n&#13;<br \/>\n&#13;<br \/>\n&#13;<br \/>\n&#13;<br \/>\n&#13;<br \/>\n&#13;<br \/>\n&#13;<br \/>\n&#13;<br \/>\n&#13;<br \/>\n&#13;<br \/>\n&#13;<br \/>\n&#13;<br \/>\n&#13;<br \/>\n&#13;<br \/>\n&#13;<br \/>\n&#13;<br \/>\n&#13;<br \/>\n&#13;<br \/>\n&#13;<br \/>\n&#13;<br \/>\n&#13;<br \/>\n&#13;<br \/>\n&#13;<br \/>\n&#13;<br \/>\n&#13;<br \/>\n&#13;<br \/>\n&#13;<br \/>\n&#13;<br \/>\n&#13;<br \/>\n&#13;<br \/>\n&#13;<br \/>\n&#13;<br \/>\n&#13;<br \/>\n&#13;<br \/>\n&#13;<br \/>\n&#13;<br \/>\n&#13;\n<\/p>\n<p class=\"chapter-paragraph\">A questo punto non pi\u00f9 certo del secondo posto, Vingegaard si \u00e8 fatto staccare da un sempre pi\u00f9 convincente <b>Seixas <\/b>(19 anni, ricordiamolo), da <b>Lipowitz <\/b>in crisi di convivenza pesante con il compagno <b>Evenepoel<\/b>, da <b>Ayuso <\/b>e <b>Skjelmose<\/b>. <b>Pogacar <\/b>ha raggiunto Miguel Indurain a quota 60 maglie gialle e con 24 vittorie adesso <b>Andr\u00e9 Leducq <\/b>a quota 25 e ormai \u00e8 vicino alle 28 di Bernard Hinault, terzo di sempre dopo Cavendish e Merckx. \u00abGiornata incredibile, questa era tappa che due anni fa mi aveva distrutto \u2013 ha spiegato Pogacar \u2013 e fino all\u2019ultimo chilometro non ero convinto di poter vincere. Tutti quelli che mi tifavano contro mi hanno dato pi\u00f9 forza. Non sapevo chi ci fosse dietro di me, volevo solo spingere fino in fondo e togliermi i dubbi che avevo avuto due anni fa\u00bb.\u00a0<\/p>\n<p class=\"is-last-update\" datetime=\"2026-07-14T17:39:28+02:00\">14 luglio 2026 ( modifica il 14 luglio 2026 | 17:39)<\/p>\n<p class=\"is-copyright\">\n            \u00a9 RIPRODUZIONE RISERVATA\n        <\/p>\n","protected":false},"excerpt":{"rendered":"di Marco Bonarrigo Lo sloveno attacca sul Col de Pertus, la salita pi\u00f9 dura di giornata. Niente da&hellip;\n","protected":false},"author":3,"featured_media":584584,"comment_status":"","ping_status":"","sticky":false,"template":"","format":"standard","meta":{"footnotes":"","_share_on_mastodon":"0"},"categories":[1456],"tags":[1824,3340,7714,1825,277,58327,276341,17133,5183,1537,90,89,3203,322143,1931,3553,1380,9609,3547,95720,245,244,2218,5517,338,322144,2223],"class_list":["post-584583","post","type-post","status-publish","format-standard","has-post-thumbnail","category-ciclismo","tag-ciclismo","tag-compagno","tag-crisi","tag-cycling","tag-de","tag-decima","tag-decima-tappa","tag-evenepoel","tag-giornata","tag-it","tag-italia","tag-italy","tag-metri","tag-pertus","tag-pogacar","tag-pogi","tag-poter","tag-quota","tag-salita","tag-seixas","tag-sport","tag-sports","tag-tappa","tag-toro","tag-ultimi","tag-ultimi-metri","tag-vingegaard"],"share_on_mastodon":{"url":"https:\/\/pubeurope.com\/@it\/116919333432478755","error":""},"_links":{"self":[{"href":"https:\/\/www.europesays.com\/it\/wp-json\/wp\/v2\/posts\/584583","targetHints":{"allow":["GET"]}}],"collection":[{"href":"https:\/\/www.europesays.com\/it\/wp-json\/wp\/v2\/posts"}],"about":[{"href":"https:\/\/www.europesays.com\/it\/wp-json\/wp\/v2\/types\/post"}],"author":[{"embeddable":true,"href":"https:\/\/www.europesays.com\/it\/wp-json\/wp\/v2\/users\/3"}],"replies":[{"embeddable":true,"href":"https:\/\/www.europesays.com\/it\/wp-json\/wp\/v2\/comments?post=584583"}],"version-history":[{"count":0,"href":"https:\/\/www.europesays.com\/it\/wp-json\/wp\/v2\/posts\/584583\/revisions"}],"wp:featuredmedia":[{"embeddable":true,"href":"https:\/\/www.europesays.com\/it\/wp-json\/wp\/v2\/media\/584584"}],"wp:attachment":[{"href":"https:\/\/www.europesays.com\/it\/wp-json\/wp\/v2\/media?parent=584583"}],"wp:term":[{"taxonomy":"category","embeddable":true,"href":"https:\/\/www.europesays.com\/it\/wp-json\/wp\/v2\/categories?post=584583"},{"taxonomy":"post_tag","embeddable":true,"href":"https:\/\/www.europesays.com\/it\/wp-json\/wp\/v2\/tags?post=584583"}],"curies":[{"name":"wp","href":"https:\/\/api.w.org\/{rel}","templated":true}]}}