{"id":584587,"date":"2026-07-14T16:46:15","date_gmt":"2026-07-14T16:46:15","guid":{"rendered":"https:\/\/www.europesays.com\/it\/584587\/"},"modified":"2026-07-14T16:46:15","modified_gmt":"2026-07-14T16:46:15","slug":"antonio-silva-benfica-niente-rinnovo-il-milan-torna-a-farsi-avanti","status":"publish","type":"post","link":"https:\/\/www.europesays.com\/it\/584587\/","title":{"rendered":"Antonio Silva-Benfica, niente rinnovo: il Milan torna a farsi avanti"},"content":{"rendered":"<p>                                A vuoto il nuovo tentativo del club portoghese di allungare il contratto del difensore (2027): dopo Gila, Cardinale vuole regalare ad Amorim un altro centrale di livello<\/p>\n<p class=\"paragraph\" spellcheck=\"true\">Un paio di settimane dopo, il nome \u00e8 nuovamente d&#8217;attualit\u00e0. Antonio Silva torna a scaldare i pensieri del Milan e in particolare di Amorim, che lo aveva indicato come uno dei due profili su cui focalizzarsi &#8211; l&#8217;altro \u00e8 Gon\u00e7alo Inacio &#8211; indipendentemente dall&#8217;arrivo di Gila. In difesa infatti \u00e8 cosa nota che il Diavolo voglia portare due facce nuove a Milanello, anche se la seconda \u00e8 subordinata a una partenza (Tomori in primis, ma anche Odogu). Due facce nuove, s\u00ec, per\u00f2 di livello. Silva negli ultimi giorni di giugno pareva vicino ad accasarsi a Milanello, anche perch\u00e9 di base ritiene esaurito il suo (lungo) tempo al Benfica. Tant&#8217;\u00e8 vero che, nonostante le proposte del club, non ha voluto rinnovare il contratto in scadenza nel 2027.<\/p>\n<p>        lo scenario\u2014 \u00a0<\/p>\n<p class=\"paragraph\" spellcheck=\"true\">E&#8217; proprio qui, ovviamente, che si inserisce il corteggiamento del Milan. Lavorare col connazionale Amorim intriga sicuramente il giocatore, mentre il Diavolo \u00e8 allettato da un prezzo del cartellino su cui il Benfica non pu\u00f2 evidentemente spingere pi\u00f9 di tanto. Ecco perch\u00e9 a fine giugno Mendes, che tesse la tela fra Milan, Benfica ed entourage del difensore 22enne, era volato a Lisbona per incontrare la dirigenza lusitana. Cifra sul piatto: una ventina di milioni, proposta ritenuta assolutamente non all&#8217;altezza. Cos\u00ec quell&#8217;appuntamento non \u00e8 andato come immaginato e ha prodotto una fumata grigia. Il Benfica, dopo una prima proposta formulata a met\u00e0 maggio, aveva spiegato di voler provare nuovamente a convincere il giocatore a rinnovare &#8211; anche su input del tecnico Marco Silva -, sebbene Mendes avesse fatto presente che la volont\u00e0 del giocatore era quella di separarsi.<\/p>\n<p><a class=\"is-partner-link\" href=\"https:\/\/aipredictor.gazzetta.it\/?intcmp=calciomercato\" rel=\"nofollow noopener\" target=\"_blank\">Promo Mondiale 1\u20ac al mese per 3 mesi &#8211; Scopri chi vince con Gazzetta AI Predictor!<\/a><\/p>\n<p>        l&#8217;ipotesi\u2014 \u00a0<\/p>\n<p class=\"paragraph\" spellcheck=\"true\">Ora, una manciata di giorni dopo, il tentativo del Benfica di riaprire un dialogo contrattuale non \u00e8 andato a buon fine, Antonio Silva ha nuovamente ribadito l&#8217;intenzione di non mettere la firma sul rinnovo e quindi le speranze del Milan si riaccendono. Il Diavolo ha intenzione di tornare alla carica in tempi brevi, Mendes \u00e8 pronto a riprendere il dialogo col Benfica, che comunque non \u00e8 disposto a lasciar partire il giocatore a prezzi di saldo. Intanto a Milanello Amorim inizia ad accarezzare l&#8217;ipotesi della sua nuova linea difensiva, che cambierebbe per due terzi rispetto alla scorsa stagione: Pavlovic sul centrosinistra, Silva in mezzo e Gila centrodestra. In seconda fila: Gabbia e De Winter. In uscita, essenzialmente, Tomori.<\/p>\n<p class=\"is-copyright\">\u00a9 RIPRODUZIONE RISERVATA<\/p>\n","protected":false},"excerpt":{"rendered":"A vuoto il nuovo tentativo del club portoghese di allungare il contratto del difensore (2027): dopo Gila, Cardinale&hellip;\n","protected":false},"author":3,"featured_media":584588,"comment_status":"","ping_status":"","sticky":false,"template":"","format":"standard","meta":{"footnotes":"","_share_on_mastodon":"0"},"categories":[1452],"tags":[50020,2940,119,308678,4432,721,554,6693,3875,8001,4053,26111,233469,1740,3028,564,1148,7292,2460,1537,90,89,6110,14987,553,23161,87500,2508,1398,24069,21730,31549,1739,245,244],"class_list":["post-584587","post","type-post","status-publish","format-standard","has-post-thumbnail","category-calcio","tag-amorim","tag-andato","tag-antonio","tag-antonio-silva","tag-benfica","tag-calcio","tag-club","tag-contratto","tag-dialogo","tag-diavolo","tag-difensore","tag-facce","tag-facce-nuove","tag-football","tag-gila","tag-giocatore","tag-giugno","tag-intenzione","tag-ipotesi","tag-it","tag-italia","tag-italy","tag-livello","tag-mendes","tag-milan","tag-milanello","tag-nuovamente","tag-nuove","tag-proposta","tag-rinnovare","tag-rinnovo","tag-silva","tag-soccer","tag-sport","tag-sports"],"share_on_mastodon":{"url":"https:\/\/pubeurope.com\/@it\/116919349151191937","error":""},"_links":{"self":[{"href":"https:\/\/www.europesays.com\/it\/wp-json\/wp\/v2\/posts\/584587","targetHints":{"allow":["GET"]}}],"collection":[{"href":"https:\/\/www.europesays.com\/it\/wp-json\/wp\/v2\/posts"}],"about":[{"href":"https:\/\/www.europesays.com\/it\/wp-json\/wp\/v2\/types\/post"}],"author":[{"embeddable":true,"href":"https:\/\/www.europesays.com\/it\/wp-json\/wp\/v2\/users\/3"}],"replies":[{"embeddable":true,"href":"https:\/\/www.europesays.com\/it\/wp-json\/wp\/v2\/comments?post=584587"}],"version-history":[{"count":0,"href":"https:\/\/www.europesays.com\/it\/wp-json\/wp\/v2\/posts\/584587\/revisions"}],"wp:featuredmedia":[{"embeddable":true,"href":"https:\/\/www.europesays.com\/it\/wp-json\/wp\/v2\/media\/584588"}],"wp:attachment":[{"href":"https:\/\/www.europesays.com\/it\/wp-json\/wp\/v2\/media?parent=584587"}],"wp:term":[{"taxonomy":"category","embeddable":true,"href":"https:\/\/www.europesays.com\/it\/wp-json\/wp\/v2\/categories?post=584587"},{"taxonomy":"post_tag","embeddable":true,"href":"https:\/\/www.europesays.com\/it\/wp-json\/wp\/v2\/tags?post=584587"}],"curies":[{"name":"wp","href":"https:\/\/api.w.org\/{rel}","templated":true}]}}