{"id":584599,"date":"2026-07-14T16:54:18","date_gmt":"2026-07-14T16:54:18","guid":{"rendered":"https:\/\/www.europesays.com\/it\/584599\/"},"modified":"2026-07-14T16:54:18","modified_gmt":"2026-07-14T16:54:18","slug":"atalanta-giuntoli-e-un-grande-orgoglio","status":"publish","type":"post","link":"https:\/\/www.europesays.com\/it\/584599\/","title":{"rendered":"Atalanta, Giuntoli: \u00ab\u00c8 un grande orgoglio\u00bb"},"content":{"rendered":"\n<p>Giornata di presentazioni in casa <strong class=\"nero\">Atalanta.<\/strong> In conferenza stampa, dalla New Balance Arena, parla <strong class=\"nero\">il nuovo direttore sportivo Cristiano Giuntoli,<\/strong> accompagnato dall\u2019amministratore delegato <strong class=\"nero\">Luca Percassi.<\/strong> <\/p>\n<p>  Le parole di Luca Percassi <\/p>\n<p><a data-credits=\"Afb\" data-title=\"Luca Percassi, Amministratore delegato Atalanta alla presentazione di Cristiano Giuntoli, nuovo direttore sportivo nerazzurro, 14 luglio 2026\" href=\"https:\/\/storage.ecodibergamo.it\/media\/photologue\/2026\/7\/14\/photos\/atalanta-giuntoli-carnesecchi-restera-con-noi-fiduciosi-per-il-rinnovo-di-ed_02639b1c-7f98-11f1-a361-e06bbbdd9fcf_1920_1281.jpeg\" title=\"Luca Percassi, Amministratore delegato Atalanta alla presentazione di Cristiano Giuntoli, nuovo direttore sportivo nerazzurro, 14 luglio 2026\" rel=\"nofollow noopener\" target=\"_blank\"><br \/>\n<img decoding=\"async\" alt=\"Atalanta, Giuntoli: \u00abCarnesecchi rester\u00e0 con noi. Fiduciosi per il rinnovo di Ederson\u00bb\" class=\"lozad\" src=\"https:\/\/www.europesays.com\/it\/wp-content\/uploads\/2026\/07\/atalanta-giuntoli-carnesecchi-restera-con-noi-fiduciosi-per-il-rinnovo-di-ed_02639b1c-7f98-11f1-a361.jpeg\" title=\"Luca Percassi, Amministratore delegato Atalanta alla presentazione di Cristiano Giuntoli, nuovo direttore sportivo nerazzurro, 14 luglio 2026\" width=\"100%\"\/><br \/>\n<\/a><\/p>\n<p>        Luca Percassi, Amministratore delegato Atalanta alla presentazione di Cristiano Giuntoli, nuovo direttore sportivo nerazzurro, 14 luglio 2026<\/p>\n<p>(Foto di<br \/>\n            Afb)<\/p>\n<p> \u00abUn grande benvenuto a Cristiano in qualit\u00e0 di nuovo direttore sportivo, da parte di tutto il club e della propriet\u00e0 un ringraziamento per aver scelto il nostro progetto. Lo ringrazio anche perch\u00e9 in un mese e mezzo ha gi\u00e0 stravolto molte cose, con grande dedizione e professionalit\u00e0, portando nuove figure di alto livello in societ\u00e0, con una grandissima energia. Come dimostra la sua carriera, <strong class=\"nero\">ha vinto tutte le categorie professionistiche<\/strong>, dedizione, capacit\u00e0 e intuizioni lo hanno portato ad altissimi livelli, abbiamo grande fiducia nelle sue qualit\u00e0 umane e professionali, <strong class=\"nero\">rappresenta al meglio lo stile Atalanta<\/strong>\u00bb.<\/p>\n<p>  Giuntoli, perch\u00e9 ha scelto l\u2019Atalanta <\/p>\n<p><a data-credits=\"Afb\" data-title=\"Cristiano Giuntoli, nuovo direttore sportivo Atalanta\" href=\"https:\/\/storage.ecodibergamo.it\/media\/photologue\/2026\/7\/14\/photos\/atalanta-giuntoli-carnesecchi-restera-con-noi-fiduciosi-per-il-rinnovo-di-ed_02d4468c-7f98-11f1-a361-e06bbbdd9fcf_1920_1281.jpeg\" title=\"Cristiano Giuntoli, nuovo direttore sportivo Atalanta\" rel=\"nofollow noopener\" target=\"_blank\"><br \/>\n<img decoding=\"async\" alt=\"Atalanta, Giuntoli: \u00abCarnesecchi rester\u00e0 con noi. Fiduciosi per il rinnovo di Ederson\u00bb\" class=\"lozad\" src=\"https:\/\/www.europesays.com\/it\/wp-content\/uploads\/2026\/07\/atalanta-giuntoli-carnesecchi-restera-con-noi-fiduciosi-per-il-rinnovo-di-ed_02d4468c-7f98-11f1-a361.jpeg\" title=\"Cristiano Giuntoli, nuovo direttore sportivo Atalanta\" width=\"100%\"\/><br \/>\n<\/a><\/p>\n<p>        Cristiano Giuntoli, nuovo direttore sportivo Atalanta<\/p>\n<p>(Foto di<br \/>\n            Afb)<\/p>\n<p> \u00abSono molto felice, orgoglioso e onorato di essere qui &#8211; ha detto <strong class=\"nero\">Cristiano Giuntoli<\/strong>-. Ringrazio Luca per cui nutro grande stima per tutto quello che ha fatto con l\u2019Atalanta, uno dei pi\u00f9 grandi manager del calcio italiano. Per questo ho accettato dopo un secondo. Ringrazio Antonio Percassi e Stephen Pagliuca per avermi accolto come un figlio. L\u2019Atalanta, guardandola da fuori, non pu\u00f2 che far innamorare, se pensiamo alla storia di Antonio Percassi. Cresciuto nel settore giovanile, diventato giocatore e poi presidente. \u00c8 il primo tifoso, questo trasmette energia, si \u00e8 visto negli anni con quello che \u00e8 stato costruito. Con un settore giovanile pieno di gioielli. <strong class=\"nero\">\u00c8 un grande orgoglio rappresentare questo club<\/strong>, mi ci rivedo nella mia storia: risultati abbinati alla sostenibilit\u00e0. Chi meglio della famiglia Percassi ha sempre investito le eccedenze tra spese e ricavi. Bello poter parlare di calcio con chi ne capisce veramente\u00bb.<\/p>\n<p>  Giuntoli sulle prospettive e su Sarri <\/p>\n<p>\u00abVogliamo ritrovare una forte identit\u00e0 e crediamo di aver scelto un allenatore che possa rappresentare una strada chiara e netta, questo mi \u00e8 stato chiesto- ha continuato Giuntoli-. L\u2019Atalanta non ha mai dichiarato obiettivi, ma con grande umilt\u00e0 ha fatto spesso cose straordinarie. Dovremo continuare a calcare quel segno. <strong class=\"nero\">Su Ederson siamo stupiti ma anche contenti<\/strong>. L\u2019ho inseguito per anni, averlo \u00e8 un bene. Siamo fiduciosi di poter continuare insieme, il giocatore \u00e8 contento di questo\u00bb.<\/p>\n<p>  Il punto sulla rosa e sul mercato <\/p>\n<p> \u00abCrediamo sia forte, numericamente e qualitativamente. Siamo convinti che nel club, non solo in prima squadra, ci siano tanti giocatori molto bravi. Per questo siamo molto fiduciosi. Siamo<strong class=\"nero\"> contenti dell\u2019acquisto di <\/strong> <strong class=\"nero\"> <strong class=\"nero\">Gaetano<\/strong>,<\/strong> che ho visto crescere al Napoli. Crediamo abbia <strong class=\"nero\">grandi potenzialit\u00e0<\/strong>. Crediamo anche che la rosa sia a posto, mantenendo gli occhi aperti in caso di opportunit\u00e0\u00bb<\/p>\n<p>  Su Scamacca, De Ketelaere e Carnesecchi <\/p>\n<p> \u00abAbbiamo la consapevolezza di aver una squadra forte. Crediamo in questi giocatori come in <strong class=\"nero\">Scalvini, Raspadori<\/strong> e tutti i giocatori che fanno parte della rosa. Ve lo dir\u00e0 anche il mister, siamo venuti con la consapevolezza che la squadra sia forte e non vogliamo toccare la rosa\u00bb. Su <strong class=\"nero\">Alajbegovic<\/strong>: \u00abCi sono tante opportunit\u00e0, a volte ci sono a volte meno, ma ora stiamo valutando i giocatori che abbiamo. Non stiamo pensando molto al mercato\u00bb.<\/p>\n<p>\u00ab<strong class=\"nero\">Carnesecchi<\/strong> rester\u00e0 con noi, \u00e8 il nostro portiere, rester\u00e0 con noi. Vogliamo continuare con questo gruppo e adattarlo a un nuovo modo di fare calcio\u00bb.<\/p>\n<p>  Su Palestra <\/p>\n<p>\u00abUna trattativa aperta, tutti erano al corrente di tutto. Il calciatore poi \u00e8 andato al <strong class=\"nero\">Chelsea<\/strong> e siamo orgogliosi che un giocatore del nostro settore giovanile sia andato in un club cos\u00ec. Noi siamo sempre stati corretti\u00bb. <\/p>\n","protected":false},"excerpt":{"rendered":"Giornata di presentazioni in casa Atalanta. In conferenza stampa, dalla New Balance Arena, parla il nuovo direttore sportivo&hellip;\n","protected":false},"author":3,"featured_media":584600,"comment_status":"","ping_status":"","sticky":false,"template":"","format":"standard","meta":{"footnotes":"","_share_on_mastodon":"0"},"categories":[176],"tags":[569,721,190672,1537,90,89,18337,245,244],"class_list":["post-584599","post","type-post","status-publish","format-standard","has-post-thumbnail","category-sport","tag-atalanta","tag-calcio","tag-cristiano-giuntoli","tag-it","tag-italia","tag-italy","tag-luca-percassi","tag-sport","tag-sports"],"share_on_mastodon":{"url":"https:\/\/pubeurope.com\/@it\/116919381147028866","error":""},"_links":{"self":[{"href":"https:\/\/www.europesays.com\/it\/wp-json\/wp\/v2\/posts\/584599","targetHints":{"allow":["GET"]}}],"collection":[{"href":"https:\/\/www.europesays.com\/it\/wp-json\/wp\/v2\/posts"}],"about":[{"href":"https:\/\/www.europesays.com\/it\/wp-json\/wp\/v2\/types\/post"}],"author":[{"embeddable":true,"href":"https:\/\/www.europesays.com\/it\/wp-json\/wp\/v2\/users\/3"}],"replies":[{"embeddable":true,"href":"https:\/\/www.europesays.com\/it\/wp-json\/wp\/v2\/comments?post=584599"}],"version-history":[{"count":0,"href":"https:\/\/www.europesays.com\/it\/wp-json\/wp\/v2\/posts\/584599\/revisions"}],"wp:featuredmedia":[{"embeddable":true,"href":"https:\/\/www.europesays.com\/it\/wp-json\/wp\/v2\/media\/584600"}],"wp:attachment":[{"href":"https:\/\/www.europesays.com\/it\/wp-json\/wp\/v2\/media?parent=584599"}],"wp:term":[{"taxonomy":"category","embeddable":true,"href":"https:\/\/www.europesays.com\/it\/wp-json\/wp\/v2\/categories?post=584599"},{"taxonomy":"post_tag","embeddable":true,"href":"https:\/\/www.europesays.com\/it\/wp-json\/wp\/v2\/tags?post=584599"}],"curies":[{"name":"wp","href":"https:\/\/api.w.org\/{rel}","templated":true}]}}