{"id":584627,"date":"2026-07-14T17:18:12","date_gmt":"2026-07-14T17:18:12","guid":{"rendered":"https:\/\/www.europesays.com\/it\/584627\/"},"modified":"2026-07-14T17:18:12","modified_gmt":"2026-07-14T17:18:12","slug":"niccolo-de-devitiis-lascia-le-iene-saluto-il-posto-piu-vero-e-onesto-della-tv-dopo-12-anni-voglio-diventare-grande","status":"publish","type":"post","link":"https:\/\/www.europesays.com\/it\/584627\/","title":{"rendered":"Niccol\u00f2 De Devitiis lascia Le Iene: \u00abSaluto il posto pi\u00f9 vero e onesto della tv. Dopo 12 anni voglio diventare grande\u00bb"},"content":{"rendered":"<p>&#13;<br \/>\n                               &#13;<br \/>\n                                                &#13;<br \/>\n                &#13;<\/p>\n<p><strong><a href=\"https:\/\/www.leggo.it\/t\/nicolo-de-devitiis\" rel=\"nofollow noopener\" target=\"_blank\">Nicolo\u0300 De Devitiis<\/a><\/strong> lascia <a href=\"https:\/\/www.leggo.it\/t\/le-iene\" rel=\"nofollow noopener\" target=\"_blank\">Le Iene<\/a>: ad annunciarlo \u00e8 lo stesso inviato del programma di Italia1 con un post condiviso sui social in cui ha mostrato la sua prima foto scattata da &#8216;iena&#8217; nel 2014.\u00a0\u00abDopo 12 anni bellissimi, lascio Le iene. Questa per me \u00e8 stata &#8216;LA&#8217; scuola dove ho imparato a fare questo mestiere circondato da professionisti geniali. In questi anni ho avuto il tempo di fare le elementari, medie e liceo&#8230; ora, \u00e8 arrivato il momento di provare a diventare grandi, di andare all\u2019Universit\u00e0. Non so ancora con certezza quale sceglier\u00f2, ma sento che \u00e8 arrivato il momento di fare quel passo\u00bb, ha scritto De Devitiis. <\/p>\n<p>&#13;<br \/>\n&#13;<br \/>\n<strong>De Devitiis lascia Le Iene<\/strong>&#13;<br \/>\n&#13;<\/p>\n<p>Una scelta maturata nel corso di diversi mesi: \u00abEra da mesi che da solo nel letto, prima di andare a dormire, scorrevo queste foto e pensavo da dove sono partito, con la mia bici nel 2014, e dove sono arrivato. A quante ne abbiamo passate: incontri, difficolt\u00e0, sacrifici, cadute, frattura di 2 vertebre (per proteggere il microfono che mi voleva esser tolto), pianti, sorrisi, soddisfazioni, gioie&#8230; e non vi nego che mi scendeva sempre una lacrima. Come d\u2019altronde adesso mentre sto scrivendo di getto questo messaggio\u00bb, confessa il 36enne. <\/p>\n<p>&#13;<br \/>\n&#13;<br \/>\n&#13;<br \/>\n&#13;<\/p>\n<p>De Devitiss pubblica a corredo del post le foto con tutti i personaggi del mondo dello spettacolo e dello sport che ha avuto l&#8217;onore di conoscere e di cui ha potuto raccontare \u00able loro storie di vita\u00bb: \u00abUn grazie gigante va a tutte le persone che mi hanno aiutato, a tutte coloro con cui ho avuto a che fare e ho lavorato, a quelle che ho fatto incazzare chiedo scusa, a quelle che mi hanno voluto bene e me ne vogliono ancora dico Grazie. Grazie a tutti\u00bb. <\/p>\n<p>&#13;<br \/>\n&#13;<br \/>\n<strong>I ringraziamenti su Instagram<\/strong>&#13;<br \/>\n&#13;<\/p>\n<p>Poi, i ringraziamenti verso la famiglia de Le Iene: \u00abSaluto il posto pi\u00f9 vero e onesto della TV, dove ho avuto l\u2019onore di crescere, imparare un mestiere e che mi ha dato la possibilit\u00e0 di conoscere ed intervistare persone speciali. Ringrazio tutti i miei colleghi, autori, operatori e inviati, uno pi\u00f9 bravo dell\u2019altro, fonte di stimoli continui. La produzione sempre presente. E te, Davide, mi hai cambiato la vita, prendendomi dal niente dopo aver letto quella mail di maggio 2014 dove un giovane commesso 23enne romano ti si proponeva. Subito hai creduto in me mettendomi alla prova continuamente e rendendomi ci\u00f2 che sono ora, ti voglio bene\u00bb. <\/p>\n<p>&#13;<br \/>\n&#13;<\/p>\n<p>\u00abOra vado &#8211; conclude il conduttore &#8211; \u00e8 arrivato il momento di provare a diventare grandi. Quando tra un po\u2019 di tempo torner\u00f2 con la prossima avventura spero di ritrovarvi qui al mio fianco come da 12 anni a questa parte. Mi avete sempre dato tantissimo. Vi abbraccio forte, a presto\u00bb. Sul suo futuro professionale, per adesso, nessun annuncio n\u00e9 alcun indizio: solo il tempo potr\u00e0 dire di pi\u00f9 su quello che far\u00e0.<\/p>\n<p>                                &#13;<br \/>\n                &#13;<br \/>\n&#13;<br \/>\n                Ultimo aggiornamento: marted\u00ec 14 luglio 2026, 18:04&#13;<br \/>\n                <br \/>&#13;<br \/>\n                &#13;<br \/>\n                  &#13;<br \/>\n                    &#13;<br \/>\n                        \u00a9 RIPRODUZIONE RISERVATA&#13;<\/p>\n<p>&#13;<\/p>\n<p>                    &#13;<\/p>\n","protected":false},"excerpt":{"rendered":"&#13; &#13; &#13; &#13; Nicolo\u0300 De Devitiis lascia Le Iene: ad annunciarlo \u00e8 lo stesso inviato del programma&hellip;\n","protected":false},"author":3,"featured_media":584628,"comment_status":"","ping_status":"","sticky":false,"template":"","format":"standard","meta":{"footnotes":"","_share_on_mastodon":"0"},"categories":[1444],"tags":[203,204,1537,90,89,39071,322147,253],"class_list":["post-584627","post","type-post","status-publish","format-standard","has-post-thumbnail","category-tv","tag-entertainment","tag-intrattenimento","tag-it","tag-italia","tag-italy","tag-le-iene","tag-niccolo-de-devitiis","tag-tv"],"share_on_mastodon":{"url":"https:\/\/pubeurope.com\/@it\/116919475123854289","error":""},"_links":{"self":[{"href":"https:\/\/www.europesays.com\/it\/wp-json\/wp\/v2\/posts\/584627","targetHints":{"allow":["GET"]}}],"collection":[{"href":"https:\/\/www.europesays.com\/it\/wp-json\/wp\/v2\/posts"}],"about":[{"href":"https:\/\/www.europesays.com\/it\/wp-json\/wp\/v2\/types\/post"}],"author":[{"embeddable":true,"href":"https:\/\/www.europesays.com\/it\/wp-json\/wp\/v2\/users\/3"}],"replies":[{"embeddable":true,"href":"https:\/\/www.europesays.com\/it\/wp-json\/wp\/v2\/comments?post=584627"}],"version-history":[{"count":0,"href":"https:\/\/www.europesays.com\/it\/wp-json\/wp\/v2\/posts\/584627\/revisions"}],"wp:featuredmedia":[{"embeddable":true,"href":"https:\/\/www.europesays.com\/it\/wp-json\/wp\/v2\/media\/584628"}],"wp:attachment":[{"href":"https:\/\/www.europesays.com\/it\/wp-json\/wp\/v2\/media?parent=584627"}],"wp:term":[{"taxonomy":"category","embeddable":true,"href":"https:\/\/www.europesays.com\/it\/wp-json\/wp\/v2\/categories?post=584627"},{"taxonomy":"post_tag","embeddable":true,"href":"https:\/\/www.europesays.com\/it\/wp-json\/wp\/v2\/tags?post=584627"}],"curies":[{"name":"wp","href":"https:\/\/api.w.org\/{rel}","templated":true}]}}