{"id":584730,"date":"2026-07-14T18:40:20","date_gmt":"2026-07-14T18:40:20","guid":{"rendered":"https:\/\/www.europesays.com\/it\/584730\/"},"modified":"2026-07-14T18:40:20","modified_gmt":"2026-07-14T18:40:20","slug":"sfera-ebbasta-gia-sold-out-roma-e-milano-nel-2027-annunciati-nuovi-concerti-i-sky-tg24","status":"publish","type":"post","link":"https:\/\/www.europesays.com\/it\/584730\/","title":{"rendered":"Sfera Ebbasta, gi\u00e0 sold out Roma e Milano nel 2027. Annunciati nuovi concerti I Sky TG24"},"content":{"rendered":"<p>Dopo due veloci sold out, <strong>Sfera<\/strong> <strong>Ebbasta<\/strong> ha annunciato altri appuntamenti live per il prossimo anno:\u00a0il 3 febbraio al Palazzo dello Sport di <strong>Roma\u00a0<\/strong>e il 6 febbraio all\u2019Unipol Dome di Milano. Inoltre, il trapper \u00e8 attualmente impegnato con la tourn\u00e9e estiva.<\/p>\n<p>\t\t \tsfera ebbasta, tutte le date live del 2027<\/p>\n<p>Grande successo per il nuovo tour del trapper. Poco dopo l\u2019apertura della vendita dei biglietti, due concerti hanno registrato il tutto esaurito. <a data-intcmp=\"skytg24_foglia articolo_interlink_text\" href=\"https:\/\/tg24.sky.it\/spettacolo\/musica\/2026\/07\/09\/sfera-ebbasta-concerto-milano-san-siro\" rel=\"nofollow noopener\" target=\"_blank\">Sfera Ebbasta<\/a> ha cos\u00ec annunciato nuovi appuntamenti per il 2027: il 3 febbraio al Palazzo dello Sport di Roma e il 6 febbraio all\u2019Unipol Dome di Milano. Inoltre, il trapper porter\u00e0 la sua musica anche nelle citt\u00e0 di <strong>Torino<\/strong> e <strong>Bologna<\/strong>. Questo il calendario completo della tourn\u00e9e:<\/p>\n<ul>\n<li>30 gennaio 2027, Torino &#8211; Inalpi Arena<\/li>\n<li>2 febbraio 2027, Roma &#8211; Palazzo dello Sport<\/li>\n<li>3 febbraio 2027, Roma &#8211; Palazzo dello Sport<\/li>\n<li>5 febbraio 2027, Milano &#8211; Unipol Dome<\/li>\n<li>6 febbraio 2027, Milano &#8211; Unipol Dome<\/li>\n<li>13 febbraio 2027, Bologna &#8211; Unipol Arena<\/li>\n<\/ul>\n<p>\u00a0<\/p>\n<p>Sfera Ebbasta \u00e8 attualmente impegnato con il tour estivo. Gioved\u00ec 16 luglio il trapper riprender\u00e0 la tourn\u00e9e esibendosi all\u2019Arena della Marca di <strong>Villorba<\/strong>. Previsti appuntamenti live anche a <strong>Salerno<\/strong>, <strong>Palermo<\/strong> e <strong>Gallipoli<\/strong>. Ecco tutte le date:<\/p>\n<ul>\n<li>16 luglio, Villorba (TV) &#8211; Arena della Marca<\/li>\n<li>25 luglio, Salerno &#8211; SalernoSounds<\/li>\n<li>1\u00b0 agosto, Palermo &#8211; Velodromo Borsellino<\/li>\n<li>14 agosto, Gallipoli (LE) &#8211; Oversound Music Festival<\/li>\n<\/ul>\n<p>\t\t\t<a class=\"c-inline-card j-inline-card c-inline-card--with-image\" href=\"https:\/\/tg24.sky.it\/spettacolo\/musica\/2026\/07\/09\/sfera-ebbasta-concerto-milano-san-siro\" rel=\"follow nofollow noopener\" data-intcmp=\"skytg24_articolo_approfondimenti_inline\" target=\"_blank\"><\/p>\n<p>\t\t\t         <img decoding=\"async\" crossorigin=\"anonymous\" alt=\"\" src=\"https:\/\/www.europesays.com\/it\/wp-content\/uploads\/2026\/07\/1783943956_598_crediti-foto-nino-saetti.jpg\"  loading=\"lazy\"  bad-src=\"https:\/\/www.europesays.com\/it\/wp-content\/uploads\/2026\/07\/1783943956_598_crediti-foto-nino-saetti.jpg\"\/><\/p>\n<p>\n\t\t\t         Approfondimento<br \/>\n\t\t\t         Sfera Ebbasta celebra 10 anni di carriera a San Siro. Annunciato album\n\t\t\t      <\/p>\n<p>\t\t\t<\/a><\/p>\n<p>Sfera Ebbasta \u00e8 tra le figure di riferimento della scena trap italiana. Negli anni l\u2019artista ha conquistato le classifiche con numerosi album: da Rockstar a Famoso passando per Santana Money Gang con Shiva. Attesa per il nuovo progetto discografico in arrivo prossimamente. Tra i singoli pi\u00f9 popolari di Sfera Ebbasta troviamo Ricchi x sempre, Bottiglie priv\u00e8, Baby con J Balvin, Mi fai impazzire con Blanco e Anche stasera con Elodie (<strong><a data-intcmp=\"skytg24_foglia articolo_interlink_text\" href=\"https:\/\/tg24.sky.it\/spettacolo\/approfondimenti\/elodie-foto\" rel=\"nofollow noopener\" target=\"_blank\">FOTO<\/a><\/strong>).<\/p>\n<p>\t\t\t<a class=\"c-inline-card j-inline-card c-inline-card--with-image\" href=\"https:\/\/tg24.sky.it\/spettacolo\/musica\/2026\/07\/13\/sfera-ebbasta-tour-2027\" rel=\"follow nofollow noopener\" data-intcmp=\"skytg24_articolo_approfondimenti_inline\" target=\"_blank\"><\/p>\n<p>\t\t\t         <img decoding=\"async\" crossorigin=\"anonymous\" alt=\"\" src=\"https:\/\/www.europesays.com\/it\/wp-content\/uploads\/2026\/07\/1784054420_410_141-sfera-ebbasta-kikapress.jpg\"  loading=\"lazy\"  bad-src=\"https:\/\/www.europesays.com\/it\/wp-content\/uploads\/2026\/07\/1784054420_410_141-sfera-ebbasta-kikapress.jpg\"\/><\/p>\n<p>\n\t\t\t         Approfondimento<br \/>\n\t\t\t         Sfera Ebbasta, annunciato un tour nei palazzetti nel 2027\n\t\t\t      <\/p>\n<p>\t\t\t<\/a><\/p>\n","protected":false},"excerpt":{"rendered":"Dopo due veloci sold out, Sfera Ebbasta ha annunciato altri appuntamenti live per il prossimo anno:\u00a0il 3 febbraio&hellip;\n","protected":false},"author":3,"featured_media":584731,"comment_status":"","ping_status":"","sticky":false,"template":"","format":"standard","meta":{"footnotes":"","_share_on_mastodon":"0"},"categories":[1443],"tags":[2943,203,204,1537,90,89,1538,1539,7601,3555],"class_list":["post-584730","post","type-post","status-publish","format-standard","has-post-thumbnail","category-musica","tag-concerti","tag-entertainment","tag-intrattenimento","tag-it","tag-italia","tag-italy","tag-music","tag-musica","tag-sfera-ebbasta","tag-tour"],"share_on_mastodon":{"url":"https:\/\/pubeurope.com\/@it\/116919798085787169","error":""},"_links":{"self":[{"href":"https:\/\/www.europesays.com\/it\/wp-json\/wp\/v2\/posts\/584730","targetHints":{"allow":["GET"]}}],"collection":[{"href":"https:\/\/www.europesays.com\/it\/wp-json\/wp\/v2\/posts"}],"about":[{"href":"https:\/\/www.europesays.com\/it\/wp-json\/wp\/v2\/types\/post"}],"author":[{"embeddable":true,"href":"https:\/\/www.europesays.com\/it\/wp-json\/wp\/v2\/users\/3"}],"replies":[{"embeddable":true,"href":"https:\/\/www.europesays.com\/it\/wp-json\/wp\/v2\/comments?post=584730"}],"version-history":[{"count":0,"href":"https:\/\/www.europesays.com\/it\/wp-json\/wp\/v2\/posts\/584730\/revisions"}],"wp:featuredmedia":[{"embeddable":true,"href":"https:\/\/www.europesays.com\/it\/wp-json\/wp\/v2\/media\/584731"}],"wp:attachment":[{"href":"https:\/\/www.europesays.com\/it\/wp-json\/wp\/v2\/media?parent=584730"}],"wp:term":[{"taxonomy":"category","embeddable":true,"href":"https:\/\/www.europesays.com\/it\/wp-json\/wp\/v2\/categories?post=584730"},{"taxonomy":"post_tag","embeddable":true,"href":"https:\/\/www.europesays.com\/it\/wp-json\/wp\/v2\/tags?post=584730"}],"curies":[{"name":"wp","href":"https:\/\/api.w.org\/{rel}","templated":true}]}}