{"id":584822,"date":"2026-07-14T19:56:14","date_gmt":"2026-07-14T19:56:14","guid":{"rendered":"https:\/\/www.europesays.com\/it\/584822\/"},"modified":"2026-07-14T19:56:14","modified_gmt":"2026-07-14T19:56:14","slug":"calciomercato-live-le-trattative-di-oggi-roma-su-summerville-e-endrick-modric-verso-il-rinnovo-col-milan","status":"publish","type":"post","link":"https:\/\/www.europesays.com\/it\/584822\/","title":{"rendered":"Calciomercato live, le trattative di oggi: Roma su Summerville e Endrick, Modric verso il rinnovo col Milan"},"content":{"rendered":"<p>            2026-07-14 20:28:41<br \/>\n            Sassuolo, in chiusura Muharemovic al Leeds<\/p>\n<p>Tarik Muharemovic \u00e8 pronto a diventare un nuovo giocatore del Leeds. Il 23enne bosniaco\u00a0sbarcher\u00e0\u00a0in Premier League per una cifra vicina ai 40 milioni di euro. La Juve incasser\u00e0 la met\u00e0 del cartellino<\/p>\n<p>            2026-07-14 19:12:48<br \/>\n            Modric verso la permanenza al Milan<\/p>\n<p>Luka Modric vicino al rinnovo coi rossoneri. Le parti sono vicine all&#8217;intesa e il centrocampista croato, Pallone d&#8217;Oro nel 2018, dovrebbe indossare la maglia del Milan anche l&#8217;anno prossimo<\/p>\n<p>            2026-07-14 17:16:14<br \/>\n            Roma, sogno Endrick per l&#8217;attacco<\/p>\n<p>Oltre a Summerville, Garnacho e Moreira, i giallorossi pensano al fantasista del Real Madrid, di ritorno da un prestito all&#8217;Olympique Lione. L&#8217;obiettivo \u00e8 il prestito oneroso, ma l&#8217;ostacolo principale \u00e8 la resistenza del neo-allenatore dei blancos Jos\u00e8 Mourinho<\/p>\n<p>            2026-07-14 16:34:38<br \/>\n            Calciomercato Lazio, ufficiale l&#8217;acquisto di Doekhi<\/p>\n<p>Il difensore olandese classe 1998\u00a0ha firmato fino al 2029. Svincolato dopo 4 anni all&#8217;Union Berlino, il calciatore \u00e8 gi\u00e0 a disposizione di mister Gattuso per il ritiro estivo.<\/p>\n<p><a class=\"link_item\" data-linked_from=\"9650506\" href=\"https:\/\/www.ilmessaggero.it\/sport\/schede\/doekhi_chi_e_lazio_eta_caratteristiche_carriera_gol_altezza_stipendio_fidanzata-9648831.html\" rel=\"nofollow noopener\" target=\"_blank\">Chi \u00e8 il nuovo acquisto dei biancocelesti<\/a><\/p>\n<p>            2026-07-14 16:31:16<br \/>\n            Junior Traor\u00e8 al Genoa: completate le visite mediche <\/p>\n<p>Il centrocampista ivoriano, che in Italia ha gi\u00e0 vestito le maglie di Empoli, Sassuolo e Napoli, arriva dal Marsiglia in prestito oneroso con diritto di riscatto fissato a 10 milioni. <\/p>\n<p>A breve la firma sul contratto.<\/p>\n<p>            2026-07-14 14:23:56<br \/>\n            Valdepenas-Fiorentina: arriva l&#8217;here we go<\/p>\n<p>Romano ha dato per fatto il passaggio del difensore classe 2006 alla viola. Si tratta di un accordo sulla base di 8 milioni con il 50% sulla rivendita.<\/p>\n<p>            2026-07-14 14:22:46<br \/>\n            Desplanches vicino al Frosinone<\/p>\n<p>Il portiere aveva giocato al Palermo nell&#8217;ultima stagione.<\/p>\n<p>\u00a0<\/p>\n<p>            2026-07-14 13:53:26<br \/>\n            Inter, ritorno di Kovacic?<\/p>\n<p>Come riportato da Matteo Moretto, alla squadra nerazzurra \u00e8 stato proposto il croato per il centrocampo.<\/p>\n<p>            2026-07-14 12:09:16<br \/>\n            L&#8217;Inter lavora sull&#8217;alternativa a Khalaili<\/p>\n<p>            2026-07-14 10:13:22<br \/>\n            Gli agenti di Summerville a Roma<\/p>\n<p>Secondo quanto riportato da Gianluca Di Marzio di Sky Sport, il calciatore resta un obiettivo romanista. Sullo sfondo rimangono vivi i nomi di Garnacho e Moreira.<\/p>\n<p><a class=\"link_item\" data-linked_from=\"9650506\" href=\"https:\/\/www.ilmessaggero.it\/sport\/schede\/summerville_chi_e_obiettivo_roma_eta_altezza_stipendio_vita_privata-9650522.html\" rel=\"nofollow noopener\" target=\"_blank\">Chi \u00e8 l&#8217;obiettivo romanista<\/a><\/p>\n<p>            2026-07-14 10:11:13<br \/>\n            Sommer passa al Bruges<\/p>\n<p>Il portiere ha firmato un triennale.<\/p>\n<p><strong><a href=\"https:\/\/www.ilmessaggero.it\/t\/calciomercato-live\" rel=\"nofollow noopener\" target=\"_blank\">Calciomercato live<\/a><\/strong>, tutte le trattative di oggi (marted\u00ec 14 luglio). Le trattative iniziano a prendere forma, sono ore calde per Summerville alla Roma: gli agenti del calciatore sono nella Capitale. Intanto Sommer \u00e8 passato ufficialmente al Bruges.<\/p>\n<p><a class=\"link_item\" data-linked_from=\"9648574\" href=\"https:\/\/www.ilmessaggero.it\/sport\/schede\/calciomercato_squadre_serie_a_acquisti_cessioni_obiettivi_trattative_khalaili_atta_dumfries-9647369.html\" rel=\"nofollow noopener\" target=\"_blank\">Calciomercato Serie A: tabellone acquisti, cessioni e trattative delle 20 squadre di Serie A. Da Goncalo Ramos a Dumfries e Khalaili<\/a><\/p>\n<p>&#13;<br \/>\n    APPROFONDIMENTI&#13;<br \/>\n    &#13;<\/p>\n<p>&#13;<br \/>\n                            \u00a9 RIPRODUZIONE RISERVATA&#13;<\/p>\n<p>&#13;<\/p>\n","protected":false},"excerpt":{"rendered":"2026-07-14 20:28:41 Sassuolo, in chiusura Muharemovic al Leeds Tarik Muharemovic \u00e8 pronto a diventare un nuovo giocatore del&hellip;\n","protected":false},"author":3,"featured_media":584823,"comment_status":"","ping_status":"","sticky":false,"template":"","format":"standard","meta":{"footnotes":"","_share_on_mastodon":"0"},"categories":[1452],"tags":[721,353,8933,1740,1537,90,89,1739,245,244,3747],"class_list":["post-584822","post","type-post","status-publish","format-standard","has-post-thumbnail","category-calcio","tag-calcio","tag-calciomercato","tag-calciomercato-live","tag-football","tag-it","tag-italia","tag-italy","tag-soccer","tag-sport","tag-sports","tag-trattative"],"share_on_mastodon":{"url":"https:\/\/pubeurope.com\/@it\/116920096795416739","error":""},"_links":{"self":[{"href":"https:\/\/www.europesays.com\/it\/wp-json\/wp\/v2\/posts\/584822","targetHints":{"allow":["GET"]}}],"collection":[{"href":"https:\/\/www.europesays.com\/it\/wp-json\/wp\/v2\/posts"}],"about":[{"href":"https:\/\/www.europesays.com\/it\/wp-json\/wp\/v2\/types\/post"}],"author":[{"embeddable":true,"href":"https:\/\/www.europesays.com\/it\/wp-json\/wp\/v2\/users\/3"}],"replies":[{"embeddable":true,"href":"https:\/\/www.europesays.com\/it\/wp-json\/wp\/v2\/comments?post=584822"}],"version-history":[{"count":0,"href":"https:\/\/www.europesays.com\/it\/wp-json\/wp\/v2\/posts\/584822\/revisions"}],"wp:featuredmedia":[{"embeddable":true,"href":"https:\/\/www.europesays.com\/it\/wp-json\/wp\/v2\/media\/584823"}],"wp:attachment":[{"href":"https:\/\/www.europesays.com\/it\/wp-json\/wp\/v2\/media?parent=584822"}],"wp:term":[{"taxonomy":"category","embeddable":true,"href":"https:\/\/www.europesays.com\/it\/wp-json\/wp\/v2\/categories?post=584822"},{"taxonomy":"post_tag","embeddable":true,"href":"https:\/\/www.europesays.com\/it\/wp-json\/wp\/v2\/tags?post=584822"}],"curies":[{"name":"wp","href":"https:\/\/api.w.org\/{rel}","templated":true}]}}