{"id":584860,"date":"2026-07-14T20:27:24","date_gmt":"2026-07-14T20:27:24","guid":{"rendered":"https:\/\/www.europesays.com\/it\/584860\/"},"modified":"2026-07-14T20:27:24","modified_gmt":"2026-07-14T20:27:24","slug":"isola-dei-famosi-spoiler-denny-mendez-esce-dopo-due-giorni-fuori-anche-claudia-peroni-e-audrey-martin","status":"publish","type":"post","link":"https:\/\/www.europesays.com\/it\/584860\/","title":{"rendered":"Isola dei Famosi, spoiler: Denny Mendez esce dopo due giorni. Fuori anche Claudia Peroni e Audrey Martin"},"content":{"rendered":"<p>\n                            Moda e Tendenze, ogni marted\u00ec<br \/>\n                            <b>Iscriviti<\/b> e ricevi le notizie via email\n                        <\/p>\n<p>L&#8217;attesa per vedere in televisione la nuova <a href=\"https:\/\/www.ilmessaggero.it\/t\/isola-dei-famosi\" rel=\"nofollow noopener\" target=\"_blank\">Isola dei Famosi<\/a> \u00e8 ancora lunga, almeno fino a settembre. Ma il settimanale Nuovo Tv \u00e8 riuscito a contattare qualche naufrago eliminato fin dalle prime puntate e farsi raccontare come \u00e8 andata&#8230; &#8220;Le nostre talpe, per\u00f2, ci regalano gi\u00e0 gustose indiscrezioni, tra veleni, eliminazioni lampo, prove shock, alleanze spietate e una sorpresa che far\u00e0 piangere la naufraga Serena Enardu: l&#8217;incontro con suo figlio&#8221;.<\/p>\n<p>Nelle Filippine si sta registrando una nuova edizione dove la popolarit\u00e0 non conta niente. Nuovo Tv fa sapere che &#8220;i\u00a0concorrenti sono divisi in gruppi, affrontano prove ricompensa e, soprattutto, votano tra loro&#8221;. Insomma la pemanenza o meno sull&#8217;Isola dipende da strategie, alleanze e convenienze. \u00abNon vince chi ha pi\u00f9 fan, ma chi serve al gruppo &#8211;\u00a0racconta una delle fonti del settimanale televisivo &#8211;\u00a0Se peschi, se tieni acceso il fuoco o se mangi poco, diventi prezioso. Altrimenti rischi di essere fatto fuori subito\u00bb.<\/p>\n<p>Denny Mendez<\/p>\n<p>E cos\u00ec per esempio l\u2019avventura di Denny Mendez, ex Miss Italia, si sarebbe conclusa dopo appena due giorni. &#8220;Poco dopo sarebbe toccato a Claudia Peroni, anche lei eliminata nelle prime fasi del gioco. Alla terza puntata, invece, sarebbe uscita Audrey Martin, che avrebbe chiesto agli altri concorrenti di votarla, perch\u00e9 non ce la faceva pi\u00f9. <\/p>\n<p>Un ritiro volontario&#8230;&#8221;.\u00f9<\/p>\n<p>A farla da padrona \u00e8 sempre la fame.\u00a0\u00abDopo pochi giorni cominci a ragionare in modo diverso. Tieni vicino chi ti aiuta a resistere\u00bb.<\/p>\n<p>Francesco Chiofalo e Luca Onestini<\/p>\n<p>Le fonti di Nuovo Tv dicono anche che &#8220;tra i pi\u00f9 attivi ci sarebbero Francesco Chiofalo e Luca Onestini, indicati come leader dei gruppi&#8221;. Si dice anche che tra\u00a0Zeudi Di Palma e Raffaella Fico ci sarebbe stato un durissimo faccia a faccia. &#8220;Il clima si sarebbe fatto cos\u00ec pesante da costringere la produzione a intervenire per riportare la situazione sotto controllo. Se le immagini confermeranno le indiscrezioni, quello scontro potrebbe diventare uno dei momenti pi\u00f9 discussi dell\u2019edizione&#8230;&#8221;.<\/p>\n<p>Selvaggia Lucarelli\u00a0<\/p>\n<p>E poi c&#8217;\u00e8 la prima vera conduzione di Selvaggia Lucarelli che si sarebbe\u00a0affidata\u00a0molto alla regia editoriale. &#8220;Le nostre fonti sostengono che, attraverso l\u2019auricolare, riceverebbe suggerimenti, tempi, indicazioni e cambi di ritmo dagli autori. Un metodo che ricorda quello reso celebre da Gianni Boncompagni con Ambra Angiolini ai tempi di Non \u00e8 la Rai&#8221;.\u00a0<\/p>\n<p>&#13;<br \/>\n                            \u00a9 RIPRODUZIONE RISERVATA&#13;<\/p>\n<p>&#13;<\/p>\n","protected":false},"excerpt":{"rendered":"Moda e Tendenze, ogni marted\u00ec Iscriviti e ricevi le notizie via email L&#8217;attesa per vedere in televisione la&hellip;\n","protected":false},"author":3,"featured_media":584861,"comment_status":"","ping_status":"","sticky":false,"template":"","format":"standard","meta":{"footnotes":"","_share_on_mastodon":"0"},"categories":[1444],"tags":[322233,294357,294358,203,204,1537,90,89,15749,253],"class_list":["post-584860","post","type-post","status-publish","format-standard","has-post-thumbnail","category-tv","tag-audrey-martin","tag-claudia-peroni","tag-denny-mendez","tag-entertainment","tag-intrattenimento","tag-it","tag-italia","tag-italy","tag-l","tag-tv"],"share_on_mastodon":{"url":"https:\/\/pubeurope.com\/@it\/116920218138396997","error":""},"_links":{"self":[{"href":"https:\/\/www.europesays.com\/it\/wp-json\/wp\/v2\/posts\/584860","targetHints":{"allow":["GET"]}}],"collection":[{"href":"https:\/\/www.europesays.com\/it\/wp-json\/wp\/v2\/posts"}],"about":[{"href":"https:\/\/www.europesays.com\/it\/wp-json\/wp\/v2\/types\/post"}],"author":[{"embeddable":true,"href":"https:\/\/www.europesays.com\/it\/wp-json\/wp\/v2\/users\/3"}],"replies":[{"embeddable":true,"href":"https:\/\/www.europesays.com\/it\/wp-json\/wp\/v2\/comments?post=584860"}],"version-history":[{"count":0,"href":"https:\/\/www.europesays.com\/it\/wp-json\/wp\/v2\/posts\/584860\/revisions"}],"wp:featuredmedia":[{"embeddable":true,"href":"https:\/\/www.europesays.com\/it\/wp-json\/wp\/v2\/media\/584861"}],"wp:attachment":[{"href":"https:\/\/www.europesays.com\/it\/wp-json\/wp\/v2\/media?parent=584860"}],"wp:term":[{"taxonomy":"category","embeddable":true,"href":"https:\/\/www.europesays.com\/it\/wp-json\/wp\/v2\/categories?post=584860"},{"taxonomy":"post_tag","embeddable":true,"href":"https:\/\/www.europesays.com\/it\/wp-json\/wp\/v2\/tags?post=584860"}],"curies":[{"name":"wp","href":"https:\/\/api.w.org\/{rel}","templated":true}]}}