{"id":584884,"date":"2026-07-14T20:46:26","date_gmt":"2026-07-14T20:46:26","guid":{"rendered":"https:\/\/www.europesays.com\/it\/584884\/"},"modified":"2026-07-14T20:46:26","modified_gmt":"2026-07-14T20:46:26","slug":"tour-de-france-2026-florian-lipowitz-aspettare-remco-evenepoel-non-era-unopzione-abbiamo-corso-per-il-secondo-posto","status":"publish","type":"post","link":"https:\/\/www.europesays.com\/it\/584884\/","title":{"rendered":"Tour de France 2026, Florian Lipowitz: \u201cAspettare Remco Evenepoel? Non era un\u2019opzione. Abbiamo corso per il secondo posto\u201d"},"content":{"rendered":"<p>\t\t<img width=\"1200\" height=\"800\" src=\"https:\/\/www.europesays.com\/it\/wp-content\/uploads\/2026\/07\/1278748388.jpg\" class=\"attachment-full size-full wp-post-image\" alt=\"\" data-main-img=\"1\" decoding=\"async\" fetchpriority=\"high\"  \/><\/p>\n<p>\t\t\t\t\t\t\t \u00a9 Sirotti<\/p>\n<p>\t\t\t\t\t<a href=\"https:\/\/cyclingpro.net\/spaziociclismo\/altro\/scopri-lapp-ufficiale-di-spaziociclismo\/\" title=\"\" rel=\"nofollow noopener\" target=\"_blank\"><br \/>\n\t\t\t\t\t\t<img loading=\"lazy\" decoding=\"async\" src=\"https:\/\/www.europesays.com\/it\/wp-content\/uploads\/2025\/09\/1758060682_662_Banner-App-SpazioCiclismo.png\" alt=\"\" width=\"728\" height=\"91\"\/><br \/>\n\t\t\t\t\t<\/a><\/p>\n<p>Prosegue il dualismo tra <strong>Remco Evenepoel<\/strong> e <strong>Florian Lipowitz<\/strong> al <strong>Tour de France 2026<\/strong>. I due co-capitani della <strong>Red Bull-BORA-hansgrohe<\/strong> continuano di fatto a fare corsa ognuno per s\u00e9, anche se il clima sembra essersi rasserenato dopo lo sfogo del belga nei confronti del compagno di squadra per non aver tirato nella sesta tappa. Nella frazione odierna Evenepoel \u00e8 andato in difficolt\u00e0 dopo il Col du Pertus, staccandosi dal gruppetto dei migliori, ma Lipowitz non ha accennato ad attenderlo, proseguendo. Nel finale per\u00f2 il campione olimpico \u00e8 rientrato, riuscendo a sprintare per il secondo posto e superando anche il tedesco, che ha chiuso quarto.<\/p>\n<p> <a href=\"https:\/\/cyclingpro.net\/spaziociclismo\/abbonati\/\" rel=\"nofollow noopener\" target=\"_blank\"><img decoding=\"async\" src=\"https:\/\/www.europesays.com\/it\/wp-content\/uploads\/2026\/07\/Banner-AdFree-SpazioCiclismo.png\"\/><\/a><\/p>\n<p>\u201cPensavamo di poter ancora colmare il divario su Pogacar, speravamo ancora di poter lottare per la vittoria \u2013 il commento di Lipowitz a Sporza \u2013 Ma poi, a un certo punto, mi \u00e8 stato comunicato che Remco era dietro. In quel momento ero nella scia di Jonas Vingegaard e sapevo che Remco sarebbe tornato in discesa. <strong>Abbiamo corso per il secondo posto e dobbiamo esserne contenti<\/strong>\u201d.<\/p>\n<p>Per questo il tedesco sottolinea che \u201c<strong>Aspettare Remco? Non era un\u2019opzione<\/strong>. Non ho pi\u00f9 tirato da quando ho saputo che era rimasto indietro. Non potevo fare altro che sperare che rientrasse, e siamo felici perch\u00e9 ce l\u2019ha fatta\u201d.<\/p>\n<p>La prestazione \u00e8 stata quindi nel complesso positiva e lascia buoni segnali per le prossime tappe: \u201c<strong>Ho avuto le gambe migliori finora<\/strong>. Il giorno di riposo \u00e8 andato abbastanza bene e questo \u00e8 un buon inizio per la seconda settimana. Non potremo pi\u00f9 giocare per la vittoria con Remco, perch\u00e9 Pogacar ha ormai gi\u00e0 quattro minuti di vantaggio. La lotta per il secondo posto \u00e8 ancora abbastanza aperta e, se collaboriamo, spero che potremo puntare a quel traguardo\u201d.<\/p>\n<p>Seguici<\/p>\n<p>\t\t\t\t\t\t\t\t\t\t<a href=\"https:\/\/news.google.com\/publications\/CAAqBwgKMNaVhQswhaiCAw?hl=it&amp;gl=IT&amp;ceid=IT%3Ait\" title=\"Google News\" target=\"_blank\" rel=\"nofollow noopener\" class=\"post-followus-btn google-new-btn\"><br \/>\n\t\t\t\t\t\t<img decoding=\"async\" src=\"https:\/\/cyclingpro.net\/spaziociclismo\/wp-content\/themes\/jannah\/assets\/images\/google-news.svg\" alt=\"Google News\" loading=\"lazy\" width=\"120\" height=\"22\"\/><br \/>\n\t\t\t\t\t<\/a><br \/>\n\t\t\t\t\t\t\t\t\t\t<a href=\"https:\/\/flipboard.com\/@SpazioCiclismo\" title=\"Flipboard\" target=\"_blank\" rel=\"nofollow noopener\" class=\"post-followus-btn flipboard-btn\"><br \/>\n\t\t\t\t\t\t<img decoding=\"async\" src=\"https:\/\/cyclingpro.net\/spaziociclismo\/wp-content\/themes\/jannah\/assets\/images\/flipboard.svg\" alt=\"Flipboard\" loading=\"lazy\" width=\"152\" height=\"30\"\/><br \/>\n\t\t\t\t\t<\/a><\/p>\n","protected":false},"excerpt":{"rendered":"\u00a9 Sirotti Prosegue il dualismo tra Remco Evenepoel e Florian Lipowitz al Tour de France 2026. I due&hellip;\n","protected":false},"author":3,"featured_media":572177,"comment_status":"","ping_status":"","sticky":false,"template":"","format":"standard","meta":{"footnotes":"","_share_on_mastodon":"0"},"categories":[1456],"tags":[1824,1825,1526,1537,90,89,35056,6647,245,244,26869],"class_list":["post-584884","post","type-post","status-publish","format-standard","has-post-thumbnail","category-ciclismo","tag-ciclismo","tag-cycling","tag-florian-lipowitz","tag-it","tag-italia","tag-italy","tag-red-bull-bora-hansgrohe-2026","tag-remco-evenepoel","tag-sport","tag-sports","tag-tour-de-france-2026"],"share_on_mastodon":{"url":"https:\/\/pubeurope.com\/@it\/116920293821329138","error":""},"_links":{"self":[{"href":"https:\/\/www.europesays.com\/it\/wp-json\/wp\/v2\/posts\/584884","targetHints":{"allow":["GET"]}}],"collection":[{"href":"https:\/\/www.europesays.com\/it\/wp-json\/wp\/v2\/posts"}],"about":[{"href":"https:\/\/www.europesays.com\/it\/wp-json\/wp\/v2\/types\/post"}],"author":[{"embeddable":true,"href":"https:\/\/www.europesays.com\/it\/wp-json\/wp\/v2\/users\/3"}],"replies":[{"embeddable":true,"href":"https:\/\/www.europesays.com\/it\/wp-json\/wp\/v2\/comments?post=584884"}],"version-history":[{"count":0,"href":"https:\/\/www.europesays.com\/it\/wp-json\/wp\/v2\/posts\/584884\/revisions"}],"wp:featuredmedia":[{"embeddable":true,"href":"https:\/\/www.europesays.com\/it\/wp-json\/wp\/v2\/media\/572177"}],"wp:attachment":[{"href":"https:\/\/www.europesays.com\/it\/wp-json\/wp\/v2\/media?parent=584884"}],"wp:term":[{"taxonomy":"category","embeddable":true,"href":"https:\/\/www.europesays.com\/it\/wp-json\/wp\/v2\/categories?post=584884"},{"taxonomy":"post_tag","embeddable":true,"href":"https:\/\/www.europesays.com\/it\/wp-json\/wp\/v2\/tags?post=584884"}],"curies":[{"name":"wp","href":"https:\/\/api.w.org\/{rel}","templated":true}]}}