{"id":584919,"date":"2026-07-14T21:21:15","date_gmt":"2026-07-14T21:21:15","guid":{"rendered":"https:\/\/www.europesays.com\/it\/584919\/"},"modified":"2026-07-14T21:21:15","modified_gmt":"2026-07-14T21:21:15","slug":"amici-per-la-nuova-edizione-maria-de-filippi-introduce-le-discipline-sportive","status":"publish","type":"post","link":"https:\/\/www.europesays.com\/it\/584919\/","title":{"rendered":"Amici: per la nuova edizione Maria De Filippi introduce le discipline sportive"},"content":{"rendered":"<p>                                Tra le novit\u00e0 c&#8217;\u00e8 anche l&#8217;addio di\u00a0Anna Pettinelli, ed \u00e8 gi\u00e0 \u00e8 partito il toto-nomi per sostituirla<\/p>\n<p>                    14 luglio &#8211; 17:04  &#8211; MILANO<\/p>\n<p class=\"paragraph\" spellcheck=\"true\">Grandi manovre negli studi Mediaset: la scuola pi\u00f9 famosa d&#8217;Italia si prepara a un <b>cambiamento storico<\/b> che promette di ridefinire il format del talent show <b>Amici<\/b>. In risposta al calo degli ascolti registrato durante l\u2019ultima edizione, <a href=\"https:\/\/www.gazzetta.it\/tv\/storie\/18-05-2026\/amici-2026-chi-e-lorenzo-salvetti-il-vincitore-tutti-i-premi-cos-e-successo\/\" title=\"Amici 2026, Lorenzo batte anche Alessio e conquista la vittoria\" rel=\"nofollow noopener\" target=\"_blank\">vinta da Lorenzo Salvetti<\/a>, la produzione ha deciso di puntare su una ventata di freschezza inserendo nel piano di studi le &#8220;<b>discipline sportive<\/b>&#8220;. Non si tratter\u00e0 solo di un\u2019aggiunta estemporanea, ma di una vera e propria virata strategica volta a <b>intercettare quel vasto pubblico di appassionati di sport e competizione pura<\/b>, svecchiando cos\u00ec la formula classica che da anni regge il successo del programma.<\/p>\n<p>    Amici: arrivano le discpline sportive?\u2014 \u00a0<\/p>\n<p class=\"paragraph is-inline\" spellcheck=\"true\">Le indiscrezioni, lanciate dal settimanale Chi, sollevano gi\u00e0 la curiosit\u00e0 su <b>come verranno integrate queste nuove attivit\u00e0<\/b> in uno studio televisivo. Tra le ipotesi pi\u00f9 accreditate figurano discipline che richiedono <b>grande preparazione fisica<\/b> e che ben si sposano con l&#8217;estetica del programma, come la ginnastica artistica, la ritmica, l&#8217;acrobatica street o persino la scherma.<\/p>\n<p class=\"paragraph\" spellcheck=\"true\">L&#8217;obiettivo della produzione appare chiaro: trasformare il racconto del sacrificio atletico in uno <b>spettacolo ad alta tensione<\/b>, capace di tenere incollati allo schermo anche gli spettatori meno interessati alle dinamiche prettamente artistiche, il tutto mantenendo intatto il <b>consueto appuntamento con il daytime su Canale 5<\/b>.<\/p>\n<p>    l&#8217;addio a anna pettinelli\u2014 \u00a0<\/p>\n<p class=\"paragraph is-inline\" spellcheck=\"true\">Se lo sport infiamma il futuro del programma, il fronte dei professori non \u00e8 da meno quanto a colpi di scena. \u00c8 ormai ufficiale l&#8217;<b>addio di Anna Pettinelli<\/b>, che lascer\u00e0 il banco di canto per approdare su Rai 1 come concorrente della prossima edizione di Tale e Quale Show. Mentre inizialmente si era ipotizzato un <b>possibile coinvolgimento di Amadeus<\/b> come giurato o professore per dare lustro alla nuova stagione, le ultime voci di corridoio sembrano aver <b>frenato su questa suggestione<\/b>.<\/p>\n<p><a class=\"is-partner-link\" href=\"https:\/\/abbonamenti.gazzetta.it\/de-promo-mondiali\/?pwcmp=cta&amp;forceBrowser=true\" rel=\"nofollow noopener\" target=\"_blank\">Gazzetta Mondiale: ogni notte un\u2019edizione straordinaria esclusiva. Non perdertela, abbonati a 1\u20ac\/mese!<\/a><\/p>\n<p class=\"paragraph\" spellcheck=\"true\">Al momento, il <b>toto-nomi<\/b> per sostituire la storica speaker radiofonica resta aperto: se in una prima fase era rimbalzato con insistenza il nome di una vecchia conoscenza del talent, <b>Giordana Angi<\/b>, le voci pi\u00f9 recenti indicano un <b>ulteriore rimescolamento<\/b>, rendendo ancora incerto chi sieder\u00e0 effettivamente dietro la cattedra di canto il prossimo autunno.<\/p>\n<p class=\"is-above-copyright is-mr-r-10\" spellcheck=\"true\">La Gazzetta dello Sport<\/p>\n<p class=\"is-copyright\">\u00a9 RIPRODUZIONE RISERVATA<\/p>\n","protected":false},"excerpt":{"rendered":"Tra le novit\u00e0 c&#8217;\u00e8 anche l&#8217;addio di\u00a0Anna Pettinelli, ed \u00e8 gi\u00e0 \u00e8 partito il toto-nomi per sostituirla 14&hellip;\n","protected":false},"author":3,"featured_media":470895,"comment_status":"","ping_status":"","sticky":false,"template":"","format":"standard","meta":{"footnotes":"","_share_on_mastodon":"0"},"categories":[1444],"tags":[2983,322254,322255,1266,6050,96528,13074,3216,4416,32377,2239,203,204,1537,90,89,2381,196300,3741,897,2936,245,54021,8406,29798,20062,9819,322256,253,8112],"class_list":["post-584919","post","type-post","status-publish","format-standard","has-post-thumbnail","category-tv","tag-addio","tag-addio-anna","tag-addio-anna-pettinelli","tag-amici","tag-anna","tag-anna-pettinelli","tag-arrivano","tag-canto","tag-discipline","tag-discipline-sportive","tag-edizione","tag-entertainment","tag-intrattenimento","tag-it","tag-italia","tag-italy","tag-nomi","tag-pettinelli","tag-produzione","tag-programma","tag-show","tag-sport","tag-sportive","tag-storica","tag-studi","tag-talent","tag-toto","tag-toto-nomi","tag-tv","tag-voci"],"share_on_mastodon":{"url":"https:\/\/pubeurope.com\/@it\/116920430619788502","error":""},"_links":{"self":[{"href":"https:\/\/www.europesays.com\/it\/wp-json\/wp\/v2\/posts\/584919","targetHints":{"allow":["GET"]}}],"collection":[{"href":"https:\/\/www.europesays.com\/it\/wp-json\/wp\/v2\/posts"}],"about":[{"href":"https:\/\/www.europesays.com\/it\/wp-json\/wp\/v2\/types\/post"}],"author":[{"embeddable":true,"href":"https:\/\/www.europesays.com\/it\/wp-json\/wp\/v2\/users\/3"}],"replies":[{"embeddable":true,"href":"https:\/\/www.europesays.com\/it\/wp-json\/wp\/v2\/comments?post=584919"}],"version-history":[{"count":0,"href":"https:\/\/www.europesays.com\/it\/wp-json\/wp\/v2\/posts\/584919\/revisions"}],"wp:featuredmedia":[{"embeddable":true,"href":"https:\/\/www.europesays.com\/it\/wp-json\/wp\/v2\/media\/470895"}],"wp:attachment":[{"href":"https:\/\/www.europesays.com\/it\/wp-json\/wp\/v2\/media?parent=584919"}],"wp:term":[{"taxonomy":"category","embeddable":true,"href":"https:\/\/www.europesays.com\/it\/wp-json\/wp\/v2\/categories?post=584919"},{"taxonomy":"post_tag","embeddable":true,"href":"https:\/\/www.europesays.com\/it\/wp-json\/wp\/v2\/tags?post=584919"}],"curies":[{"name":"wp","href":"https:\/\/api.w.org\/{rel}","templated":true}]}}