{"id":584949,"date":"2026-07-14T21:48:17","date_gmt":"2026-07-14T21:48:17","guid":{"rendered":"https:\/\/www.europesays.com\/it\/584949\/"},"modified":"2026-07-14T21:48:17","modified_gmt":"2026-07-14T21:48:17","slug":"elena-sofia-ricci-le-serie-iniziano-troppo-tardi-e-una-mancanza-di-rispetto-per-il-pubblico","status":"publish","type":"post","link":"https:\/\/www.europesays.com\/it\/584949\/","title":{"rendered":"Elena Sofia Ricci: \u00abLe serie iniziano troppo tardi, \u00e8 una mancanza di rispetto per il pubblico\u00bb"},"content":{"rendered":"<p>\n                            Moda e Tendenze, ogni marted\u00ec<br \/>\n                            <b>Iscriviti<\/b> e ricevi le notizie via email\n                        <\/p>\n<p>Tra i volti pi\u00f9 applauditi dell\u2019ultima serata del <a href=\"https:\/\/www.ilmessaggero.it\/t\/bct\" rel=\"nofollow noopener\" target=\"_blank\">BCT<\/a> \u2013 Festival di Benevento, <a href=\"https:\/\/www.ilmessaggero.it\/t\/elena-sofia-ricci\" rel=\"nofollow noopener\" target=\"_blank\">Elena Sofia Ricci<\/a> arriva con un riconoscimento appena conquistato: all\u2019Italian Global Series Festival di Riccione \u00e8 stata premiata come miglior attrice protagonista per &#8220;Le indagini di <a href=\"https:\/\/www.ilmessaggero.it\/t\/teresa-battaglia\" rel=\"nofollow noopener\" target=\"_blank\">Teresa Battaglia<\/a>&#8220;. Un successo che, racconta a margine dell\u2019incontro con il pubblico, considera prima di tutto una vittoria collettiva. La serie <a href=\"https:\/\/www.ilmessaggero.it\/t\/rai\" rel=\"nofollow noopener\" target=\"_blank\">Rai<\/a>, tratta dai romanzi di <a href=\"https:\/\/www.ilmessaggero.it\/t\/ilaria-tuti\" rel=\"nofollow noopener\" target=\"_blank\">Ilaria Tuti<\/a>, \u00e8 stata infatti l\u2019unica produzione italiana in concorso nella sezione internazionale. E la notizia del premio l\u2019ha colta completamente di sorpresa. \u00abEro in macchina con mia figlia e continuavano a chiamarmi. Pensavo: \u201cMa chi \u00e8?\u201d. Non sapevo nemmeno che da quest\u2019anno premiassero anche attrici, attori e registi, credevo fosse candidata solo la serie. \u00c8 stata una sorpresa bellissima\u00bb.<\/p>\n<p>Un riconoscimento che, ammette, ha un sapore ancora pi\u00f9 speciale perch\u00e9 arrivato grazie a un personaggio che inizialmente aveva persino rifiutato. \u00abQuando mi proposero Teresa Battaglia dissi subito di no: pensai che non servisse un altro commissario. Poi ho scoperto un personaggio completamente diverso, una profiler che comprende i serial killer perch\u00e9 porta dentro di s\u00e9 una ferita profonda. \u00c8 una donna ruvida, libera, piena di contraddizioni\u00bb. Un ruolo che, ammette, rappresentava una scommessa anche per <a href=\"https:\/\/www.ilmessaggero.it\/t\/rai-1\" rel=\"nofollow noopener\" target=\"_blank\">Rai 1<\/a>. \u00abEra una serie molto dark, gotica, coraggiosa, con una protagonista poco accomodante. Nessuno immaginava che avrebbe funzionato cos\u00ec bene\u00bb.<\/p>\n<p>L\u2019attrice rivendica anche il valore del territorio raccontato dalla fiction. \u00abPortare il Friuli in un concorso internazionale \u00e8 stato un grande orgoglio. Abbiamo mostrato al mondo paesaggi straordinari e una parte dell\u2019Italia che meritava di essere conosciuta. Il nostro \u00e8 davvero un Paese meraviglioso\u00bb.<\/p>\n<p>Guardando al futuro, l&#8217;attrice anticipa qualche dettaglio sulla nuova stagione. \u00abFiglia della cenere \u00e8 il romanzo che aspettavo di interpretare. <\/p>\n<p>Finalmente scopriremo la ferita devastante che ha segnato Teresa e che spiega il suo modo di entrare nella mente degli assassini. \u00c8 una stagione molto intensa\u00bb.<\/p>\n<p>Non manca un passaggio su &#8220;<a href=\"https:\/\/www.ilmessaggero.it\/t\/che-dio-ci-aiuti\" rel=\"nofollow noopener\" target=\"_blank\">Che Dio ci aiuti<\/a>&#8220;, dove torner\u00e0 ancora una volta nei panni di <a href=\"https:\/\/www.ilmessaggero.it\/t\/suor-angela\" rel=\"nofollow noopener\" target=\"_blank\">Suor Angela<\/a>. \u00abNon riesco proprio a mollarla quella serie. Ormai <a href=\"https:\/\/www.ilmessaggero.it\/t\/francesca-chillemi\" rel=\"nofollow noopener\" target=\"_blank\">Francesca Chillemi<\/a> \u00e8 la protagonista e io le ho passato il testimone con grande gioia, ma ogni tanto torno a farle un po\u2019 di scherzi. Mi permette di esserci poco e allo stesso tempo di fare altri progetti\u00bb.<\/p>\n<p>Una scelta coerente con il suo modo di vivere la carriera. \u00abDopo qualche anno sento il bisogno di cambiare. Lascio tutte le serie quando penso che un personaggio abbia raccontato tutto quello che aveva da dire. Mi piace rimettermi in gioco\u00bb.<\/p>\n<p>Proprio da questa riflessione nasce spontanea una domanda: perch\u00e9 continuare a fare qualche incursione in <a href=\"https:\/\/www.ilmessaggero.it\/t\/che-dio-ci-aiuti\" rel=\"nofollow noopener\" target=\"_blank\">Che Dio ci aiuti<\/a> e non tornare, neppure per un cameo, ne <a href=\"https:\/\/www.ilmessaggero.it\/t\/i-cesaroni\" rel=\"nofollow noopener\" target=\"_blank\">I Cesaroni<\/a>? Elena Sofia Ricci chiarisce che la scelta risale a molto tempo fa. \u00abAvevo deciso di lasciare la serie gi\u00e0 dopo la quarta stagione\u00bb, spiega, ricordando che il suo percorso nei panni di Lucia si era concluso ben prima del ritorno della fiction. Sul fenomeno dei revival e delle &#8220;operazioni ritorno&#8221;, invece, preferisce non entrare nel merito. Racconta soltanto di aver seguito poco le nuove puntate dei Ceseroni\u00a0perch\u00e9 impegnata sul set, e coglie l\u2019occasione per lanciare una riflessione sugli orari della televisione: \u00abLe famiglie vogliono vedere le serie, ma ormai iniziano troppo tardi. La nostra prima serata \u00e8 diventata quasi una seconda serata. Non lo trovo rispettoso nei confronti del pubblico\u00bb.<\/p>\n<p>&#13;<br \/>\n                            \u00a9 RIPRODUZIONE RISERVATA&#13;<\/p>\n<p>&#13;<\/p>\n","protected":false},"excerpt":{"rendered":"Moda e Tendenze, ogni marted\u00ec Iscriviti e ricevi le notizie via email Tra i volti pi\u00f9 applauditi dell\u2019ultima&hellip;\n","protected":false},"author":3,"featured_media":584950,"comment_status":"","ping_status":"","sticky":false,"template":"","format":"standard","meta":{"footnotes":"","_share_on_mastodon":"0"},"categories":[1444],"tags":[10746,203,204,1537,90,89,2848,9100,253],"class_list":["post-584949","post","type-post","status-publish","format-standard","has-post-thumbnail","category-tv","tag-elena-sofia-ricci","tag-entertainment","tag-intrattenimento","tag-it","tag-italia","tag-italy","tag-rai","tag-serie-tv","tag-tv"],"share_on_mastodon":{"url":"https:\/\/pubeurope.com\/@it\/116920536646370167","error":""},"_links":{"self":[{"href":"https:\/\/www.europesays.com\/it\/wp-json\/wp\/v2\/posts\/584949","targetHints":{"allow":["GET"]}}],"collection":[{"href":"https:\/\/www.europesays.com\/it\/wp-json\/wp\/v2\/posts"}],"about":[{"href":"https:\/\/www.europesays.com\/it\/wp-json\/wp\/v2\/types\/post"}],"author":[{"embeddable":true,"href":"https:\/\/www.europesays.com\/it\/wp-json\/wp\/v2\/users\/3"}],"replies":[{"embeddable":true,"href":"https:\/\/www.europesays.com\/it\/wp-json\/wp\/v2\/comments?post=584949"}],"version-history":[{"count":0,"href":"https:\/\/www.europesays.com\/it\/wp-json\/wp\/v2\/posts\/584949\/revisions"}],"wp:featuredmedia":[{"embeddable":true,"href":"https:\/\/www.europesays.com\/it\/wp-json\/wp\/v2\/media\/584950"}],"wp:attachment":[{"href":"https:\/\/www.europesays.com\/it\/wp-json\/wp\/v2\/media?parent=584949"}],"wp:term":[{"taxonomy":"category","embeddable":true,"href":"https:\/\/www.europesays.com\/it\/wp-json\/wp\/v2\/categories?post=584949"},{"taxonomy":"post_tag","embeddable":true,"href":"https:\/\/www.europesays.com\/it\/wp-json\/wp\/v2\/tags?post=584949"}],"curies":[{"name":"wp","href":"https:\/\/api.w.org\/{rel}","templated":true}]}}