{"id":585057,"date":"2026-07-14T23:17:16","date_gmt":"2026-07-14T23:17:16","guid":{"rendered":"https:\/\/www.europesays.com\/it\/585057\/"},"modified":"2026-07-14T23:17:16","modified_gmt":"2026-07-14T23:17:16","slug":"giancarlo-giorgetti-con-la-manovra-misure-per-i-redditi-medio-alti-elezioni-anticipate-sono-contrario","status":"publish","type":"post","link":"https:\/\/www.europesays.com\/it\/585057\/","title":{"rendered":"Giancarlo Giorgetti: \u00abCon la manovra misure per i redditi medio-alti. Elezioni anticipate? Sono contrario\u00bb"},"content":{"rendered":"<p>    di<br \/>\n    Enrico Marro<\/p>\n<p class=\"summary-art is-line-h-12 is-mr-t-20\">Il titolare del Mef all\u2019Advisory board day organizzato dalla Rcs Academy: \u00abRespingeremo gli assalti alla legge di Bilancio\u00bb. Cairo: \u00abBene il calo dello spread\u00bb<\/p>\n<p class=\"chapter-paragraph\">\u00abGi\u00e0 \u00e8 complicato fare il ministro dell\u2019Economia nell\u2019ultimo anno prima delle elezioni, se poi si anticipa il voto diventa ancora pi\u00f9 complicato. Quindi io sono contrario alle elezioni anticipate\u00bb.<b> Non usa giri di parole il ministro <a href=\"https:\/\/www.corriere.it\/economia\/finanza\/26_luglio_13\/consob-guido-stazi-verso-la-presidenza-il-colloquio-giorgetti-tajani-per-sbloccare-l-impasse-16421a85-d70e-41b9-8aa0-8b013af66xlk.shtml\" rel=\"nofollow noopener\" target=\"_blank\">Giancarlo Giorgetti<\/a>, intervistato dal direttore del Corriere della Sera<\/b>, Luciano Fontana, nella sala Ciampi del dicastero, davanti a una folta platea di manager delle principali imprese italiane, in occasione della settima edizione dell\u2019Advisory board day organizzato dalla Rcs Academy.<\/p>\n<p class=\"chapter-paragraph\">Del resto, dice Giorgetti, <b>gli spazi per la prossima legge di Bilancio gi\u00e0 sono ristretti e quindi sarebbe meglio evitare  \u00abassalti alla diligenza\u00bb<\/b>. Lui comunque \u00e8 pronto a resistere. Come? \u00abBasta non leggere i giornali, non stare sui social e non guardare la tv \u2014 risponde con una battuta \u2014 Si resta cos\u00ec nella diligenza e non ci si accorge degli apache. Se poi mi catturano&#8230; spero non mi facciano lo scalpo\u00bb.    &#13;<br \/>\n&#13;<br \/>\n&#13;<br \/>\n&#13;<br \/>\n&#13;<br \/>\n&#13;<br \/>\n&#13;<br \/>\n&#13;<br \/>\n&#13;<br \/>\n&#13;<br \/>\n&#13;<br \/>\n&#13;<br \/>\n&#13;<br \/>\n&#13;<br \/>\n&#13;<br \/>\n&#13;<br \/>\n&#13;<br \/>\n&#13;<br \/>\n&#13;<br \/>\n&#13;<br \/>\n&#13;<br \/>\n&#13;<br \/>\n&#13;<br \/>\n&#13;<br \/>\n&#13;<br \/>\n&#13;<br \/>\n&#13;<br \/>\n&#13;<br \/>\n&#13;<br \/>\n&#13;<br \/>\n&#13;<br \/>\n&#13;<br \/>\n&#13;<br \/>\n&#13;<br \/>\n&#13;<br \/>\n&#13;<br \/>\n&#13;<br \/>\n&#13;<br \/>\n&#13;<br \/>\n&#13;<br \/>\n&#13;<br \/>\n&#13;<br \/>\n&#13;<br \/>\n&#13;<br \/>\n&#13;<br \/>\n&#13;<br \/>\n&#13;<br \/>\n&#13;<br \/>\n&#13;<br \/>\n&#13;<br \/>\n&#13;<br \/>\n&#13;<br \/>\n&#13;\n<\/p>\n<p>    La riforma fiscale? A vantaggio dei redditi medio-alti<\/p>\n<p class=\"chapter-paragraph\">Battute a parte, Giorgetti ha spiegato che gli spazi \u00abordinari\u00bb della manovra verranno usati per fare <b>un \u00abaltro passo della riforma fiscale\u00bb questa volta a vantaggio dei \u00abredditi medio-alti\u00bb, dopo i tagli fiscali e contributivi degli anni passati andati a beneficio dei redditi fino a 35-40 mila euro<\/b>. Non scende nei dettagli, (\u00abho le mie idee, ma devo mettermi d\u2019accordo con gli altri\u00bb) ma potrebbe essere questo il cuore del manovra, insieme agli interventi sugli spazi \u00abstraordinari\u00bb aperti dalla deroga al Patto di stabilit\u00e0, ottenuta \u00abmiracolosamente\u00bb da Bruxelles anche sulle spese per l\u2019energia, oltre che su quelle per la difesa.\u00a0<\/p>\n<p>    Tra energia e difesa<\/p>\n<p class=\"chapter-paragraph\">Le misure sull\u2019energia si concentreranno sugli interventi a sostegno della produzione di energia da fonti sostenibili: \u00abPenso a come funziona ora il riscaldamento e il condizionamento in scuole e ospedali\u00bb. <b>Sulla difesa, dove si aumenter\u00e0 la spesa dello \u00ab0,3% del  Pil nel 2027 e dello 0,6% nel 2028\u00bb, circa 19 miliardi<\/b>, si potenzier\u00e0 non solo la difesa in senso stretto, ha spiegato il ministro, ma  anche la cybersecurity. Il tutto, ha aggiunto, \u00aba beneficio, se possibile, dei campioni nazionali\u00bb come Leonardo e Fincantieri, che sono stati \u00absollecitati  a cambiare velocit\u00e0 in termini di capacit\u00e0 di offerta\u00bb.\u00a0<\/p>\n<p>    Il post Pnrr<\/p>\n<p class=\"chapter-paragraph\">L\u2019Italia, per\u00f2, nei prossimi anni non potr\u00e0 pi\u00f9 contare sull\u2019emissione di nuovo debito comune europeo, dopo il Next generation Eu: \u00abIn Europa la considerano una bestemmia\u00bb. E quindi, finito il Pnrr, gli investimenti saranno finanziati con risorse nazionali, tanto pi\u00f9 che \u00ababbiamo dimostrato di tenere il mercato del debito pubblico senza grandi difficolt\u00e0\u00bb, risparmiando sulla spesa per interessi. Un risultato, questo, sottolineato dal presidente e amministratore delegato di Rcs MediaGroup, Urbano Cairo, nel saluto introduttivo: <b>\u00abSe pensiamo che quando il governo ha cominciato lo spread era a 236 punti e oggi \u00e8 a 77, significa un calo, rispetto al Bund tedesco, di 159 punti, che vale 15-20 miliardi\u00bb<\/b>. \u00c8 questa la \u00abvera sovranit\u00e0\u00bb, ha detto Giorgetti.<\/p>\n<p>    Le difficolt\u00e0 tra Europa e Stati Uniti (che invece dovrebbero unire le loro forze)<\/p>\n<p class=\"chapter-paragraph\">\u00abUn sovranismo realista\u00bb che offre una boccata d\u2019ossigeno in un mondo sempre pi\u00f9 complicato, con l\u2019Europa stretta da una parte dall\u2019imprevedibilit\u00e0 del presidente Usa, Donald Tramp, \u00abun personaggio che non ragiona con le categorie della politica ma dell\u2019uomo d\u2019affari\u00bb, ha osservato il ministro, e dall\u2019altra dalla Cina che, passo dopo passo, \u00abcon la sua overcapacity sta distruggendo in modo competitivo l\u2019industria europea\u00bb. Per questo, <b>secondo Giorgetti, Europa e Stati Uniti, invece di farsi la guerra commerciale tra loro, dovrebbe unirsi per \u00abriscrivere le regole del Wto che hanno spalancato le porte del commercio internazionale alla Cina\u00bb<\/b>, col rischio di perdere le ultime due manifatture in Europa, quella tedesca e quella italiana.\u00a0<\/p>\n<p>    La crescita, i salari&#8230; e il ruolo delle banche<\/p>\n<p class=\"chapter-paragraph\">In questo contesto, per l\u2019Italia restano i problemi della bassa crescita (\u00abche per\u00f2 dipende anche dal declino demografico e dal fatto che abbiamo rinunciato alle forniture di gas dalla Russia e ora compriamo a prezzi pi\u00f9 alti da altri Paesi\u00bb), e dei bassi salari, dove Giorgetti da una parte ha rivendicato le misure di detassazione (aliquota al 5%) degli aumenti contrattuali e dall\u2019altra ha chiesto alle imprese di fare la loro parte, perch\u00e9 \u00abse i giovani vanno all\u2019estero, il mea culpa deve essere collettivo e non solo del governo\u00bb. Infine,  il ministro ha rinnovato <b>l\u2019invito alle banche di \u00abfare le banche\u00bb, cio\u00e8 di non far mancare  credito e  sostegno sul territorio alle imprese, in particolare alle piccole e alle start up<\/b>, superando la pura logica degli algoritmi e valutando la bont\u00e0 dei singoli progetti. Concetti che Giorgetti ribadir\u00e0 oggi all\u2019assemblea generale dell\u2019Abi, l\u2019associazione bancaria italiana.<\/p>\n<p><a href=\"https:\/\/www.corriere.it\/app-economia\/?intcmp=DL-app_nd_011024_corriere_ss_conomia\" target=\"_blank\" class=\"bck-app-banner\" rel=\"nofollow noopener\"><img decoding=\"async\" class=\"bck-app-img\" src=\"https:\/\/www.europesays.com\/it\/wp-content\/uploads\/2025\/08\/1756449670_863_app.png\"\/><\/p>\n<p>Nuova app <strong>L&#8217;Economia<\/strong>. News, approfondimenti e l&#8217;assistente virtuale al tuo servizio.<\/p>\n<p>SCARICA L&#8217; APP<\/p>\n<p><img decoding=\"async\" src=\"https:\/\/www.europesays.com\/it\/wp-content\/uploads\/2025\/07\/eco.png\"\/><\/a><\/p>\n<p>Iscriviti alle <a href=\"https:\/\/www.corriere.it\/newsletter\/?theme=4\" rel=\"nofollow noopener\" target=\"_blank\">newsletter de L&#8217;Economia<\/a>. Analisi e commenti sui principali avvenimenti\u00a0economici a cura delle firme del Corriere.<\/p>\n<p class=\"is-last-update\" datetime=\"2026-07-14T23:01:23+02:00\">14 luglio 2026<\/p>\n<p class=\"is-copyright\">\n            \u00a9 RIPRODUZIONE RISERVATA\n        <\/p>\n","protected":false},"excerpt":{"rendered":"di Enrico Marro Il titolare del Mef all\u2019Advisory board day organizzato dalla Rcs Academy: \u00abRespingeremo gli assalti alla&hellip;\n","protected":false},"author":3,"featured_media":585058,"comment_status":"","ping_status":"","sticky":false,"template":"","format":"standard","meta":{"footnotes":"","_share_on_mastodon":"0"},"categories":[172],"tags":[11384,107758,310739,322320,178,7233,2537,30269,53729,3721,21283,1033,1422,322321,322322,177,7775,723,356,8915,5372,1307,4084,322323,322324,6008,767,5376,298170,123,30282,3566,322325,3085,181809,6768,322326,322327,325,42446,32233,3709,1893,1537,90,4945,89,1207,51496,6771,6410,322317,2505,1654,42160,68,79864,26547,322318,322319,21301],"class_list":["post-585057","post","type-post","status-publish","format-standard","has-post-thumbnail","category-affari","tag-academy","tag-advisory","tag-advisory-board","tag-advisory-board-day","tag-affari","tag-alti","tag-altra","tag-anticipate","tag-assalti","tag-banche","tag-beneficio","tag-bilancio","tag-board","tag-board-day","tag-board-day-organizzato","tag-business","tag-cairo","tag-calo","tag-cina","tag-complicato","tag-contrario","tag-crescita","tag-day","tag-day-organizzato","tag-day-organizzato-rcs","tag-debito","tag-difesa","tag-difficolta","tag-diligenza","tag-elezioni","tag-elezioni-anticipate","tag-energia","tag-energia-difesa","tag-europa","tag-europa-uniti","tag-fiscale","tag-fiscale-vantaggio","tag-fiscale-vantaggio-redditi","tag-giancarlo","tag-giancarlo-giorgetti","tag-giorgetti","tag-imprese","tag-interventi","tag-it","tag-italia","tag-italiana","tag-italy","tag-legge","tag-legge-bilancio","tag-manovra","tag-medio","tag-medio-alti","tag-misure","tag-nazionali","tag-organizzato","tag-passo","tag-rcs","tag-redditi","tag-redditi-medio","tag-redditi-medio-alti","tag-spazi"],"share_on_mastodon":{"url":"","error":"Validation failed: Text character limit of 500 exceeded"},"_links":{"self":[{"href":"https:\/\/www.europesays.com\/it\/wp-json\/wp\/v2\/posts\/585057","targetHints":{"allow":["GET"]}}],"collection":[{"href":"https:\/\/www.europesays.com\/it\/wp-json\/wp\/v2\/posts"}],"about":[{"href":"https:\/\/www.europesays.com\/it\/wp-json\/wp\/v2\/types\/post"}],"author":[{"embeddable":true,"href":"https:\/\/www.europesays.com\/it\/wp-json\/wp\/v2\/users\/3"}],"replies":[{"embeddable":true,"href":"https:\/\/www.europesays.com\/it\/wp-json\/wp\/v2\/comments?post=585057"}],"version-history":[{"count":0,"href":"https:\/\/www.europesays.com\/it\/wp-json\/wp\/v2\/posts\/585057\/revisions"}],"wp:featuredmedia":[{"embeddable":true,"href":"https:\/\/www.europesays.com\/it\/wp-json\/wp\/v2\/media\/585058"}],"wp:attachment":[{"href":"https:\/\/www.europesays.com\/it\/wp-json\/wp\/v2\/media?parent=585057"}],"wp:term":[{"taxonomy":"category","embeddable":true,"href":"https:\/\/www.europesays.com\/it\/wp-json\/wp\/v2\/categories?post=585057"},{"taxonomy":"post_tag","embeddable":true,"href":"https:\/\/www.europesays.com\/it\/wp-json\/wp\/v2\/tags?post=585057"}],"curies":[{"name":"wp","href":"https:\/\/api.w.org\/{rel}","templated":true}]}}