{"id":585081,"date":"2026-07-14T23:42:11","date_gmt":"2026-07-14T23:42:11","guid":{"rendered":"https:\/\/www.europesays.com\/it\/585081\/"},"modified":"2026-07-14T23:42:11","modified_gmt":"2026-07-14T23:42:11","slug":"modric-milan-rinnovo-sempre-piu-vicino-cosa-manca-ora","status":"publish","type":"post","link":"https:\/\/www.europesays.com\/it\/585081\/","title":{"rendered":"Modric Milan, rinnovo sempre pi\u00f9 vicino: cosa manca ora"},"content":{"rendered":"<p><strong>Luka Modric \u00e8 sempre pi\u00f9 vicino a restare al Milan<\/strong>. Piccoli passi verso la <strong>riconferma <\/strong>del croato. I rossoneri hanno continuato a corteggiarlo dopo la sconfitta in campionato contro il Cagliari dello scorso 24 maggio e le chance di vederlo ancora in Italia aumentano giorno dopo giorno.<strong> Manca solo l&#8217;ultima conferma definitiva<\/strong> del centrocampista, che poi raggiungerebbe i compagni direttamente in Australia il 26 luglio.\u00a0<\/p>\n<p>\t\t\t<a class=\"c-inline-card j-inline-card c-inline-card--with-image\" href=\"https:\/\/sport.sky.it\/calcio\/serie-a\/2026\/07\/14\/milan-programma-rientro-nazionali\" rel=\"follow nofollow noopener\" data-intcmp=\"skysport_articolo_approfondimenti_inline\" target=\"_blank\"><\/p>\n<p>\t\t\t         <img decoding=\"async\" crossorigin=\"anonymous\" alt=\"\" src=\"https:\/\/www.europesays.com\/it\/wp-content\/uploads\/2026\/07\/leao_ramos_ipa.jpg\"  loading=\"lazy\"  bad-src=\"https:\/\/www.europesays.com\/it\/wp-content\/uploads\/2026\/07\/leao_ramos_ipa.jpg\"\/><\/p>\n<p>\n\t\t\t         Leggi anche<br \/>\n\t\t\t         Milan, quando rientrano i nazionali post Mondiale\n\t\t\t      <\/p>\n<p>\t\t\t<\/a><\/p>\n<p>\t\t\tUn ulteriore anno per chiudere al meglio<\/p>\n<p><strong>Luka Modric non ha mai chiuso la porta al Milan<\/strong>. Il croato si trova bene assieme alla sua famiglia a Milano, con i figli che giocano nelle giovanili rossonere.<strong> La sua idea \u00e8 quella di chiudere al meglio la propria carriera<\/strong> dopo il finale triste della scorsa stagione. Le parti sono vicine per una conferma per un ulteriore anno al Milan.\u00a0<\/p>\n","protected":false},"excerpt":{"rendered":"Luka Modric \u00e8 sempre pi\u00f9 vicino a restare al Milan. Piccoli passi verso la riconferma del croato. I&hellip;\n","protected":false},"author":3,"featured_media":585082,"comment_status":"","ping_status":"","sticky":false,"template":"","format":"standard","meta":{"footnotes":"","_share_on_mastodon":"0"},"categories":[176],"tags":[353,6293,1537,90,89,28086,553,245,244],"class_list":["post-585081","post","type-post","status-publish","format-standard","has-post-thumbnail","category-sport","tag-calciomercato","tag-calciomercato-serie-a","tag-it","tag-italia","tag-italy","tag-luka-modric","tag-milan","tag-sport","tag-sports"],"share_on_mastodon":{"url":"https:\/\/pubeurope.com\/@it\/116920985788500533","error":""},"_links":{"self":[{"href":"https:\/\/www.europesays.com\/it\/wp-json\/wp\/v2\/posts\/585081","targetHints":{"allow":["GET"]}}],"collection":[{"href":"https:\/\/www.europesays.com\/it\/wp-json\/wp\/v2\/posts"}],"about":[{"href":"https:\/\/www.europesays.com\/it\/wp-json\/wp\/v2\/types\/post"}],"author":[{"embeddable":true,"href":"https:\/\/www.europesays.com\/it\/wp-json\/wp\/v2\/users\/3"}],"replies":[{"embeddable":true,"href":"https:\/\/www.europesays.com\/it\/wp-json\/wp\/v2\/comments?post=585081"}],"version-history":[{"count":0,"href":"https:\/\/www.europesays.com\/it\/wp-json\/wp\/v2\/posts\/585081\/revisions"}],"wp:featuredmedia":[{"embeddable":true,"href":"https:\/\/www.europesays.com\/it\/wp-json\/wp\/v2\/media\/585082"}],"wp:attachment":[{"href":"https:\/\/www.europesays.com\/it\/wp-json\/wp\/v2\/media?parent=585081"}],"wp:term":[{"taxonomy":"category","embeddable":true,"href":"https:\/\/www.europesays.com\/it\/wp-json\/wp\/v2\/categories?post=585081"},{"taxonomy":"post_tag","embeddable":true,"href":"https:\/\/www.europesays.com\/it\/wp-json\/wp\/v2\/tags?post=585081"}],"curies":[{"name":"wp","href":"https:\/\/api.w.org\/{rel}","templated":true}]}}