{"id":585175,"date":"2026-07-15T01:09:21","date_gmt":"2026-07-15T01:09:21","guid":{"rendered":"https:\/\/www.europesays.com\/it\/585175\/"},"modified":"2026-07-15T01:09:21","modified_gmt":"2026-07-15T01:09:21","slug":"ecco-quanto-abbiamo-pagato-lassicurazione-dei-monopattini-parla-il-vicepresidente-di-assosharing","status":"publish","type":"post","link":"https:\/\/www.europesays.com\/it\/585175\/","title":{"rendered":"\u201cEcco quanto abbiamo pagato l\u2019assicurazione dei monopattini\u201d: parla il vicepresidente di Assosharing"},"content":{"rendered":"<p>Roma, 14 luglio 2026 \u2013 <a rel=\"follow nofollow noopener\" href=\"https:\/\/www.quotidiano.net\/economia\/monopattini-quanto-costa-l-assicurazione-kbecn4ek\" target=\"_blank\"><strong>L\u2019assicurazione dei monopattini<\/strong><\/a> \u2013 obbligatoria da <a rel=\"follow nofollow noopener\" href=\"https:\/\/www.quotidiano.net\/cronaca\/inchieste\/assicurazione-monopattini-diritto-di-rivalsa-cos-e-quando-scatta-kjg59ljw\" target=\"_blank\"><strong>gioved\u00ec 16 luglio<\/strong><\/a> \u2013 come <strong>tutte le coperture RC auto<\/strong> ha <strong>tariffe personalizzate<\/strong>, quindi <strong>non esiste un \u2018prezzo fisso\u2019<\/strong>.<\/p>\n<p>La scadenza, prevista nel <strong>nuovo codice della strada<\/strong> riformato dal <strong>ministro dei Trasporti Matteo Salvini<\/strong>, avrebbe dovuto scattare il 16 maggio, in concomitanza con <a rel=\"follow nofollow noopener\" href=\"https:\/\/www.quotidiano.net\/cronaca\/inchieste\/monopattini-quanto-costa-davvero-la-targa-tasse-incluse-clz1ntr1\" target=\"_blank\"><strong>l\u2019obbligo di targa<\/strong><\/a>. Ma Ania \u2013 Associazione nazionale fra le imprese assicuratrici \u2013 aveva chiesto e ottenuto una proroga.<\/p>\n<p> <img alt=\"Assicurazione dei monopattini: il contrassegno sar\u00e0 obbligatorio da gioved\u00ec 16 luglio. Le multe per chi ne \u00e8 sprovvisto vanno da 100 a 400 euro\" loading=\"lazy\" width=\"1600\" height=\"900\" decoding=\"async\" data-nimg=\"1\" style=\"color:transparent;max-width:100%;height:auto\"   src=\"https:\/\/www.europesays.com\/it\/wp-content\/uploads\/2026\/07\/assicurazione-dei-monopattini-il-contrassegno-sara-obbligatorio-da-giovedi-16-luglio-le-multe-per-ch.webp\"\/><\/p>\n<p>Assicurazione dei monopattini: il contrassegno sar\u00e0 obbligatorio da gioved\u00ec 16 luglio. Le multe per chi ne \u00e8 sprovvisto vanno da 100 a 400 euro<\/p>\n<p>Quanto costa l\u2019assicurazione dei monopattini <\/p>\n<p>A due giorni dall\u2019entrata in vigore dell\u2019obbligo \u2013 che prevede <strong>multe da 100 a 400 euro <\/strong>per i trasgressori \u2013 <strong>non esiste una \u2018tariffa unica\u2019 <\/strong>perch\u00e9 il prezzo delle polizze Rc auto <strong>\u00e8 sempre \u2018personalizzato\u2019<\/strong>. Lo conferma anche un <strong>nostro test telefonico<\/strong>, i prezzi che ci sono stati comunicati <strong>oscillano (molto) fra 30 euro<\/strong> (cifra che sembra molto improbabile, per una copertura Rc auto), e <strong>450<\/strong>. Per la cronaca: <strong>un monopattino costa fra 300 e 600 euro.\u00a0<\/strong><\/p>\n<p><a rel=\"nofollow noopener\" href=\"https:\/\/www.ania.it\/infopolizze\/assicurazione-monopattini-elettrici\/\" target=\"_blank\"><strong>A questo link di Ania le Faq sull\u2019assicurazione dei monopattini<\/strong><\/a><\/p>\n<p>Abbiamo invece una certezza: <strong>la flotta dei 60mila monopattini in sharing<\/strong> \u00e8 <strong>gi\u00e0 assicurata e <a rel=\"follow nofollow noopener\" href=\"https:\/\/www.quotidiano.net\/cronaca\/inchieste\/targhino-dei-monopattini-spese-cosa-devono-fare-minori-e-cittadini-extracomunitari-yd52ccj3\" target=\"_blank\">targata al 100%<\/a>\u00a0(per quelli privati <\/strong>risultano<strong> 73mila contrassegni su 800mila mezzi circolanti)<\/strong>. Dunque la categoria del noleggio \u00e8 l\u2019unica in grado di rispondere alla domanda:<strong> quanto sono costate le polizze<\/strong>? <strong>\u201cFino ed oltre i 100 euro<\/strong> \u2013 chiarisce<a rel=\"follow nofollow noopener\" href=\"https:\/\/www.quotidiano.net\/cronaca\/inchieste\/monopattini-assosharing-il-problema-e-la-velocita-sui-nostri-non-si-puo-forzare-i0zs9qs3\" target=\"_blank\"> <strong>Andrea Giaretta,<\/strong><\/a> vicepresidente Assosharing -. Anche se il costo cambia da operatore a operatore. <strong>Le garanzie sono quelle di base<\/strong>, la copertura di danni a cose o a persone\u201d. Ma, per avere un\u2019idea, assicurare molti mezzi insieme comporta uno sconto? \u201cIn teoria s\u00ec ma invece \u00e8 molto probabile che non sia cos\u00ec. Basta guardare alle assicurazioni di auto e moto, per il sharing i prezzi sono sempre pi\u00f9 alti\u201d.<\/p>\n<p> <img alt=\"Va calcolato anche il bollo nel costo finale della targa per i monopattini, che diventa obbligatoria dal 16 maggio assieme al targhino. Nel 2024 era stato introdotto l'obbligo di casco\" loading=\"lazy\" width=\"1600\" height=\"827\" decoding=\"async\" data-nimg=\"1\" style=\"color:transparent;max-width:100%;height:auto\"   src=\"https:\/\/www.europesays.com\/it\/wp-content\/uploads\/2026\/07\/va-calcolato-anche-il-bollo-nel-costo-finale-della-targa-per-i-monopattini-che-diventa-obbligatoria-.webp\"\/><\/p>\n<p>Va calcolato anche il bollo nel costo finale della targa per i monopattini, che diventa obbligatoria dal 16 maggio assieme al targhino. Nel 2024 era stato introdotto l&#8217;obbligo di casco<\/p>\n<p>Ma il prezzo dei noleggi aumenter\u00e0? <\/p>\n<p>I monopattini in <strong>sharing erano gi\u00e0 assicurati <\/strong>anche prima della riforma Salvini. <strong>\u201cQuella copertura costava tra 20 e 30 euro, ed era Rct\/Rco<\/strong>, responsabilit\u00e0 civile verso terzi e operai studiata per le aziende per fare in modo che i mezzi siano coperti in caso di danno materiale\u201d.<\/p>\n<p><strong>Ma quindi aumenterete i prezzi<\/strong>? I noleggi potrebbero costare di pi\u00f9? <strong>\u201cLa cosa \u00e8 in fase di valutazione<\/strong> \u2013 \u00e8 prudente Giaretta -. Perch\u00e9 da un lato ci sono gli<strong> obblighi contrattuali <\/strong>ma dall\u2019altro c\u2019\u00e8 <strong>l\u2019aspetto commerciale da valutare\u201d.<\/strong><\/p>\n<p>Indagine conoscitiva sul settore Rc auto <\/p>\n<p>Nel frattempo, a giugno, <strong>l\u2019Autorit\u00e0 garante della concorrenza <\/strong>e del mercato <strong>e l\u2019Ivass hanno avviato un\u2019indagine conoscitiva <\/strong>proprio sul settore Rc Auto. Per Assosharing questa sar\u00e0 \u201c<strong>la sede giusta per fare chiarezza<\/strong> sulle <strong>dinamiche di formazione dei premi<\/strong>, anche per la mobilit\u00e0 condivisa\u201d.<\/p>\n<p>Le Faq di Ania sulle assicurazioni dei monopattini <\/p>\n<p>Oggi Ania ha pubblicato sul sito<strong> le Faq che rispondono ai principali dubbi<\/strong> sulle assicurazioni dei monopattini. <strong>Nessun cenno alle tariffe<\/strong>. Tra le altre cose si torna a chiarire che il tipo di copertura richiesta dalle legge <strong>non \u00e8 una semplice Rc capofamiglia <\/strong>ma<strong> una Rc auto<\/strong>. Di norma molto pi\u00f9 costosa.<\/p>\n<p>L\u2019Associazione ricorda anche che<strong> \u201cdurante la guida \u00e8 obbligatorio avere con s\u00e9 il certificato<\/strong> assicurativo (in forma digitale o cartacea) da esibire alle <strong>forze dell\u2019ordine in caso di controllo\u201d<\/strong>. E quello dei controlli \u00e8 sicuramente uno dei punti dolenti di tutta la storia.<\/p>\n","protected":false},"excerpt":{"rendered":"Roma, 14 luglio 2026 \u2013 L\u2019assicurazione dei monopattini \u2013 obbligatoria da gioved\u00ec 16 luglio \u2013 come tutte le&hellip;\n","protected":false},"author":3,"featured_media":585176,"comment_status":"","ping_status":"","sticky":false,"template":"","format":"standard","meta":{"footnotes":"","_share_on_mastodon":"0"},"categories":[79],"tags":[33294,7579,273572,14,93,94,1537,90,89,109532,7,15,17959,2463,11,84,91,12,85,92,7352],"class_list":["post-585175","post","type-post","status-publish","format-standard","has-post-thumbnail","category-italia","tag-abbiamo","tag-assicurazione","tag-assosharing","tag-cronaca","tag-cronaca-italiana","tag-cronacaitaliana","tag-it","tag-italia","tag-italy","tag-monopattini","tag-news","tag-notizie","tag-pagato","tag-parla","tag-ultime-notizie","tag-ultime-notizie-e-news-di-oggi","tag-ultime-notizie-italia","tag-ultimenotizie","tag-ultimenotizieenewsdioggi","tag-ultimenotizieitalia","tag-vicepresidente"],"share_on_mastodon":{"url":"https:\/\/pubeurope.com\/@it\/116921327640248793","error":""},"_links":{"self":[{"href":"https:\/\/www.europesays.com\/it\/wp-json\/wp\/v2\/posts\/585175","targetHints":{"allow":["GET"]}}],"collection":[{"href":"https:\/\/www.europesays.com\/it\/wp-json\/wp\/v2\/posts"}],"about":[{"href":"https:\/\/www.europesays.com\/it\/wp-json\/wp\/v2\/types\/post"}],"author":[{"embeddable":true,"href":"https:\/\/www.europesays.com\/it\/wp-json\/wp\/v2\/users\/3"}],"replies":[{"embeddable":true,"href":"https:\/\/www.europesays.com\/it\/wp-json\/wp\/v2\/comments?post=585175"}],"version-history":[{"count":0,"href":"https:\/\/www.europesays.com\/it\/wp-json\/wp\/v2\/posts\/585175\/revisions"}],"wp:featuredmedia":[{"embeddable":true,"href":"https:\/\/www.europesays.com\/it\/wp-json\/wp\/v2\/media\/585176"}],"wp:attachment":[{"href":"https:\/\/www.europesays.com\/it\/wp-json\/wp\/v2\/media?parent=585175"}],"wp:term":[{"taxonomy":"category","embeddable":true,"href":"https:\/\/www.europesays.com\/it\/wp-json\/wp\/v2\/categories?post=585175"},{"taxonomy":"post_tag","embeddable":true,"href":"https:\/\/www.europesays.com\/it\/wp-json\/wp\/v2\/tags?post=585175"}],"curies":[{"name":"wp","href":"https:\/\/api.w.org\/{rel}","templated":true}]}}