{"id":585290,"date":"2026-07-15T03:18:18","date_gmt":"2026-07-15T03:18:18","guid":{"rendered":"https:\/\/www.europesays.com\/it\/585290\/"},"modified":"2026-07-15T03:18:18","modified_gmt":"2026-07-15T03:18:18","slug":"tedesco-su-orsolini-convinto-si-risolvera-bernardeschi-freuler-rowe-castro-lucumi-e-i-portieri","status":"publish","type":"post","link":"https:\/\/www.europesays.com\/it\/585290\/","title":{"rendered":"Tedesco: &#8220;Su Orsolini convinto si risolver\u00e0. Bernardeschi, Freuler, Rowe, Castro, Lucumi e i portieri&#8230;&#8221;"},"content":{"rendered":"<p>\nIl tecnico del Bologna, <strong>Domenico Tedesco<\/strong>, ha parlato nella conferenza stampa di presentazione di oggi. Queste le sue parole riportate dal Resto del Carlino: &#8220;Sono molto contento della risposta che stanno dando i miei giocatori\u201d.\n<\/p>\n<p>\n<strong>MERCATO<\/strong> &#8211; \u201cNon \u00e8 un segreto che le nostre priorit\u00e0 siano un terzino sinistro e un centrocampista. Ma il mercato \u00e8 bloccato per tutti, negli anni del mondiale \u00e8 sempre cos\u00ec. Ma io e la societ\u00e0 siamo allineati su tutto\u201d.\n<\/p>\n<p>\n<strong>ROWE CASTRO E LUCUMI<\/strong> &#8211; \u201cI dirigenti sanno benissimo le mie esigenze, ma anche io so quali sono le esigenze del club. Loro sono stati sempre trasparenti con me, dicendomi quali fossero gli scenari: e io ho preso la decisione di venire qui. Lucumi al momento \u00e8 un nostro giocatore\u201d.\n<\/p>\n<p>        <img src=\"https:\/\/www.europesays.com\/it\/wp-content\/uploads\/2026\/07\/GettyImages-2159378464-99a34fc8a3b4-480x269.jpg\"   width=\"715\" height=\"400\" alt=\"GettyImages-2159378464\" title=\"GettyImages-2159378464\" loading=\"eager\" fetchpriority=\"high\" decoding=\"sync\" class=\"w-full h-auto aspect-3\/2 object-cover object-top rounded-lg\"\/><\/p>\n<p>\n<strong>ORSOLINI<\/strong> &#8211; \u201cRinnovo? E\u2019 un tormentone che va avanti da un po\u2019. Io tengo molto a lui, aspetto la notizia positiva: e sono convinto che risolveremo questa situazione\u201d.\n<\/p>\n<p>\n<strong>PORTIERI<\/strong> &#8211; &#8220;Su Ravaglia non c\u2019\u00e8 ancora niente di ufficiale, aspettiamo, se dovesse sul serio uscire avremo Skorupski titolare e Pessina vice. Abbiamo grande stima di entrambi&#8221;.\n<\/p>\n<p>\n<strong>FREULER<\/strong> &#8211;  \u201cRemo \u00e8 in ottimi rapporti con la societ\u00e0, specialmente con Giovanni (Sartori, ndr). Vediamo\u2026\u201d.\n<\/p>\n<p>\n<strong>MODULO<\/strong> &#8211; \u201c4-3-3 il modulo di partenza ma potremo variare anche sul 4-2-3-1\u201d.\n<\/p>\n<p>\n<strong>BERNARDESCHI<\/strong> &#8211; \u201cMezzala? Ha qualit\u00e0 per giocare in quel ruolo\u201d.\n<\/p>\n<p>\n<strong>EUROPA<\/strong> &#8211; \u201cE\u2019 ancora presto per parlare d\u2019Europa. La serie A \u00e8 molto competitiva. Strada facendo vedremo dove ci porter\u00e0 la stagione\u201d<\/p>\n","protected":false},"excerpt":{"rendered":"Il tecnico del Bologna, Domenico Tedesco, ha parlato nella conferenza stampa di presentazione di oggi. Queste le sue&hellip;\n","protected":false},"author":3,"featured_media":585291,"comment_status":"","ping_status":"","sticky":false,"template":"","format":"standard","meta":{"footnotes":"","_share_on_mastodon":"0"},"categories":[176],"tags":[62379,586,322453,322454,2712,322455,877,932,126868,26944,27224,284373,322456,7976,3085,57970,1537,90,89,31786,1412,14767,245,244,8233],"class_list":["post-585290","post","type-post","status-publish","format-standard","has-post-thumbnail","category-sport","tag-bernardeschi","tag-bologna","tag-bologna-domenico","tag-bologna-domenico-tedesco","tag-castro","tag-castro-lucumi","tag-conferenza","tag-conferenza-stampa","tag-conferenza-stampa-presentazione","tag-convinto","tag-domenico","tag-domenico-tedesco","tag-domenico-tedesco-parlato","tag-esigenze","tag-europa","tag-freuler","tag-it","tag-italia","tag-italy","tag-lucumi","tag-mercato","tag-modulo","tag-sport","tag-sports","tag-tedesco"],"share_on_mastodon":{"url":"https:\/\/pubeurope.com\/@it\/116921835067996464","error":""},"_links":{"self":[{"href":"https:\/\/www.europesays.com\/it\/wp-json\/wp\/v2\/posts\/585290","targetHints":{"allow":["GET"]}}],"collection":[{"href":"https:\/\/www.europesays.com\/it\/wp-json\/wp\/v2\/posts"}],"about":[{"href":"https:\/\/www.europesays.com\/it\/wp-json\/wp\/v2\/types\/post"}],"author":[{"embeddable":true,"href":"https:\/\/www.europesays.com\/it\/wp-json\/wp\/v2\/users\/3"}],"replies":[{"embeddable":true,"href":"https:\/\/www.europesays.com\/it\/wp-json\/wp\/v2\/comments?post=585290"}],"version-history":[{"count":0,"href":"https:\/\/www.europesays.com\/it\/wp-json\/wp\/v2\/posts\/585290\/revisions"}],"wp:featuredmedia":[{"embeddable":true,"href":"https:\/\/www.europesays.com\/it\/wp-json\/wp\/v2\/media\/585291"}],"wp:attachment":[{"href":"https:\/\/www.europesays.com\/it\/wp-json\/wp\/v2\/media?parent=585290"}],"wp:term":[{"taxonomy":"category","embeddable":true,"href":"https:\/\/www.europesays.com\/it\/wp-json\/wp\/v2\/categories?post=585290"},{"taxonomy":"post_tag","embeddable":true,"href":"https:\/\/www.europesays.com\/it\/wp-json\/wp\/v2\/tags?post=585290"}],"curies":[{"name":"wp","href":"https:\/\/api.w.org\/{rel}","templated":true}]}}