{"id":585311,"date":"2026-07-15T03:40:31","date_gmt":"2026-07-15T03:40:31","guid":{"rendered":"https:\/\/www.europesays.com\/it\/585311\/"},"modified":"2026-07-15T03:40:31","modified_gmt":"2026-07-15T03:40:31","slug":"biennale-le-accuse-di-bruxelles-al-cda-vantaggio-supporto-e-promozione-gia-dallesposizione-architettura-2025","status":"publish","type":"post","link":"https:\/\/www.europesays.com\/it\/585311\/","title":{"rendered":"Biennale, le accuse di Bruxelles al Cda: \u00abVantaggio, supporto e promozione gi\u00e0 dall&#8217;Esposizione Architettura 2025\u00bb"},"content":{"rendered":"<p><a href=\"https:\/\/www.ilgazzettino.it\/t\/venezia\" rel=\"nofollow noopener\" target=\"_blank\">VENEZIA<\/a> &#8211; Cosa succeder\u00e0 adesso sull&#8217;asse Venezia-Bruxelles? Come annunciato sabato sera, la <a href=\"https:\/\/www.ilgazzettino.it\/t\/biennale\" rel=\"nofollow noopener\" target=\"_blank\">Biennale<\/a> attende dall&#8217;Agenzia esecutiva europea per l&#8217;educazione e la cultura \u00abuna nota tecnica formale per valutare ogni eventuale passo successivo e far valere le proprie ragioni in tutte le sedi competenti\u00bb, contro la raccomandazione della Commissione Ue \u00abdi interrompere il contributo di 2 milioni\u00bb. Il tema sar\u00e0 affrontato domani mattina dal Consiglio di amministrazione a Ca&#8217; Giustinian, attraverso un&#8217;informativa del presidente <a href=\"https:\/\/www.ilgazzettino.it\/t\/pietrangelo-buttafuoco\" rel=\"nofollow noopener\" target=\"_blank\">Pietrangelo Buttafuoco<\/a>, ma gi\u00e0 leggendo il carteggio intercorso negli ultimi tre mesi, \u00e8 possibile prevedere che lo scontro non sar\u00e0 ricomposto tanto facilmente. <\/p>\n<p>    &#13;<\/p>\n<p>APPROFONDIMENTI<\/p>\n<p>&#13;<br \/>\n        &#13;<\/p>\n<p>La prima <\/p>\n<p>Tre le lettere, e altrettante le risposte, sul caso Russia. La prima missiva risale al 10 aprile. Dopo un mese di polemiche politico-istituzionali a livello continentale per la presenza russa all&#8217;Esposizione internazionale d&#8217;arte, l&#8217;European education and culture executive agency ipotizza una violazione delle sanzioni europee da parte della Fondazione, la quale ricaverebbe un \u00abvantaggio\u00bb da quella partecipazione. Ritenendo che sussista \u00abun grave illecito professionale\u00bb, l&#8217;Eacea ventila lo scioglimento dell&#8217;accordo di finanziamento dei progetti Venice Production Bridge e Biennale College Cinema. Si tratta all&#8217;incirca di 660.000 euro all&#8217;anno per un triennio, dunque in totale poco meno di 2 milioni. Al momento risulta erogato un acconto di 800.000 euro, dopodich\u00e9 \u00e8 stata chiesta un&#8217;ulteriore tranche di 400.000, che per\u00f2 non \u00e8 stata ancora liquidata. Nella replica dell&#8217;8 maggio, la Biennale rimarca di non poter impedire l&#8217;arrivo degli artisti di &#8220;The tree is rooted in the sky&#8221;, in quanto il padiglione ai Giardini \u00e8 di propriet\u00e0 della Federazione Russa. Nel merito, viene escluso qualsiasi vantaggio connesso a una partecipazione nazionale, poich\u00e9 la rassegna artistica non \u00e8 un evento commerciale. Nella forma, viene sottolineato che finora nessun accertamento o provvedimento ha riscontrato un grave illecito professionale nel comportamento tenuto da Ca&#8217; Giustinian. <\/p>\n<p><a class=\"link_item\" data-linked_from=\"9650410\" href=\"https:\/\/www.ilgazzettino.it\/nordest\/venezia\/biennale_taglio_fondi_russia_esame_cda-9648372.html\" rel=\"nofollow noopener\" target=\"_blank\">Russia, Biennale al contrattacco: taglio dei fondi all&#8217;esame del Cda<\/a><\/p>\n<p>La seconda <\/p>\n<p>Prima che questa risposta arrivi a Bruxelles, a Venezia viene per\u00f2 gi\u00e0 recapitata la seconda lettera dell&#8217;Agenzia, contenente un nuovo reclamo. Sulla base di informazioni non meglio circostanziate, ma a quanto pare nella disponibilit\u00e0 dell&#8217;Eacea, il 30 aprile viene contestato alla Biennale di aver fornito alla Federazione Russa e al suo Governo alcuni servizi di \u00aborganizzazione\u00bb e di \u00absupporto\u00bb nell&#8217;allestimento del padiglione. L&#8217;accusa viene respinta il 27 maggio, assicurando il rispetto del regime sanzionatorio, in quanto le forniture logistiche e i relativi contratti sono gestiti direttamente dall&#8217;Ambasciata della Russia in Italia. A riprova di questo, viene puntualizzato che proprio per non violare la normativa europea attraverso un&#8217;eventuale pubblicizzazione della presenza, la versione definitiva del catalogo non contiene alcun riferimento alle opere russe. Le pagine mancanti, inizialmente numerate come 151 e 152, sono state infatti provocatoriamente stampate e distribuite ai giornalisti e agli invitati dalla struttura della commissaria Anastasia Karneeva, durante la pre-apertura avvenuta fra il 5 e l&#8217;8 maggio. <\/p>\n<p>La terza <\/p>\n<p>Un mese dopo la vernice, parte la terza lettera. \u00c8 il 9 giugno e il giudizio non cambia, anzi si inasprisce. <a href=\"https:\/\/www.ilgazzettino.it\/t\/bruxelles\" rel=\"nofollow noopener\" target=\"_blank\">Bruxelles<\/a> reputa che il solo annuncio della partecipazione russa sul sito istituzionale basti a dimostrare l&#8217;esistenza di un patto di \u00abpromozione\u00bb fra Mosca e Venezia. Non solo: viene formulata pure un&#8217;ulteriore contestazione, riguardante \u00abl&#8217;Esposizione Internazionale di Architettura del 2025\u00bb. In quell&#8217;occasione era stato siglato un protocollo d&#8217;intesa tra la Federazione e la Fondazione, in base al quale la Russia non avrebbe partecipato all&#8217;evento, ma avrebbe messo a disposizione della Biennale il proprio padiglione. Secondo l&#8217;Agenzia, in questo modo l&#8217;istituzione culturale avrebbe accettato una forma di utilit\u00e0 da parte di uno Stato sottoposto a sanzioni per l&#8217;invasione dell&#8217;Ucraina. Questo avrebbe comportato una violazione del Regolamento Ue da parte di Ca&#8217; Giustinian, con un conseguente riflesso sull&#8217;erogazione della sovvenzione. Entro i canonici 30 giorni assegnati per la replica, la Biennale ribatte ancora una volta all&#8217;Ue. Non a caso nella dichiarazione diffusa sabato sera, gli uffici sul Canal Grande hanno fatto sapere \u00abdi aver risposto nei termini stabiliti a tutti i punti della terza lettera ricevuta dall&#8217;Eacea sul tema\u00bb. Un carteggio di cui domani mattina il presidente Buttafuoco informer\u00e0 compiutamente il Cda. Tecnicamente si tratter\u00e0 di \u00abcomunicazioni\u00bb, su cui non \u00e8 prevista una deliberazione. Ma \u00e8 immaginabile che da quel momento scatter\u00e0 la controffensiva sull&#8217;asse Venezia-Bruxelles.\u00a0<\/p>\n","protected":false},"excerpt":{"rendered":"VENEZIA &#8211; Cosa succeder\u00e0 adesso sull&#8217;asse Venezia-Bruxelles? Come annunciato sabato sera, la Biennale attende dall&#8217;Agenzia esecutiva europea per&hellip;\n","protected":false},"author":3,"featured_media":585312,"comment_status":"","ping_status":"","sticky":false,"template":"","format":"standard","meta":{"footnotes":"","_share_on_mastodon":"0"},"categories":[1446],"tags":[1615,1613,1614,1611,1610,41582,293,1612,203,204,1537,90,89,43288,222],"class_list":["post-585311","post","type-post","status-publish","format-standard","has-post-thumbnail","category-arte-e-design","tag-arte","tag-arte-e-design","tag-arteedesign","tag-arts","tag-arts-and-design","tag-biennale","tag-bruxelles","tag-design","tag-entertainment","tag-intrattenimento","tag-it","tag-italia","tag-italy","tag-pietrangelo-buttafuoco","tag-venezia"],"share_on_mastodon":{"url":"https:\/\/pubeurope.com\/@it\/116921920805415210","error":""},"_links":{"self":[{"href":"https:\/\/www.europesays.com\/it\/wp-json\/wp\/v2\/posts\/585311","targetHints":{"allow":["GET"]}}],"collection":[{"href":"https:\/\/www.europesays.com\/it\/wp-json\/wp\/v2\/posts"}],"about":[{"href":"https:\/\/www.europesays.com\/it\/wp-json\/wp\/v2\/types\/post"}],"author":[{"embeddable":true,"href":"https:\/\/www.europesays.com\/it\/wp-json\/wp\/v2\/users\/3"}],"replies":[{"embeddable":true,"href":"https:\/\/www.europesays.com\/it\/wp-json\/wp\/v2\/comments?post=585311"}],"version-history":[{"count":0,"href":"https:\/\/www.europesays.com\/it\/wp-json\/wp\/v2\/posts\/585311\/revisions"}],"wp:featuredmedia":[{"embeddable":true,"href":"https:\/\/www.europesays.com\/it\/wp-json\/wp\/v2\/media\/585312"}],"wp:attachment":[{"href":"https:\/\/www.europesays.com\/it\/wp-json\/wp\/v2\/media?parent=585311"}],"wp:term":[{"taxonomy":"category","embeddable":true,"href":"https:\/\/www.europesays.com\/it\/wp-json\/wp\/v2\/categories?post=585311"},{"taxonomy":"post_tag","embeddable":true,"href":"https:\/\/www.europesays.com\/it\/wp-json\/wp\/v2\/tags?post=585311"}],"curies":[{"name":"wp","href":"https:\/\/api.w.org\/{rel}","templated":true}]}}