{"id":585341,"date":"2026-07-15T04:12:24","date_gmt":"2026-07-15T04:12:24","guid":{"rendered":"https:\/\/www.europesays.com\/it\/585341\/"},"modified":"2026-07-15T04:12:24","modified_gmt":"2026-07-15T04:12:24","slug":"criscitiello-su-palestra-linter-doveva-fare-semplicemente-una-cosa-alla-fine","status":"publish","type":"post","link":"https:\/\/www.europesays.com\/it\/585341\/","title":{"rendered":"Criscitiello: &#8220;Su Palestra l&#8217;Inter doveva fare semplicemente una cosa. Alla fine&#8230;&#8221;"},"content":{"rendered":"<p>\nLe parole del Presidente dell&#8217;Inter, Beppe Marotta, sono tornate a far luce sull&#8217;operazione messa in piedi a giugno per portare Marco Palestra all&#8217;Inter. Un&#8217;operazione saltata nello scatto finale, con la decisione del giocatore e del suo rappresentante di andare al Chelsea. Dopo le dichiarazioni di Marotta si \u00e8 espresso anche Michele Criscitiello, fotografando una situazione che ha &#8220;colpe&#8221; precise.\n<\/p>\n<p>        <img src=\"https:\/\/www.europesays.com\/it\/wp-content\/uploads\/2026\/07\/61907a95680f727828a02f44e636ee8e-1024x587.jpg\"   width=\"1400\" height=\"803\" alt=\"palestra\" title=\"palestra\" loading=\"lazy\" decoding=\"async\" class=\"w-full h-auto rounded-lg\"\/><\/p>\n<p>            Getty Images<\/p>\n<p>\n&#8220;Allora, secondo me l&#8217;Inter dove, tra virgolette, sbaglia? Tra tutti quanti sappiamo che i club, i grandi club, hanno gli amici giornalisti, Gazzetta, Sky, Dazn, Corriere, Sport Italia e quant&#8217;altro. Semplicemente l&#8217;Inter non doveva far capire che c&#8217;era questa, tra virgolette, facilit\u00e0 di arrivare a Palestra.\n<\/p>\n<p>        <img src=\"https:\/\/www.europesays.com\/it\/wp-content\/uploads\/2026\/07\/criscitiello-premier-palestra-4fe509d7b840-1200x685.jpg\"   width=\"1600\" height=\"913\" alt=\"criscitiello-premier-palestra\" title=\"criscitiello-premier-palestra\" loading=\"eager\" fetchpriority=\"high\" decoding=\"sync\" class=\"w-full h-auto aspect-3\/2 object-cover object-top rounded-lg\"\/><\/p>\n<p>\nA. perch\u00e9 quando tratti con Percassi gli schiaffi sono sempre dietro l&#8217;angolo.&#13;<br \/>\nB. se ti arriva una Premier non \u00e8 colpa dell&#8217;Inter. Se uno offre pi\u00f9 soldi al giocatore, al club, \u00e8 giusto che vada in Premier. Perch\u00e9 noi, non l&#8217;Inter, il sistema calcio italiano, non si pu\u00f2 permettere di competere neanche con l&#8217;ottava della Premier.\n<\/p>\n<p>\nPerch\u00e9 \u00e8 un altro mondo e lo devono capire i tifosi. Cio\u00e8 non \u00e8 che Marotta, Ausilio, Baccin non sono bravi. Semplicemente non possono mettere 60, 70, 80, 90 se vogliamo fare economia giusta.\n<\/p>\n<p>\nAltrimenti facciamo fallire tutti i club e spendiamo 100 milioni. Questo l&#8217;Italia, non l&#8217;Inter, non la Juve, non il Milan, non se lo possono pi\u00f9 permettere. Lucci doveva essere forse un po&#8217; pi\u00f9 trasparente e dire, caro Beppe, se arrivano a queste condizioni, arrivano a queste cifre, mi dispiace, deve per forza andare, perch\u00e9 ognuno deve fare i propri interessi. Il problema \u00e8 che a un certo punto della trattativa \u00e8 mancata chiarezza e trasparenza&#8221;, ha concluso Michele Criscitiello a Sportitalia.<\/p>\n","protected":false},"excerpt":{"rendered":"Le parole del Presidente dell&#8217;Inter, Beppe Marotta, sono tornate a far luce sull&#8217;operazione messa in piedi a giugno&hellip;\n","protected":false},"author":3,"featured_media":585342,"comment_status":"","ping_status":"","sticky":false,"template":"","format":"standard","meta":{"footnotes":"","_share_on_mastodon":"0"},"categories":[176],"tags":[32,3186,13074,20,20003,6880,299523,554,90661,2597,2097,564,350,158420,158421,188678,1537,90,89,5266,3602,273799,811,6843,115,245,244],"class_list":["post-585341","post","type-post","status-publish","format-standard","has-post-thumbnail","category-sport","tag-andare","tag-angolo","tag-arrivano","tag-beppe","tag-beppe-marotta","tag-capire","tag-caption","tag-club","tag-criscitiello","tag-doveva","tag-far","tag-giocatore","tag-inter","tag-inter-beppe","tag-inter-beppe-marotta","tag-inter-doveva","tag-it","tag-italia","tag-italy","tag-marotta","tag-michele","tag-michele-criscitiello","tag-operazione","tag-palestra","tag-premier","tag-sport","tag-sports"],"share_on_mastodon":{"url":"https:\/\/pubeurope.com\/@it\/116922047432806070","error":""},"_links":{"self":[{"href":"https:\/\/www.europesays.com\/it\/wp-json\/wp\/v2\/posts\/585341","targetHints":{"allow":["GET"]}}],"collection":[{"href":"https:\/\/www.europesays.com\/it\/wp-json\/wp\/v2\/posts"}],"about":[{"href":"https:\/\/www.europesays.com\/it\/wp-json\/wp\/v2\/types\/post"}],"author":[{"embeddable":true,"href":"https:\/\/www.europesays.com\/it\/wp-json\/wp\/v2\/users\/3"}],"replies":[{"embeddable":true,"href":"https:\/\/www.europesays.com\/it\/wp-json\/wp\/v2\/comments?post=585341"}],"version-history":[{"count":0,"href":"https:\/\/www.europesays.com\/it\/wp-json\/wp\/v2\/posts\/585341\/revisions"}],"wp:featuredmedia":[{"embeddable":true,"href":"https:\/\/www.europesays.com\/it\/wp-json\/wp\/v2\/media\/585342"}],"wp:attachment":[{"href":"https:\/\/www.europesays.com\/it\/wp-json\/wp\/v2\/media?parent=585341"}],"wp:term":[{"taxonomy":"category","embeddable":true,"href":"https:\/\/www.europesays.com\/it\/wp-json\/wp\/v2\/categories?post=585341"},{"taxonomy":"post_tag","embeddable":true,"href":"https:\/\/www.europesays.com\/it\/wp-json\/wp\/v2\/tags?post=585341"}],"curies":[{"name":"wp","href":"https:\/\/api.w.org\/{rel}","templated":true}]}}