{"id":585391,"date":"2026-07-15T05:06:22","date_gmt":"2026-07-15T05:06:22","guid":{"rendered":"https:\/\/www.europesays.com\/it\/585391\/"},"modified":"2026-07-15T05:06:22","modified_gmt":"2026-07-15T05:06:22","slug":"motogp-valentino-mi-diverto-in-macchina-bezzecchi-a-silverstone-ci-saro","status":"publish","type":"post","link":"https:\/\/www.europesays.com\/it\/585391\/","title":{"rendered":"MotoGP, Valentino: &#8220;Mi diverto in macchina&#8221;. Bezzecchi: &#8220;A Silverstone ci sar\u00f2&#8221;"},"content":{"rendered":"<p>                                Parata di grandi nomi del motociclismo all&#8217;evento romano della Farnesina &#8220;Moto d&#8217;Italia &#8211; Cultura oltre la pista&#8221;. Pecco Bagnaia: &#8220;La paura in questo sport \u00e8 fondamentale, \u00e8 quella che ti d\u00e0 un limite&#8221;<\/p>\n<p>            <a class=\"image is-50x50\" href=\"https:\/\/www.gazzetta.it\/collaboratori\/francesco-balzani\/\" rel=\"nofollow noopener\" target=\"_blank\"><br \/>\n                <img decoding=\"async\" class=\"is-rounded\" src=\"https:\/\/www.europesays.com\/it\/wp-content\/uploads\/2025\/09\/francesco-balzani.png\" alt=\"Francesco Balzani\"\/><br \/>\n            <\/a><\/p>\n<p>Collaboratore<\/p>\n<p>                    14 luglio 2026 (modifica alle 16:38)  &#8211; ROMA<\/p>\n<p class=\"paragraph\" spellcheck=\"true\">Una celebrazione dell\u2019eccellenza italiana. Non solo sportiva come testimoniano gli innumerevoli successi, ma anche economica grazie a un export che cresce di anno in anno portando quasi 3 miliardi di euro.\u00a0 Stamattina, alla Farnesina,\u00a0 \u00e8 andato in scena l\u2019evento \u201cMoto d\u2019Italia \u2013 Cultura oltre la pista\u201d. L\u2019iniziativa\u00a0 dedicata alla valorizzazione internazionale della filiera motociclistica italiana, eccellenza del Made in Italy. E a cui hanno preso parte le massime istituzioni del motociclismo azzurro e tanti campioni: da Valentino Rossi a Max Biaggi passando per Pecco Bagnaia. Presenti per il Gruppo Aprilia\/Piaggio l\u2019AD Matteo Colaninno e per il gruppo Ducati Motor Holding l\u2019Amministratore Delegato, Claudio Domenicali.<\/p>\n<p>        VALENTINO E PECCO\u2014 \u00a0<\/p>\n<p class=\"paragraph\" spellcheck=\"true\">Gli applausi pi\u00f9 grandi se li \u00e8 presi Valentino Rossi. \u201cVedere ancora persone con il mio cappellino \u00e8 un onore. La soddisfazione di aver fatto conoscere il motociclismo a tante persone fuori dall\u2019ambiente \u00e8 stata la mia pi\u00f9 grande vittoria. Pi\u00f9 dei 9 titoli mondiali\u201d, ha esordito il Dottore. Che oggi segue diversi piloti tramite la propria Academy: \u201cNon mi \u00e8 mai passata la passione. Dal 2013 ho questa idea di aiutare i giovani a raggiungere la Motogp e i risultati sono andati oltre le aspettative. I piloti pi\u00f9 forti come Pecco oggi arrivano da l\u00ec. L\u2019Italia \u00e8 ancora oggi al top sia come marchi che come piloti. Ho la fortuna di continuare a vivere questo sport anche se fuori dalla pista \u00e8 diverso. Correre in MotoGP mi manca sempre, ma non ho rimpianti. Ora corro in macchina e mi diverto molto\u201d. In platea Pecco Bagnaia ringrazia. \u201cQuesto sport \u00e8 un marchio di fabbrica del nostro paese &#8211; le parole del pilota tre volte campione del mondo -. Vincere per me \u00e8 sempre un\u2019emozione, farlo su una Ducati e in un posto come il Mugello \u00e8 stato fantastico. Come mi trovo da pap\u00e0? Esperienza fantastica, e poi dorme tanto e piange poco\u201d, sorride Bagnaia. A cui risponde proprio Rossi: \u201cOra \u00e8 facile che \u00e8 piccolo, \u00e8 come fare i test invernali. Quando crescono \u00e8 la gara vera\u201d.\u00a0 Bagnaia parla anche dei suoi alti e bassi: \u201cGli alti arrivano sempre dopo i bassi, i momenti di difficolt\u00e0 ti aiutano a crescere. Bisogna credere sempre nel nostro obiettivo e mai dimenticare il proprio valore. La paura in questo sport \u00e8 fondamentale, \u00e8 quella che ti d\u00e0 un limite\u201d.<\/p>\n<p>        BEZZECCHI E MAX\u2014 \u00a0<\/p>\n<p class=\"paragraph\" spellcheck=\"true\">In collegamento \u00e8 intervenuto Marco Bezzecchi scelto come Ambasciatore dello sport italiano. \u201cE\u2019 una grande responsabilit\u00e0, sono molto orgoglioso. Mi impegner\u00f2 per onorarlo al meglio\u201d.\u00a0 Bezzecchi ha parlato anche delle sue condizioni: \u201cSto bene, l\u2019operazione \u00e8 andata bene. Vediamo di recuperare il prima possibile. A Silverstone ci sar\u00f2\u201d. Poi torna sulla vittoria del Mugello: \u201cEra un sogno che avevo da bambini, realizzarlo in una delle piste pi\u00f9 belle del mondo \u00e8 qualcosa di incredibile. Vincere su una moto italiana, di fronte ai tifosi italiani\u2026 Mi vengono ancora i brividi. Per questo ringrazio anche tutta la squadra, il motociclismo sembra uno sport individuale ma non \u00e8 cos\u00ec\u201d.\u00a0 Ha preso la parola anche Max Biaggi: \u201cIo sono romano, sono un intruso e non vengo dal mondo delle corse. Ma sono riuscito a farmi strada. Ormai non corro pi\u00f9 da tanto, ai miei tempi la gente faticava a dire il nome Aprilia. Oggi \u00e8 tutta un\u2019altra storia, tutti lo conoscono. Questo dimostra la grande crescita\u201d.<\/p>\n<p><a class=\"is-partner-link\" href=\"https:\/\/ad.doubleclick.net\/ddm\/trackclk\/N1792338.340088CAIRORCSMEDIAS.P.\/B35025367.439955329;dc_trk_aid=633638278;dc_trk_cid=249314339;dc_dbm_token=%24%7bDC_DBM_TOKEN%7d;dc_lat=;dc_rdid=;tag_for_child_directed_treatment=;tfua=;gdpr=%24%7bGDPR%7d;gdpr_consent=%24%7bGDPR_CONSENT_755%7d;ltd=;dc_tdv=1\" rel=\"nofollow noopener\" target=\"_blank\">Non perderti tutti i Gran Premi di Formula 1\u00ae e MotoGP\u2122 in esclusiva streaming su NOW! Attiva il Pass Sport da 19,99\u20ac al mese.<\/a><\/p>\n<p>        ORGOGLIO ITALIANO\u2014 \u00a0<\/p>\n<p class=\"paragraph\" spellcheck=\"true\">A fare gli onori di casa \u00e8 stato Antonio Tajani, Ministro degli Affari Esteri e della Cooperazione Internazionale. \u201cQuesto \u00e8 un appuntamento che conferma l\u2019impegno del Ministero per valorizzare lo sport italiano come strumento di politica estera e commerciale &#8211; ha dichiarato Tajani -. Il comparto del motociclismo \u00e8 un vanto del nostro paese in tutto il mondo. Abbiamo una storia importante in questo settore e tanti campioni che sono d\u2019esempio per tanti ragazzi e rappresentanti la nostra politica estera. Parliamo di una filiera che \u00e8 un grosso volano di crescita, un\u2019industria d\u2019eccellenza unica in tutto il mondo\u201d. Tajani riconosce al movimento motociclistico grossi meriti anche a livello economico. \u201cL\u2019export continua a crescere anche nei paesi extraeuropei con un incremento del 21% rispetto allo scorso anno &#8211; ha proseguito il Ministro -. L\u2019Italia \u00e8 il quinto paese mondiale per esportazione di beni sportivi e il secondo in Europa nonostante il periodo bellico, il comparto moto ha raggiunto 2,8 miliardi con un saldo ampiamente positivo. Il motivo per cui il nostro export cresce \u00e8 merito della qualit\u00e0 del prodotto italiano e dei testimonial che abbiamo. Parlo degli atleti, dei piloti e di chi ottiene imprese indossando i marchi italiani\u201d. Tra i presenti e premiati c\u2019\u00e8 l\u2019ex campione Giacomo Agostini definito da Tajani come \u201cl\u2019antesignano del motociclismo italiano, un mito e un simbolo positivo\u201d.\u00a0\u00a0 Emozionato anche l\u2019AD di MotoGP Sports Entertainment Group, Carmelo Ezpeleta: \u201cDal 1949 fino ad oggi l\u2019unica nazione presente nelle gare di motociclismo \u00e8 stata l\u2019Italia. Un paese che \u00e8 l\u2019esempio nel mondo di questo sport in cui sono stati raggiunti grandi successi. Tutti noi dobbiamo ringraziare l\u2019Italia per la crescita del motociclismo\u201d.\u00a0 Nel corso dell\u2019evento \u00e8 stata inoltre presentata la docu-serie \u201cMoto d\u2019Italia \u2013 Cultura oltre la pista\u201d, realizzata dal MAECI, in collaborazione con MotoGP Sports Entertainment Group, ICE-Agenzia, ANCMA Associazione Nazionale Ciclo Motociclo Accessori, legata a Confindustria), EICMA (Esposizione Internazionale Ciclo Motociclo e Accessori) e Federazione Motociclistica Italiana, per offrire alla rete diplomatica strumenti di promozione dell\u2019Italia e del motociclismo italiano, concepito come patrimonio sportivo, produttivo e culturale del Paese. Al termine della mattinata\u00a0 si \u00e8 tenuta,\u00a0 infine, la cerimonia di firma del casco commemorativo che rappresenta l\u2019omaggio del mondo sportivo da custodire alla Farnesina. E la cerimonia del taglio del nastro per l\u2019esposizione di sei moto appartenenti alle Case motociclistiche italiane protagoniste di Moto GP e che, quest\u2019anno, celebrano importanti anniversari come gli 80 anni dalla nascita della Vespa e i 100 anni di Ducati.<\/p>\n<p class=\"is-copyright\">\u00a9 RIPRODUZIONE RISERVATA<\/p>\n","protected":false},"excerpt":{"rendered":"Parata di grandi nomi del motociclismo all&#8217;evento romano della Farnesina &#8220;Moto d&#8217;Italia &#8211; Cultura oltre la pista&#8221;. Pecco&hellip;\n","protected":false},"author":3,"featured_media":585392,"comment_status":"","ping_status":"","sticky":false,"template":"","format":"standard","meta":{"footnotes":"","_share_on_mastodon":"0"},"categories":[176],"tags":[21733,7233,3437,13074,3654,15727,3655,3447,1953,2037,818,16936,322487,322488,6542,133893,13611,3081,1307,1644,322482,2878,322489,72918,3438,7309,203,322490,7504,23198,451,15188,322491,20325,17967,4205,322492,322493,1251,6399,832,1537,90,322483,322484,4945,627,1599,89,3233,4044,13046,3444,3455,1783,322485,322486,16090,322494,1785,3660,5509,3335,696,9509,245,244,2527,5248,566],"class_list":["post-585391","post","type-post","status-publish","format-standard","has-post-thumbnail","category-sport","tag-accessori","tag-alti","tag-aprilia","tag-arrivano","tag-bagnaia","tag-bassi","tag-bezzecchi","tag-biaggi","tag-campione","tag-campioni","tag-cerimonia","tag-ciclo","tag-ciclo-motociclo","tag-ciclo-motociclo-accessori","tag-comparto","tag-corro","tag-cresce","tag-crescere","tag-crescita","tag-cultura","tag-cultura-pista","tag-da","tag-da-limite","tag-diverto","tag-ducati","tag-eccellenza","tag-entertainment","tag-entertainment-group","tag-esposizione","tag-estera","tag-evento","tag-export","tag-export-cresce","tag-farnesina","tag-filiera","tag-fondamentale","tag-fondamentale-da","tag-fondamentale-da-limite","tag-grandi","tag-group","tag-internazionale","tag-it","tag-italia","tag-italia-cultura","tag-italia-cultura-pista","tag-italiana","tag-italiani","tag-italiano","tag-italy","tag-limite","tag-macchina","tag-marchi","tag-max","tag-max-biaggi","tag-moto","tag-moto-italia","tag-moto-italia-cultura","tag-motociclismo","tag-motociclismo-italiano","tag-motogp","tag-pecco","tag-pecco-bagnaia","tag-piloti","tag-pista","tag-rossi","tag-sport","tag-sports","tag-tajani","tag-tanti","tag-valentino"],"share_on_mastodon":{"url":"","error":"Validation failed: Text character limit of 500 exceeded"},"_links":{"self":[{"href":"https:\/\/www.europesays.com\/it\/wp-json\/wp\/v2\/posts\/585391","targetHints":{"allow":["GET"]}}],"collection":[{"href":"https:\/\/www.europesays.com\/it\/wp-json\/wp\/v2\/posts"}],"about":[{"href":"https:\/\/www.europesays.com\/it\/wp-json\/wp\/v2\/types\/post"}],"author":[{"embeddable":true,"href":"https:\/\/www.europesays.com\/it\/wp-json\/wp\/v2\/users\/3"}],"replies":[{"embeddable":true,"href":"https:\/\/www.europesays.com\/it\/wp-json\/wp\/v2\/comments?post=585391"}],"version-history":[{"count":0,"href":"https:\/\/www.europesays.com\/it\/wp-json\/wp\/v2\/posts\/585391\/revisions"}],"wp:featuredmedia":[{"embeddable":true,"href":"https:\/\/www.europesays.com\/it\/wp-json\/wp\/v2\/media\/585392"}],"wp:attachment":[{"href":"https:\/\/www.europesays.com\/it\/wp-json\/wp\/v2\/media?parent=585391"}],"wp:term":[{"taxonomy":"category","embeddable":true,"href":"https:\/\/www.europesays.com\/it\/wp-json\/wp\/v2\/categories?post=585391"},{"taxonomy":"post_tag","embeddable":true,"href":"https:\/\/www.europesays.com\/it\/wp-json\/wp\/v2\/tags?post=585391"}],"curies":[{"name":"wp","href":"https:\/\/api.w.org\/{rel}","templated":true}]}}