{"id":585438,"date":"2026-07-15T05:55:10","date_gmt":"2026-07-15T05:55:10","guid":{"rendered":"https:\/\/www.europesays.com\/it\/585438\/"},"modified":"2026-07-15T05:55:10","modified_gmt":"2026-07-15T05:55:10","slug":"la-nuova-pinacoteca-tutte-le-collezioni-alla-nuova-sede-alloir-la-vecchia-chiudera","status":"publish","type":"post","link":"https:\/\/www.europesays.com\/it\/585438\/","title":{"rendered":"La nuova Pinacoteca: &#8220;Tutte le collezioni alla nuova sede all\u2019Oir. La vecchia chiuder\u00e0&#8221;"},"content":{"rendered":"<p>Coster\u00e0 un bel po\u2019 al <strong>Comune di Cesena<\/strong> il mantenimento della futura <strong>Pinacoteca<\/strong> a <strong>palazzo Oir<\/strong> (lavori in corso da due anni, attesa per il 2028). Lo ha comunicato l\u2019assessore alla cultura <strong>Camillo Acerbi<\/strong>: i costi annui saranno nell\u2019ordine dei 400mila euro. Una stima preliminare, naturalmente, destinata a essere affinata con il piano economico-finanziario, che offre l\u2019occasione per fare il punto sul nuovo istituto culturale e artistico destinato ad aprire nel 2028 e a diventare il principale <strong>polo espositivo<\/strong> cittadino.<\/p>\n<p>Assessore Acerbi, ha comunicato che la gestione della nuova Pinacoteca coster\u00e0 circa 400mila euro all\u2019anno. \u00c8 una spesa sostenibile per il Comune? &#8220;La Pinacoteca aprir\u00e0 indicativamente tra due anni, nel 2028, e oggi siamo ancora concentrati sul cantiere. Parallelamente stiamo lavorando agli allestimenti, mentre il piano economico-finanziario della gestione \u00e8 appena stato avviato. Per questo le cifre sono ancora indicative, anche se ritengo realistico un costo attorno ai 400mila euro annui. \u00c8 una cifra importante, ma proporzionata a un investimento che superer\u00e0 gli otto milioni di euro, finanziato in larga parte dal Ministero, e rappresenta il minimo necessario per garantire un museo di qualit\u00e0, con aperture adeguate, servizi e personale all\u2019altezza della struttura&#8221;.<\/p>\n<p>Quanti visitatori serviranno per rendere sostenibile il progetto? &#8220;Le entrate dei biglietti non potranno coprire i costi di gestione, come avviene in qualsiasi museo. Stimiamo incassi nell\u2019ordine dei cinquantamila euro annui, anche perch\u00e9 molti visitatori saranno studenti, che usufruiscono di gratuit\u00e0 o tariffe ridotte. La sostenibilit\u00e0 sar\u00e0 garantita soprattutto dalle risorse comunali, con l\u2019auspicio che anche altri soggetti pubblici e privati contribuiscano a sostenere quella che diventer\u00e0 una delle principali istituzioni culturali della citt\u00e0&#8221;.<\/p>\n<p>Perch\u00e9 \u00e8 stato deciso di trasferire a palazzo Oir anche i dipinti dell\u2019Ottocento e del Novecento? \u00c8 una scelta dettata anche dal risparmio nei costi di gestione, con una sede unica? &#8220;La motivazione principale \u00e8 culturale. Tutto il patrimonio racconta un\u2019unica storia, quella della citt\u00e0 attraverso i suoi artisti. Separare le collezioni avrebbe significato lasciare in secondo piano autori importanti come Barbieri, Sughi, Cappelli e Caldari. Il nuovo progetto espositivo ci permette invece di valorizzare anche queste opere senza rinunce. \u00c8 vero per\u00f2 che concentrare tutto in una sola sede consentir\u00e0 anche di ottimizzare i costi di gestione&#8221;.<\/p>\n<p>Assessore Acerbi, che ne sar\u00e0 all\u2019attuale Pinacoteca di via Aldini? &#8220;Per circa un anno e mezzo dopo l\u2019apertura della nuova sede sar\u00e0 utilizzata come deposito delle opere non esposte, fino alla realizzazione del deposito visitabile previsto nei sotterranei di Palazzo Oir. Successivamente sar\u00e0 liberata. La destinazione definitiva non dipender\u00e0 da me: l\u2019immobile appartiene ad Asp e nel 2030 probabilmente non sar\u00f2 pi\u00f9 assessore. Mi auguro per\u00f2 che possa continuare a essere uno spazio dedicato alla cultura, magari per mostre temporanee o attivit\u00e0 teatrali. Saranno chi mi succeder\u00e0 e la futura giunta, insieme alla citt\u00e0, a decidere il suo futuro&#8221;.<\/p>\n","protected":false},"excerpt":{"rendered":"Coster\u00e0 un bel po\u2019 al Comune di Cesena il mantenimento della futura Pinacoteca a palazzo Oir (lavori in&hellip;\n","protected":false},"author":3,"featured_media":585439,"comment_status":"","ping_status":"","sticky":false,"template":"","format":"standard","meta":{"footnotes":"","_share_on_mastodon":"0"},"categories":[1446],"tags":[1615,1613,1614,1611,1610,29153,64510,1612,203,204,1537,90,89,273,322505,64614,47168],"class_list":["post-585438","post","type-post","status-publish","format-standard","has-post-thumbnail","category-arte-e-design","tag-arte","tag-arte-e-design","tag-arteedesign","tag-arts","tag-arts-and-design","tag-chiudera","tag-collezioni","tag-design","tag-entertainment","tag-intrattenimento","tag-it","tag-italia","tag-italy","tag-nuova","tag-oir","tag-pinacoteca","tag-vecchia"],"share_on_mastodon":{"url":"https:\/\/pubeurope.com\/@it\/116922451639586965","error":""},"_links":{"self":[{"href":"https:\/\/www.europesays.com\/it\/wp-json\/wp\/v2\/posts\/585438","targetHints":{"allow":["GET"]}}],"collection":[{"href":"https:\/\/www.europesays.com\/it\/wp-json\/wp\/v2\/posts"}],"about":[{"href":"https:\/\/www.europesays.com\/it\/wp-json\/wp\/v2\/types\/post"}],"author":[{"embeddable":true,"href":"https:\/\/www.europesays.com\/it\/wp-json\/wp\/v2\/users\/3"}],"replies":[{"embeddable":true,"href":"https:\/\/www.europesays.com\/it\/wp-json\/wp\/v2\/comments?post=585438"}],"version-history":[{"count":0,"href":"https:\/\/www.europesays.com\/it\/wp-json\/wp\/v2\/posts\/585438\/revisions"}],"wp:featuredmedia":[{"embeddable":true,"href":"https:\/\/www.europesays.com\/it\/wp-json\/wp\/v2\/media\/585439"}],"wp:attachment":[{"href":"https:\/\/www.europesays.com\/it\/wp-json\/wp\/v2\/media?parent=585438"}],"wp:term":[{"taxonomy":"category","embeddable":true,"href":"https:\/\/www.europesays.com\/it\/wp-json\/wp\/v2\/categories?post=585438"},{"taxonomy":"post_tag","embeddable":true,"href":"https:\/\/www.europesays.com\/it\/wp-json\/wp\/v2\/tags?post=585438"}],"curies":[{"name":"wp","href":"https:\/\/api.w.org\/{rel}","templated":true}]}}