{"id":585571,"date":"2026-07-15T08:10:16","date_gmt":"2026-07-15T08:10:16","guid":{"rendered":"https:\/\/www.europesays.com\/it\/585571\/"},"modified":"2026-07-15T08:10:16","modified_gmt":"2026-07-15T08:10:16","slug":"milan-cessioni-leao-gimenez-fofana-sul-mercato-estupinan-in-premier","status":"publish","type":"post","link":"https:\/\/www.europesays.com\/it\/585571\/","title":{"rendered":"Milan, cessioni: Leao, Gimenez, Fofana sul mercato. Estupinan in Premier"},"content":{"rendered":"<p>                                Per Rafa il club ha fatto il prezzo: servono 60 milioni, si aspettano offerte. Dal terzino ecuadoriano stanno invece per arrivarne 15<\/p>\n<p>            <a class=\"image is-50x50\" href=\"https:\/\/www.gazzetta.it\/redazione\/alessandra-gozzini\/\" rel=\"nofollow noopener\" target=\"_blank\"><br \/>\n                <img decoding=\"async\" class=\"is-rounded\" src=\"https:\/\/www.europesays.com\/it\/wp-content\/uploads\/2026\/04\/alessandra-gozzini_avatar.png\" alt=\"Alessandra Gozzini\"\/><br \/>\n            <\/a><\/p>\n<p>Giornalista<\/p>\n<p>                    15 luglio &#8211; 08:29  &#8211; MILANO<\/p>\n<p class=\"paragraph\" spellcheck=\"true\">Con Estupinan verso il ritorno in Inghilterra il Milan inizier\u00e0 a riaprire le casse, finora spalancate per i primi grandi acquisti dell\u2019estate, stavolta per rientrare dagli investimenti. I prossimi annunci  potranno riguardare le cessioni, una necessit\u00e0 non solo economica ma anche tecnica. I giocatori che non rientrano nel nuovo corso saranno venduti per snellire il gruppo, la fortuna \u00e8 che tra i giocatori in partenza ci sono anche dei pezzi da novanta, o meglio da 150: la cifra ipotetica che il club punta a recuperare.  A partire da Leao, il cui valore \u00e8 stato stimato intorno ai 60 milioni. Fatto il prezzo manca ancora l\u2019acquirente.<\/p>\n<p>    Opzioni\u2014 \u00a0<\/p>\n<p class=\"paragraph is-inline\" spellcheck=\"true\">Rafa, a meno di cambi di programma, si unir\u00e0 il prossimo 29 luglio al resto della squadra, direttamente a Perth, in Australia. La clausola rescissoria da 175 milioni \u00e8 assolutamente fuori mercato. La valutazione realistica che ne fa la societ\u00e0 \u00e8 di almeno 60 milioni, con il numeroso staff del giocatore, tra agenti e avvocati, impegnato nella ricerca dell\u2019offerta. Leao \u00e8 stato proposto al Tottenham e accostato ad altri club inglesi come lo United, senza per\u00f2 che i colloqui avessero un seguito. Pi\u00f9 facile ricevere una chiamata dal mercato arabo o dalla Turchia, destinazioni che per\u00f2 Rafa considera di secondo piano. Stesse difficolt\u00e0 nel trovare una sistemazione per Gimenez, coefficiente ancora pi\u00f9 alto dato l\u2019infortunio alla caviglia del giocatore. Acquistato per 28,5 milioni pi\u00f9 bonus dagli olandesi del Feyenoord solo un anno e mezzo fa, c\u2019\u00e8 la necessit\u00e0 finanziaria di ricavarne almeno 21. Fede rossonera e voglia di riscatto stavolta non basteranno a trattenerlo: l\u2019area \u00e8 occupata da Ramos e Santi ha bisogno di nuovi spazi. Per trovarli \u00e8 al lavoro l\u2019agente Rafaela Pimenta.<\/p>\n<p><a class=\"is-partner-link\" href=\"https:\/\/aipredictor.gazzetta.it\/?intcmp=calciomercato\" rel=\"nofollow noopener\" target=\"_blank\">Promo Mondiale 1\u20ac al mese per 3 mesi &#8211; Scopri chi vince con Gazzetta AI Predictor!<\/a><\/p>\n<p>    gli altri\u2014 \u00a0<\/p>\n<p class=\"paragraph is-inline\" spellcheck=\"true\">Il centrocampo \u00e8 destinato a sfoltirsi. Fofana ha caratteristiche che poco si addicono alle qualit\u00e0 che cerca Amorim per cui \u00e8 in vendita a venti milioni. Stesso discorso per Loftus-Cheek, da cui le speranze di ricavare una somma consistente si scontrano con il contratto rossonero del giocatore, in scadenza tra un anno. Tra lui e il giovane Bondo, che si allena a parte a conferma della prossima cessione, il Milan intende comunque incassare sui 15 milioni. La met\u00e0  di quelli che invece punta a ricavare dalla doppia uscita difensiva: Estupinan all\u2019Aston Villa pu\u00f2 portare 15 milioni (20 la richiesta iniziale del Milan), Tomori altrettanti. Anche in questo caso c\u2019\u00e8 la prossima scadenza a giugno 2027 ad abbassarne il prezzo.<\/p>\n<p class=\"is-copyright\">\u00a9 RIPRODUZIONE RISERVATA<\/p>\n","protected":false},"excerpt":{"rendered":"Per Rafa il club ha fatto il prezzo: servono 60 milioni, si aspettano offerte. Dal terzino ecuadoriano stanno&hellip;\n","protected":false},"author":3,"featured_media":585572,"comment_status":"","ping_status":"","sticky":false,"template":"","format":"standard","meta":{"footnotes":"","_share_on_mastodon":"0"},"categories":[1452],"tags":[322736,322737,31509,839,2941,12771,721,554,3066,322734,322735,21096,1740,25117,564,3412,1537,90,89,8007,1412,553,6334,4734,8159,7634,1990,279296,1438,1739,245,244,12354,2937],"class_list":["post-585571","post","type-post","status-publish","format-standard","has-post-thumbnail","category-calcio","tag-abbassarne","tag-abbassarne-prezzo","tag-accostato","tag-almeno","tag-aston","tag-aston-villa","tag-calcio","tag-club","tag-estupinan","tag-estupinan-aston","tag-estupinan-aston-villa","tag-fofana","tag-football","tag-gimenez","tag-giocatore","tag-giocatori","tag-it","tag-italia","tag-italy","tag-leao","tag-mercato","tag-milan","tag-necessita","tag-prezzo","tag-prossima","tag-punta","tag-rafa","tag-ricavare","tag-scadenza","tag-soccer","tag-sport","tag-sports","tag-stavolta","tag-villa"],"share_on_mastodon":{"url":"https:\/\/pubeurope.com\/@it\/116922983451400002","error":""},"_links":{"self":[{"href":"https:\/\/www.europesays.com\/it\/wp-json\/wp\/v2\/posts\/585571","targetHints":{"allow":["GET"]}}],"collection":[{"href":"https:\/\/www.europesays.com\/it\/wp-json\/wp\/v2\/posts"}],"about":[{"href":"https:\/\/www.europesays.com\/it\/wp-json\/wp\/v2\/types\/post"}],"author":[{"embeddable":true,"href":"https:\/\/www.europesays.com\/it\/wp-json\/wp\/v2\/users\/3"}],"replies":[{"embeddable":true,"href":"https:\/\/www.europesays.com\/it\/wp-json\/wp\/v2\/comments?post=585571"}],"version-history":[{"count":0,"href":"https:\/\/www.europesays.com\/it\/wp-json\/wp\/v2\/posts\/585571\/revisions"}],"wp:featuredmedia":[{"embeddable":true,"href":"https:\/\/www.europesays.com\/it\/wp-json\/wp\/v2\/media\/585572"}],"wp:attachment":[{"href":"https:\/\/www.europesays.com\/it\/wp-json\/wp\/v2\/media?parent=585571"}],"wp:term":[{"taxonomy":"category","embeddable":true,"href":"https:\/\/www.europesays.com\/it\/wp-json\/wp\/v2\/categories?post=585571"},{"taxonomy":"post_tag","embeddable":true,"href":"https:\/\/www.europesays.com\/it\/wp-json\/wp\/v2\/tags?post=585571"}],"curies":[{"name":"wp","href":"https:\/\/api.w.org\/{rel}","templated":true}]}}