{"id":585599,"date":"2026-07-15T08:38:14","date_gmt":"2026-07-15T08:38:14","guid":{"rendered":"https:\/\/www.europesays.com\/it\/585599\/"},"modified":"2026-07-15T08:38:14","modified_gmt":"2026-07-15T08:38:14","slug":"francia-flop-mondiale-le-parole-di-mbappe-e-macron","status":"publish","type":"post","link":"https:\/\/www.europesays.com\/it\/585599\/","title":{"rendered":"Francia flop Mondiale, le parole di Mbapp\u00e9 e Macron"},"content":{"rendered":"<p>                                La sconfitta dei Bleus ha lasciato spazio all&#8217;amarezza, ma nessun disordine nelle citt\u00e0 francesi. E gi\u00e0 si pensa all&#8217;era Zidane<\/p>\n<p class=\"paragraph\" spellcheck=\"true\">Delusione \u00e8 la parola che affiora su tutte le bocche. Di Didier Deschamps, che dopo la finalina di sabato per il terzo posto, lascer\u00e0 la panchina della Francia, dopo 14 anni. Del capitano Kylian Mbapp\u00e9 che voleva la terza stella e la seconda coppa personale, dopo quella del 2018. E anche di tutti i tifosi che ci hanno creduto come i Bleus, <a href=\"https:\/\/www.gazzetta.it\/Calcio\/Mondiali\/14-07-2026\/francia-spagna-live-risultato-e-marcatori-mondiali.shtml?intcmp=hyperlink-articolo-gazit\" rel=\"nofollow noopener\" target=\"_blank\">spinti gi\u00f9 dal piedistallo dei favoriti da una Spagna pi\u00f9 pragmatica e superiore<\/a>. Anche su questo, tutti concordano nel Paese dove ieri sera i bar si sono svuotati velocemente dopo il fischio finale a Dallas, senza far registrare disordini. Per l&#8217;Equipe, la nazionale francese ha vissuto un \u201cnaufragio nel gioco, nella strategia e nella gestione delle emozioni ed \u00e8 uscita dalla porta di servizio\u201d.\u00a0<\/p>\n<p>    il capitano\u2014 \u00a0<\/p>\n<p class=\"paragraph is-inline\" spellcheck=\"true\">Molto lucido Mbapp\u00e9: \u201cNon abbiamo fatto la partita che volevamo e per cui ci eravamo preparati, sia tatticamente che tecnicamente e a livello globale. E quando non fai quel che \u00e8 necessario, non vinci queste partite. La Spagna ha fatto quello che sa fare, e lo sa fare bene, ha controllato il gioco, noi non siamo riusciti a impedirglielo, siamo stati troppo imprecisi e incapaci di colpirli quando potevamo. Se la Spagna impone il suo ritmo diventa tutto pi\u00f9 difficile. E noi non abbiamo rispettato il nostro piano di gioco, perch\u00e9 gi\u00e0 sul pressing eravamo in inferiorit\u00e0 a centrocampo, e cos\u00ec diventa tutto pi\u00f9 difficile. Con Rodri e Fabian, loro avevano molto tempo per gestire il gioco, mentre tra di noi c\u2019\u00e8 stata poca comunicazione sul pressing sui centrali, quando avremmo dovuto farli correre dietro al pallone, cosa che non amano fare. Questo \u00e8 stato un errore, e quando abbiamo recuperato alto, tecnicamente non siamo stati all\u2019altezza di una semifinale mondiale. Se metti tutto ci\u00f2 insieme, ottieni una sconfitta. Siamo delusi ma non abbiamo fatto tutto il necessario per andare in finale che per noi come per l&#8217;intero paese era un sogno. Si vince a testa alta, ma si perde pure a testa alta. Dopo la delusione, bisogna rialzarsi e voltar pagina, imparando dalla sconfitta\u201d.\u00a0<\/p>\n<p><a class=\"is-partner-link\" href=\"https:\/\/abbonamenti.gazzetta.it\/de-promo-mondiali\/?pwcmp=cta&amp;forceBrowser=true\" rel=\"nofollow noopener\" target=\"_blank\">Gazzetta Mondiale: ogni notte un\u2019edizione straordinaria esclusiva. Non perdertela, abbonati a 1\u20ac\/mese!<\/a><\/p>\n<p>    futuro\u2014 \u00a0<\/p>\n<p class=\"paragraph is-inline\" spellcheck=\"true\">Al termine del giorno di festa nazionale, conclusosi senza disordini anche grazie al dispiegamento di 7 mila tra poliziotti e gendarmi a Parigi e 70 mila in tutto il Paese, il Presidente della Repubblica, Emmanuel Macron, ha fatto i complimenti alla Spagna via social e ha ringraziato i Bleus: \u201cPer aver difeso i colori con impegno. La sconfitta di questa sera \u00e8 difficile da accettare, ma questa squadra \u00e8 giovane e ha un futuro davanti a s\u00e9\u201d. Un futuro nel segno di Zidane. Deschamps guider\u00e0 i Bleus per l&#8217;ultima volta sabato, poi ci sar\u00e0 il passaggio di consegne. Tocca all&#8217;ex allenatore del Real Madrid raccogliere il testimone e ricominciare. Gi\u00e0 a settembre in Nations League, con Turchia e Belgio, e a ottobre pure contro un&#8217;Italia tutta da inventare. Mentre la Francia pu\u00f2 partire su basi solide e di qualit\u00e0, con talenti da rimotivare per puntare inevitabilmente in alto.<\/p>\n<p class=\"is-copyright\">\u00a9 RIPRODUZIONE RISERVATA<\/p>\n","protected":false},"excerpt":{"rendered":"La sconfitta dei Bleus ha lasciato spazio all&#8217;amarezza, ma nessun disordine nelle citt\u00e0 francesi. E gi\u00e0 si pensa&hellip;\n","protected":false},"author":3,"featured_media":585600,"comment_status":"","ping_status":"","sticky":false,"template":"","format":"standard","meta":{"footnotes":"","_share_on_mastodon":"0"},"categories":[1452],"tags":[6576,322747,7554,6902,4197,14963,721,8230,11693,6075,46664,6927,66479,1426,1740,4300,2024,1537,90,89,56030,9787,89469,322746,23613,6193,2841,12044,13287,1739,6059,245,244,76230,1928,33731,34105],"class_list":["post-585599","post","type-post","status-publish","format-standard","has-post-thumbnail","category-calcio","tag-accettare","tag-accettare-squadra","tag-alta","tag-altezza","tag-alto","tag-bleus","tag-calcio","tag-capitano","tag-comunicazione","tag-delusione","tag-deschamps","tag-difficile","tag-disordini","tag-finale","tag-football","tag-francia","tag-gioco","tag-it","tag-italia","tag-italy","tag-mbappe","tag-necessario","tag-poca","tag-poca-comunicazione","tag-pressing","tag-sa","tag-sabato","tag-sconfitta","tag-sera","tag-soccer","tag-spagna","tag-sport","tag-sports","tag-tecnicamente","tag-testa","tag-testa-alta","tag-zidane"],"share_on_mastodon":{"url":"https:\/\/pubeurope.com\/@it\/116923092597375741","error":""},"_links":{"self":[{"href":"https:\/\/www.europesays.com\/it\/wp-json\/wp\/v2\/posts\/585599","targetHints":{"allow":["GET"]}}],"collection":[{"href":"https:\/\/www.europesays.com\/it\/wp-json\/wp\/v2\/posts"}],"about":[{"href":"https:\/\/www.europesays.com\/it\/wp-json\/wp\/v2\/types\/post"}],"author":[{"embeddable":true,"href":"https:\/\/www.europesays.com\/it\/wp-json\/wp\/v2\/users\/3"}],"replies":[{"embeddable":true,"href":"https:\/\/www.europesays.com\/it\/wp-json\/wp\/v2\/comments?post=585599"}],"version-history":[{"count":0,"href":"https:\/\/www.europesays.com\/it\/wp-json\/wp\/v2\/posts\/585599\/revisions"}],"wp:featuredmedia":[{"embeddable":true,"href":"https:\/\/www.europesays.com\/it\/wp-json\/wp\/v2\/media\/585600"}],"wp:attachment":[{"href":"https:\/\/www.europesays.com\/it\/wp-json\/wp\/v2\/media?parent=585599"}],"wp:term":[{"taxonomy":"category","embeddable":true,"href":"https:\/\/www.europesays.com\/it\/wp-json\/wp\/v2\/categories?post=585599"},{"taxonomy":"post_tag","embeddable":true,"href":"https:\/\/www.europesays.com\/it\/wp-json\/wp\/v2\/tags?post=585599"}],"curies":[{"name":"wp","href":"https:\/\/api.w.org\/{rel}","templated":true}]}}