{"id":585731,"date":"2026-07-15T10:37:11","date_gmt":"2026-07-15T10:37:11","guid":{"rendered":"https:\/\/www.europesays.com\/it\/585731\/"},"modified":"2026-07-15T10:37:11","modified_gmt":"2026-07-15T10:37:11","slug":"arriva-il-colosso-svedese-il-blu-di-ikea-e-gia-pronto-apertura-a-settembre","status":"publish","type":"post","link":"https:\/\/www.europesays.com\/it\/585731\/","title":{"rendered":"Arriva il colosso svedese, il blu di Ikea \u00e8 gi\u00e0 pronto.\u00a0Apertura a settembre"},"content":{"rendered":"<p>Perugia, 15 luglio 2026 \u2013\u00a0Il blu di<strong> Ikea<\/strong> \u00e8 gi\u00e0 pronto. Quel blu che \u00e8 uno degli elementi che distingue il marchi della multinazionale. La foto qui a destra, scattata ieri mattina, \u00e8 la conferma che il colosso dell\u2019arredamento svedese aprir\u00e0 quanto prima a Ellera. Come anticipato qualche settimana fa dal nostro giornale, il negozio di media metratura aprir\u00e0 a fianco di un\u2019altra catena, Obi.<\/p>\n<p>All\u2019intero del quale \u00e8 gi\u00e0 stata effettuata la separazione degli spazi. <strong>Obi<\/strong>, insomma, si \u00e8 ristretto di circa un terzo rispetto a prima, dando <strong>spazio al negozio<\/strong> che secondo le ultime informazioni, dovrebbe aprire gi\u00e0 a settembre. I lavori sia all\u2019interno che all\u2019esterno proseguono a spron battuto: l\u2019ingresso laterale di sinistra di Obi sar\u00e0 dunque la nuova entrata per accedere a Ikea. Il pannello in alto \u00e8 gi\u00e0 stato rifatto di blu, anche se la scritta sopra alla porta, potrebbe arrivare solo pochi giorni prima dell\u2019apertura.<\/p>\n<p> <img alt=\"L'insegna di un negozio Ikea\" loading=\"lazy\" width=\"2124\" height=\"1411\" decoding=\"async\" data-nimg=\"1\" style=\"color:transparent;max-width:100%;height:auto\"   src=\"https:\/\/www.europesays.com\/it\/wp-content\/uploads\/2026\/07\/l-insegna-di-un-negozio-ikea.webp\"\/><\/p>\n<p>L&#8217;insegna di un negozio Ikea: la nota marca sbarcher\u00e0 anche a Reggio Emilia<\/p>\n<p>Sul sito di Ikea non ci sono pi\u00f9 selezioni aperte per il personale, ma non \u00e8 escluso che ne arrivino altre nei prossimi giorni. Quello che aprir\u00e0, come noto, sar\u00e0 uno \u201csmall store\u201d, negozio di dimensioni un ridotte rispetto ai 50mila metri quadri degli spazi classici che siamo abituati a vedere.<\/p>\n<p>Approfondisci:<\/p>\n<p><a href=\"https:\/\/www.lanazione.it\/arezzo\/cronaca\/bollette-costi-panificio-chiusura-h8kk0lik\" class=\"ArticleEmbed_article__embed__content__Jzqnz\" rel=\"nofollow noopener\" target=\"_blank\">Nico rischia di chiudere il panificio (aperto da 50 anni): \u201cBollette alle stelle, non scarico i rincari sulle famiglie\u201d<img alt=\"Nico rischia di chiudere il panificio (aperto da 50 anni): \u201cBollette alle stelle, non scarico i rincari sulle famiglie\u201d\" loading=\"lazy\" width=\"140\" height=\"78\" decoding=\"async\" data-nimg=\"1\" style=\"color:transparent\"  src=\"https:\/\/www.europesays.com\/it\/wp-content\/uploads\/2026\/07\/nico-vanni-al-timone-del-panificio-di-famiglia-che-va-verso-i-50-anni-di-attivita.webp\"\/><\/a> <\/p>\n<p>A quanto emerge si potrebbe trattare di circa<strong> 5\/6mila metri quadri<\/strong>, forse distribuiti su due piani. Ad esempio quello aperto a marzo Cagliari (145mila abitanti), con il nuovo format \u201csmall store\u201d si estende su 15.500 metri quadri distribuiti su due piani. Oltre 3.800 di showroom, mentre nel market hall di 2.600 metri \u00e8 possibile acquistare direttamente 9.600 prodotti. Poi c\u2019\u00e8 una <strong>planning area<\/strong> dove i clienti possono progettare la propria casa con il supporto dei coworker Ikea.<\/p>\n","protected":false},"excerpt":{"rendered":"Perugia, 15 luglio 2026 \u2013\u00a0Il blu di Ikea \u00e8 gi\u00e0 pronto. Quel blu che \u00e8 uno degli elementi&hellip;\n","protected":false},"author":3,"featured_media":585732,"comment_status":"","ping_status":"","sticky":false,"template":"","format":"standard","meta":{"footnotes":"","_share_on_mastodon":"0"},"categories":[172],"tags":[178,915,2478,14807,177,43534,23111,60949,1537,90,89,1917,407,61366],"class_list":["post-585731","post","type-post","status-publish","format-standard","has-post-thumbnail","category-affari","tag-affari","tag-apertura","tag-arriva","tag-blu","tag-business","tag-colosso","tag-gia","tag-ikea","tag-it","tag-italia","tag-italy","tag-pronto","tag-settembre","tag-svedese"],"share_on_mastodon":{"url":"https:\/\/pubeurope.com\/@it\/116923561071111800","error":""},"_links":{"self":[{"href":"https:\/\/www.europesays.com\/it\/wp-json\/wp\/v2\/posts\/585731","targetHints":{"allow":["GET"]}}],"collection":[{"href":"https:\/\/www.europesays.com\/it\/wp-json\/wp\/v2\/posts"}],"about":[{"href":"https:\/\/www.europesays.com\/it\/wp-json\/wp\/v2\/types\/post"}],"author":[{"embeddable":true,"href":"https:\/\/www.europesays.com\/it\/wp-json\/wp\/v2\/users\/3"}],"replies":[{"embeddable":true,"href":"https:\/\/www.europesays.com\/it\/wp-json\/wp\/v2\/comments?post=585731"}],"version-history":[{"count":0,"href":"https:\/\/www.europesays.com\/it\/wp-json\/wp\/v2\/posts\/585731\/revisions"}],"wp:featuredmedia":[{"embeddable":true,"href":"https:\/\/www.europesays.com\/it\/wp-json\/wp\/v2\/media\/585732"}],"wp:attachment":[{"href":"https:\/\/www.europesays.com\/it\/wp-json\/wp\/v2\/media?parent=585731"}],"wp:term":[{"taxonomy":"category","embeddable":true,"href":"https:\/\/www.europesays.com\/it\/wp-json\/wp\/v2\/categories?post=585731"},{"taxonomy":"post_tag","embeddable":true,"href":"https:\/\/www.europesays.com\/it\/wp-json\/wp\/v2\/tags?post=585731"}],"curies":[{"name":"wp","href":"https:\/\/api.w.org\/{rel}","templated":true}]}}