{"id":586062,"date":"2026-07-15T14:57:15","date_gmt":"2026-07-15T14:57:15","guid":{"rendered":"https:\/\/www.europesays.com\/it\/586062\/"},"modified":"2026-07-15T14:57:15","modified_gmt":"2026-07-15T14:57:15","slug":"francesca-inaudi-avere-un-figlio-dopo-i-40-anni-come-ho-fatto-io-e-tardi-un-altro-furto-che-la-societa-ha-fatto-alle-donne","status":"publish","type":"post","link":"https:\/\/www.europesays.com\/it\/586062\/","title":{"rendered":"Francesca Inaudi: \u00abAvere un figlio dopo i 40 anni, come ho fatto io, \u00e8 tardi. Un altro furto che la societ\u00e0 ha fatto alle donne\u00bb"},"content":{"rendered":"<p>    di<br \/>\n    Simona Marchetti<\/p>\n<p class=\"summary-art is-line-h-12\">Diventata mamma sei anni fa, la 48enne attrice ha spiegato a &#8220;Vanity Fair&#8221; di considerare la gravidanza come una vera e propria \u00abpsicanalisi in atto\u00bb, che ogni giorno mette di fronte a traumi e questioni irrisolte<\/p>\n<p class=\"chapter-paragraph\"><b>Un percorso che mette a dura prova<\/b>, questa \u00e8 la maternit\u00e0 per <b>Francesca<\/b> <b>Inaudi<\/b> che, dopo aver vissuto in prima persona <b>un parto difficile<\/b> e la <b>depressione post partum<\/b>, un anno e mezzo fa ha scelto di diventare <b>doula<\/b> (la figura che accompagna le donne durante la gravidanza, il parto e i primi mesi dopo la nascita di un figlio, ndr) e di entrare a far parte di un\u2019associazione, <b>a cui si dedica nei momenti di pausa dal lavoro<\/b> (\u00abposso dare sostegno anche virtuale, a distanza\u00bb). Intervistata da \u201c<b>Vanity<\/b> <b>Fair<\/b>\u201d per la promozione del film \u201c<b>Il Mondo Oltre<\/b>\u201d di <b>Dario<\/b> <b>Germani<\/b>, la <b>48enne attrice<\/b> non usa mezzi termini quando le viene chiesto di descrivere l\u2019esperienza di diventare madre. \u00ab<b>La verit\u00e0 \u00e8 che avere un figlio ti mette di fronte a te stessa bambina<\/b>, ma vale anche per gli uomini, con i tuoi traumi, tutte le questioni irrisolte &#8211; spiega <b>Inaudi<\/b> &#8211; . Ti trovi tantissime volte a un bivio: devi decidere se fare delle scelte per servire te stesso o l&#8217;altro da te. <b>\u00c8 psicanalisi in atto<\/b>. Ogni giorno, attraverso ogni gesto, ogni parola, scopri che avere un figlio significa rispecchiarsi in lui e questo ti catapulta dentro ci\u00f2 che hai vissuto e ti d\u00e0 la possibilit\u00e0 di replicarlo o di cambiarlo. Il motivo per cui tanti non fanno pi\u00f9 figli, secondo me, \u00e8 che <b>si tratta di un confronto terrificante<\/b>. Per\u00f2 se ci passi attraverso \u00e8 <b>anche liberatorio<\/b>\u00bb.\u00a0<\/p>\n<p class=\"chapter-paragraph\">Eppure attorno alla maternit\u00e0 continuano a ruotare <b>troppi luoghi comuni<\/b>, una battaglia che l\u2019attrice combatte da tempo.\u00a0\u00ab<b>Siamo piene di falsi miti<\/b> che ci tengono lontane dalla consapevolezza del potere profondo c<b>he abbiamo come donne, non solo come madri<\/b> &#8211; spiega non a caso nell\u2019intervista -. Non sappiamo come funziona il nostro corpo, quali siano le differenze fisiologiche tra noi e gli uomini e in che modo si riflettano sul nostro modo di essere. Penso che <b>una delle grandi fregature del femminismo<\/b> sia stata il fatto che, quando \u00e8 esploso, c\u2019era la necessit\u00e0 di agire e l\u2019azione \u00e8 sempre maschile. <b>Abbiamo indossato i pantaloni<\/b> dimenticandoci un po\u2019 per strada la comprensione di che cosa ci renda diverse. Per arrivare alla parit\u00e0 <b>non si pu\u00f2 perdere l\u2019essenza di ci\u00f2 che siamo in quanto femmine<\/b>, il rapporto col nostro corpo, con l\u2019idea di bellezza e cos\u00ec via\u00bb.\u00a0    &#13;<br \/>\n&#13;<br \/>\n&#13;<br \/>\n&#13;<br \/>\n&#13;<br \/>\n&#13;<br \/>\n&#13;<br \/>\n&#13;<br \/>\n&#13;<br \/>\n&#13;<br \/>\n&#13;<br \/>\n&#13;<br \/>\n&#13;<br \/>\n&#13;<br \/>\n&#13;<br \/>\n&#13;<br \/>\n&#13;<br \/>\n&#13;<br \/>\n&#13;<br \/>\n&#13;<br \/>\n&#13;<br \/>\n&#13;<br \/>\n&#13;<br \/>\n&#13;<br \/>\n&#13;<br \/>\n&#13;<br \/>\n&#13;<br \/>\n&#13;<br \/>\n&#13;<br \/>\n&#13;<br \/>\n&#13;<br \/>\n&#13;<br \/>\n&#13;<br \/>\n&#13;<br \/>\n&#13;<br \/>\n&#13;<br \/>\n&#13;<br \/>\n&#13;<br \/>\n&#13;<br \/>\n&#13;<br \/>\n&#13;<br \/>\n&#13;<br \/>\n&#13;<br \/>\n&#13;<br \/>\n&#13;<br \/>\n&#13;<br \/>\n&#13;<br \/>\n&#13;<br \/>\n&#13;<br \/>\n&#13;<br \/>\n&#13;<br \/>\n&#13;<br \/>\n&#13;\n<\/p>\n<p class=\"chapter-paragraph\">Diventata mamma a <b>42 anni<\/b>, oggi <b>Inaudi<\/b> ha <b>un bambino di 6<\/b>, ma anche se le viene fatto notare che \u00ab<b>ormai avere<\/b> <b>un figlio intorno ai 40 anni \u00e8 considerato normale<\/b>\u00bb, la sua posizione sull&#8217;argomento \u00e8 tutto fuorch\u00e9 \u201c<b>politically correct<\/b>\u201d. \u00abResto dell&#8217;idea che <b>sia tardi<\/b> &#8211; replica infatti senza esitazione &#8211; ed <b>\u00e8 un altro furto che in qualche modo la societ\u00e0 ha fatto alle donne. Perch\u00e9 vivi la maternit\u00e0 in maniera del tutto diversa<\/b>. L\u2019ho visto accadere con i miei genitori. Mia madre <b>mi ha avuto a 24 anni<\/b>, mentre quando \u00e8 nato <b>mio fratello ne aveva 40<\/b>. Stessa donna, due madri opposte. Con gli anni <b>l\u2019energia fisica non \u00e8 pi\u00f9 la stessa<\/b>. Magari con l\u2019et\u00e0 guadagni in saggezza, ma perdi altro: il disincanto, la capacit\u00e0 di giocare\u00bb.<\/p>\n<p class=\"is-last-update\" datetime=\"2026-07-15T15:43:39+02:00\">15 luglio 2026 ( modifica il 15 luglio 2026 | 15:43)<\/p>\n<p class=\"is-copyright\">\n            \u00a9 RIPRODUZIONE RISERVATA\n        <\/p>\n","protected":false},"excerpt":{"rendered":"di Simona Marchetti Diventata mamma sei anni fa, la 48enne attrice ha spiegato a &#8220;Vanity Fair&#8221; di considerare&hellip;\n","protected":false},"author":3,"featured_media":586063,"comment_status":"","ping_status":"","sticky":false,"template":"","format":"standard","meta":{"footnotes":"","_share_on_mastodon":"0"},"categories":[1451],"tags":[1026,7738,1621,1620,483,3591,13035,42220,2429,203,3517,2716,5701,322791,1346,7100,322887,322888,1232,128,322886,204,169397,1537,90,89,4045,8655,4002,6959,1981,322889,7871,52938,322890,4570,322891,1359,322892],"class_list":["post-586062","post","type-post","status-publish","format-standard","has-post-thumbnail","category-celebrita","tag-atto","tag-attrice","tag-celebrita","tag-celebrities","tag-cio","tag-corpo","tag-diventata","tag-diventata-mamma","tag-donne","tag-entertainment","tag-fair","tag-figlio","tag-francesca","tag-francesca-inaudi","tag-fronte","tag-furto","tag-furto-societa","tag-furto-societa-donne","tag-gravidanza","tag-idea","tag-inaudi","tag-intrattenimento","tag-irrisolte","tag-it","tag-italia","tag-italy","tag-madre","tag-madri","tag-mamma","tag-maternita","tag-mette","tag-mette-fronte","tag-parto","tag-psicanalisi","tag-psicanalisi-atto","tag-questioni","tag-questioni-irrisolte","tag-societa","tag-societa-donne"],"share_on_mastodon":{"url":"","error":"Validation failed: Text character limit of 500 exceeded"},"_links":{"self":[{"href":"https:\/\/www.europesays.com\/it\/wp-json\/wp\/v2\/posts\/586062","targetHints":{"allow":["GET"]}}],"collection":[{"href":"https:\/\/www.europesays.com\/it\/wp-json\/wp\/v2\/posts"}],"about":[{"href":"https:\/\/www.europesays.com\/it\/wp-json\/wp\/v2\/types\/post"}],"author":[{"embeddable":true,"href":"https:\/\/www.europesays.com\/it\/wp-json\/wp\/v2\/users\/3"}],"replies":[{"embeddable":true,"href":"https:\/\/www.europesays.com\/it\/wp-json\/wp\/v2\/comments?post=586062"}],"version-history":[{"count":0,"href":"https:\/\/www.europesays.com\/it\/wp-json\/wp\/v2\/posts\/586062\/revisions"}],"wp:featuredmedia":[{"embeddable":true,"href":"https:\/\/www.europesays.com\/it\/wp-json\/wp\/v2\/media\/586063"}],"wp:attachment":[{"href":"https:\/\/www.europesays.com\/it\/wp-json\/wp\/v2\/media?parent=586062"}],"wp:term":[{"taxonomy":"category","embeddable":true,"href":"https:\/\/www.europesays.com\/it\/wp-json\/wp\/v2\/categories?post=586062"},{"taxonomy":"post_tag","embeddable":true,"href":"https:\/\/www.europesays.com\/it\/wp-json\/wp\/v2\/tags?post=586062"}],"curies":[{"name":"wp","href":"https:\/\/api.w.org\/{rel}","templated":true}]}}