{"id":586084,"date":"2026-07-15T15:09:12","date_gmt":"2026-07-15T15:09:12","guid":{"rendered":"https:\/\/www.europesays.com\/it\/586084\/"},"modified":"2026-07-15T15:09:12","modified_gmt":"2026-07-15T15:09:12","slug":"violento-nubifragio-su-milano-pioggia-battente-e-forti-raffiche-di-vento-scatta-lallerta","status":"publish","type":"post","link":"https:\/\/www.europesays.com\/it\/586084\/","title":{"rendered":"Violento nubifragio su Milano: pioggia battente e forti raffiche di vento. Scatta l&#8217;allerta"},"content":{"rendered":"<p>Poco prima delle 16 le nuvole che si addensavano su Milano hanno iniziato a scaricare sulla citt\u00e0 tutta la loro violenza. Come ampiamente <a href=\"https:\/\/www.milanotoday.it\/meteo\/allerta-arancione-temporale-15-luglio-2026.html\" rel=\"nofollow noopener\" target=\"_blank\">previsto<\/a> dagli esperti, il nubifragio ha colpito il capoluogo lombardo, caratterizzato da pioggia battente e fortissime folate di vento.<\/p>\n<p>La Protezione Civile della Regione Lombardia ha diramando un&#8217;allerta meteo di codice arancione (livello di criticit\u00e0 tre su una scala da uno a quattro) per rischio temporali forti. \u00c8 prevista grandine di medio-grandi dimensioni. L&#8217;<a href=\"https:\/\/www.milanotoday.it\/meteo\/fine-ondata-caldo-temporali-meta-luglio-2026.html\" rel=\"nofollow noopener\" target=\"_blank\">allerta<\/a>, entrata in vigore alle ore 14 di mercoled\u00ec, rester\u00e0 attiva fino alla mezzanotte.<\/p>\n<p>Fiumi sorvegliati speciali e monitoraggio attivo<\/p>\n<p>Il timore principale per le prossime ore riguarda la tenuta idraulica del nodo milanese. I fiumi Seveso e Lambro sono considerati i principali sorvegliati speciali.<\/p>\n<p>Per prevenire scenari critici ed eventuali esondazioni nei quartieri storicamente pi\u00f9 esposti, come Niguarda e la zona di viale Fulvio Testi, il comune di Milano ha gi\u00e0 attivato il Centro operativo comunale (Coc). Le squadre della Protezione Civile sono operative sul territorio per monitorare i livelli idrometrici dei corsi d&#8217;acqua e coordinare tempestivamente gli interventi di emergenza in caso di allagamenti.<\/p>\n<p>Gli esperti: &#8220;Infiltrazioni fredde e venti fino a 150 km\/h&#8221;<\/p>\n<p>Il brusco <a href=\"https:\/\/www.allertalom.regione.lombardia.it\/homepage\" rel=\"nofollow noopener\" target=\"_blank\">peggioramento<\/a> delle condizioni atmosferiche \u00e8 causato dal rapido transito di una perturbazione atlantica. I meteorologi del Centro funzionale monitoraggio rischi naturali della Lombardia hanno spiegato la dinamica del fenomeno: \u201cLa giornata di mercoled\u00ec vede il passaggio di una perturbazione che, nel pomeriggio e in serata, porter\u00e0 infiltrazioni di aria umida e fresca in quota, favorendo la formazione di forti fenomeni convettivi. Sono previsti rovesci e temporali in estensione alla pianura, in movimento da Ovest verso Est\u201d.\u00a0<\/p>\n<p>\u201cI fenomeni potranno essere accompagnati da raffiche di vento molto forti, capaci di raggiungere picchi tra i 110 e i 150 km\/h, e grandine di medio-grandi dimensioni. Nelle aree interessate dai temporali pi\u00f9 persistenti si stimano massimi locali di pioggia compresi tra i 40 e gli 80 mm nell&#8217;arco di sole 6 ore\u201d, hanno scritto.<\/p>\n<p>Gli esperti segnalano inoltre che in tarda serata e durante la notte si attende un secondo impulso perturbato, sebbene caratterizzato da fenomeni generalmente meno intensi.<\/p>\n<p>Cosa succeder\u00e0 gioved\u00ec 16 luglio?<\/p>\n<p>Il maltempo non conceder\u00e0 una tregua definitiva. Anche per la giornata di gioved\u00ec 16 luglio, nonostante un temporaneo e parziale rinforzo dell&#8217;alta pressione sul Mediterraneo centro-occidentale, il quadro meteorologico sul Nord Italia rimarr\u00e0 estremamente instabile.<\/p>\n<p>Una nuova perturbazione in arrivo da Ovest determiner\u00e0 una ripresa dei fenomeni temporaleschi a partire dalla serata, con possibili rovesci di forte intensit\u00e0. Anche per gioved\u00ec non si escludono grandinate e forti raffiche di vento comprese tra i 90 e i 110 km\/h. La Protezione Civile raccomanda la massima prudenza nei pressi di parchi, alberature, impalcature e sottopassi cittadini.<\/p>\n","protected":false},"excerpt":{"rendered":"Poco prima delle 16 le nuvole che si addensavano su Milano hanno iniziato a scaricare sulla citt\u00e0 tutta&hellip;\n","protected":false},"author":3,"featured_media":586085,"comment_status":"","ping_status":"","sticky":false,"template":"","format":"standard","meta":{"footnotes":"","_share_on_mastodon":"0"},"categories":[79],"tags":[14,93,94,1537,90,89,419,7,15,634,10124,11,84,91,12,85,92],"class_list":["post-586084","post","type-post","status-publish","format-standard","has-post-thumbnail","category-italia","tag-cronaca","tag-cronaca-italiana","tag-cronacaitaliana","tag-it","tag-italia","tag-italy","tag-meteo","tag-news","tag-notizie","tag-pioggia","tag-temporale","tag-ultime-notizie","tag-ultime-notizie-e-news-di-oggi","tag-ultime-notizie-italia","tag-ultimenotizie","tag-ultimenotizieenewsdioggi","tag-ultimenotizieitalia"],"share_on_mastodon":{"url":"https:\/\/pubeurope.com\/@it\/116924630425601149","error":""},"_links":{"self":[{"href":"https:\/\/www.europesays.com\/it\/wp-json\/wp\/v2\/posts\/586084","targetHints":{"allow":["GET"]}}],"collection":[{"href":"https:\/\/www.europesays.com\/it\/wp-json\/wp\/v2\/posts"}],"about":[{"href":"https:\/\/www.europesays.com\/it\/wp-json\/wp\/v2\/types\/post"}],"author":[{"embeddable":true,"href":"https:\/\/www.europesays.com\/it\/wp-json\/wp\/v2\/users\/3"}],"replies":[{"embeddable":true,"href":"https:\/\/www.europesays.com\/it\/wp-json\/wp\/v2\/comments?post=586084"}],"version-history":[{"count":0,"href":"https:\/\/www.europesays.com\/it\/wp-json\/wp\/v2\/posts\/586084\/revisions"}],"wp:featuredmedia":[{"embeddable":true,"href":"https:\/\/www.europesays.com\/it\/wp-json\/wp\/v2\/media\/586085"}],"wp:attachment":[{"href":"https:\/\/www.europesays.com\/it\/wp-json\/wp\/v2\/media?parent=586084"}],"wp:term":[{"taxonomy":"category","embeddable":true,"href":"https:\/\/www.europesays.com\/it\/wp-json\/wp\/v2\/categories?post=586084"},{"taxonomy":"post_tag","embeddable":true,"href":"https:\/\/www.europesays.com\/it\/wp-json\/wp\/v2\/tags?post=586084"}],"curies":[{"name":"wp","href":"https:\/\/api.w.org\/{rel}","templated":true}]}}