{"id":586137,"date":"2026-07-15T15:52:20","date_gmt":"2026-07-15T15:52:20","guid":{"rendered":"https:\/\/www.europesays.com\/it\/586137\/"},"modified":"2026-07-15T15:52:20","modified_gmt":"2026-07-15T15:52:20","slug":"rocio-munoz-morales-ha-trovato-lamore-in-vacanza-in-spagna","status":"publish","type":"post","link":"https:\/\/www.europesays.com\/it\/586137\/","title":{"rendered":"Rocio Munoz Morales ha trovato l&#8217;amore in vacanza in Spagna"},"content":{"rendered":"<p>                                Le foto dell&#8217;uscita in barca tra sorrisi e gesti affettuosi sembrano non lasciare troppi dubbi<\/p>\n<p class=\"paragraph\" spellcheck=\"true\"><b>Rocio Munoz Morales <\/b>qualche settimana fa aveva detto che avrebbe <a href=\"https:\/\/www.gazzetta.it\/spettacolo-tv-gossip\/03-07-2026\/andrea-iannone-a-ibiza-con-una-ragazza-con-rocio-munoz-morales-e-finita.shtml?intcmp=hyperlink-articolo-gazit\" title=\"Andrea Iannone e Rocio Munoz Morales, vacanze separate, tra loro \u00e8 gi\u00e0 finita?\" rel=\"nofollow noopener\" target=\"_blank\">lasciato l&#8217;Italia<\/a> per trascorrere due mesi in Spagna tra famiglia, lavoro e qualche giorno di vacanza. Ma soprattutto per allontanarsi dal gossip di cui \u00e8 ormai protagonista da pi\u00f9 di un anno. Dalla separazione con <a href=\"https:\/\/www.gazzetta.it\/gossip\/22-12-2025\/rocio-munoz-morales-dopo-l-addio-a-raoul-bova-le-sue-parole-a-verissimo.shtml?intcmp=hyperlink-articolo-gazit\" title=\"Roc\u00edo Mu\u00f1oz Morales dopo l&#039;addio a Raoul Bova: &quot;Non chiudo le porte all&#039;amore&quot;\" rel=\"nofollow noopener\" target=\"_blank\">Raoul Bova<\/a>, padre delle sue due bambine e che nel frattempo ha iniziato una nuova relazione con <a href=\"https:\/\/www.gazzetta.it\/spettacolo-tv-gossip\/16-06-2026\/raoul-bova-proposta-di-matrimonio-a-beatrice-arnera-l-indizio.shtml?intcmp=hyperlink-articolo-gazit\" title=\"Raoul Bova, proposta di matrimonio in arrivo per Beatrice Arnera?\" rel=\"nofollow noopener\" target=\"_blank\">Beatrice Arnera<\/a>, fino al flirt con <a href=\"https:\/\/www.gazzetta.it\/spettacolo-tv-gossip\/09-06-2026\/rocio-munoz-morales-e-andrea-iannone-vivo-il-bello-senza-dargli-un-nome.shtml?intcmp=hyperlink-articolo-gazit\" title=\"Roc\u00edo Mu\u00f1oz Morales e il rapporto con Iannone: \" mi=\"\" vivo=\"\" il=\"\" bello=\"\" senza=\"\" dargli=\"\" un=\"\" nome=\"\" rel=\"nofollow noopener\" target=\"_blank\">Andrea Iannone<\/a>, mai davvero confermato,<b> Rocio Munoz Morales <\/b>\u00e8 spesso finita al centro dell&#8217;attenzione mediatica pi\u00f9 per le sue vicende sentimentali che lavorative.\u00a0<\/p>\n<p>        Rocio Munoz Morales ha trovato l&#8217;amore?\u2014 \u00a0<\/p>\n<p class=\"paragraph\" spellcheck=\"true\">Nonostante la distanza, il settimanale Oggi ha pubblicato le immagini in esclusiva di <b>Rocio Munoz Morales in barca insieme a un uomo<\/b> con cui sembra avere una certa affinit\u00e0. Nelle immagini i due si scambiano sorrisi complici e gesti semplici ma che fanno percepire una confidenza nel rapporto. Con loro, bordo di un miniyacht a Ibiza, c&#8217;erano anche le figlie di Morales, Alma e Luna che sembrano avere una cera confidenza con l&#8217;uomo che, secondo quanto riporta Oggi, \u00e8 un importante nome della ristorazione madrilena.\u00a0<\/p>\n<p>        chi \u00e8 l&#8217;uomo?\u2014 \u00a0<\/p>\n<p class=\"paragraph\" spellcheck=\"true\">Sembra cos\u00ec che dopo due amori italiani, <b>Rocio Munoz Morales <\/b>sembra aver riportato il suo cuore in Spagna e si starebbe frequentando con<b> Fernando Nicolas,<\/b> affascinante imprenditore di 45 anni, con cui avrebbe quella che al momento si pu\u00f2 definire un&#8217;amicizia speciale. Laureato in Economia, al vertice di un impero fatto di ristoranti, bar e discoteche, Morales aveva dichiarato in alcune recenti interviste, riportate da Oggi, di essere in cerca di una compagna: &#8220;Adoro i bambini, vorrei innamorarmi e sposarmi, cerco una donna che mi faccia ridere, detesto quelle insipide senza brio. Vorrei una ragazza di carattere che non me la dia sempre vita&#8221;. Chiss\u00e0 se questa ricerca \u00e8 finita o se con Rocio Munoz Morales \u00e8 soltanto un flirt estivo o se si tratti di una semplice amicizia, che magari va avanti da tempo ma che non era mai emersa pubblicamente. Soltanto nuovi avvistamenti nelle prossime settimane potrebbero aprire a una prospettiva diversa.<\/p>\n","protected":false},"excerpt":{"rendered":"Le foto dell&#8217;uscita in barca tra sorrisi e gesti affettuosi sembrano non lasciare troppi dubbi Rocio Munoz Morales&hellip;\n","protected":false},"author":3,"featured_media":586138,"comment_status":"","ping_status":"","sticky":false,"template":"","format":"standard","meta":{"footnotes":"","_share_on_mastodon":"0"},"categories":[1451],"tags":[11166,87,4119,11962,1621,1620,48850,203,846,3061,11895,13738,12272,204,1537,90,89,11963,11964,11979,11961,11983,9769,32791,33026,6059,5325],"class_list":["post-586137","post","type-post","status-publish","format-standard","has-post-thumbnail","category-celebrita","tag-amicizia","tag-amore","tag-barca","tag-bova","tag-celebrita","tag-celebrities","tag-confidenza","tag-entertainment","tag-finita","tag-flirt","tag-gesti","tag-iannone","tag-immagini","tag-intrattenimento","tag-it","tag-italia","tag-italy","tag-morales","tag-munoz","tag-munoz-morales","tag-rocio","tag-rocio-munoz","tag-rocio-munoz-morales","tag-sembrano","tag-sorrisi","tag-spagna","tag-vorrei"],"share_on_mastodon":{"url":"https:\/\/pubeurope.com\/@it\/116924799203534079","error":""},"_links":{"self":[{"href":"https:\/\/www.europesays.com\/it\/wp-json\/wp\/v2\/posts\/586137","targetHints":{"allow":["GET"]}}],"collection":[{"href":"https:\/\/www.europesays.com\/it\/wp-json\/wp\/v2\/posts"}],"about":[{"href":"https:\/\/www.europesays.com\/it\/wp-json\/wp\/v2\/types\/post"}],"author":[{"embeddable":true,"href":"https:\/\/www.europesays.com\/it\/wp-json\/wp\/v2\/users\/3"}],"replies":[{"embeddable":true,"href":"https:\/\/www.europesays.com\/it\/wp-json\/wp\/v2\/comments?post=586137"}],"version-history":[{"count":0,"href":"https:\/\/www.europesays.com\/it\/wp-json\/wp\/v2\/posts\/586137\/revisions"}],"wp:featuredmedia":[{"embeddable":true,"href":"https:\/\/www.europesays.com\/it\/wp-json\/wp\/v2\/media\/586138"}],"wp:attachment":[{"href":"https:\/\/www.europesays.com\/it\/wp-json\/wp\/v2\/media?parent=586137"}],"wp:term":[{"taxonomy":"category","embeddable":true,"href":"https:\/\/www.europesays.com\/it\/wp-json\/wp\/v2\/categories?post=586137"},{"taxonomy":"post_tag","embeddable":true,"href":"https:\/\/www.europesays.com\/it\/wp-json\/wp\/v2\/tags?post=586137"}],"curies":[{"name":"wp","href":"https:\/\/api.w.org\/{rel}","templated":true}]}}