{"id":586169,"date":"2026-07-15T16:13:09","date_gmt":"2026-07-15T16:13:09","guid":{"rendered":"https:\/\/www.europesays.com\/it\/586169\/"},"modified":"2026-07-15T16:13:09","modified_gmt":"2026-07-15T16:13:09","slug":"carlos-alcaraz-con-una-misteriosa-bionda-sul-suo-yacht-in-italia","status":"publish","type":"post","link":"https:\/\/www.europesays.com\/it\/586169\/","title":{"rendered":"Carlos Alcaraz con una misteriosa bionda sul suo yacht in Italia"},"content":{"rendered":"<p>                                Il tennista, attualmente infortunato, \u00e8 stato visto sulla Costiera Amalfitana<\/p>\n<p>                    15 luglio 2026 (modifica alle 17:22)  &#8211; MILANO<\/p>\n<p class=\"paragraph\" spellcheck=\"true\"><b>Carlos Alcaraz <\/b>sta recuperando dall&#8217;<a href=\"https:\/\/www.gazzetta.it\/Tennis\/ATP\/14-07-2026\/infortunio-alcaraz-carlos-punta-a-rientrare-agli-us-open.shtml?intcmp=hyperlink-articolo-gazit\" rel=\"nofollow noopener\" target=\"_blank\">infortunio al polso<\/a>, che ormai da diverse settimane lo sta tenendo lontano dai campi da tennis, costringendolo a saltare i tornei di <b>Wimbledon<\/b> e del<b> Roland Garros<\/b>. Tra un allenamento e una seduta di fisioterapia, per provare a partecipare ai prossimi tornei in vista, il campione spagnolo si \u00e8 concesso <b>qualche giorno di vacanza <\/b>ed \u00e8 stato avvistato in Italia in compagnia di una <b>misteriosa bionda.\u00a0<\/b><\/p>\n<p>        alcaraz con una misteriosa bionda\u2014 \u00a0<\/p>\n<p class=\"paragraph\" spellcheck=\"true\">Secondo quanto riportato dal direttore della rivista spagnola Semana, Jorge Borrajo,<b> Carlos Alcaraz<\/b> ha trascorso alcuni giorni sul suo lussuoso yacht, ormeggiato nei pressi<b> della Costiera Amalfitana, <\/b>in compagnia di altre tre coppie ma soprattutto di una<b> bionda sconosciuta,<\/b> che nemmeno i giornalisti spagnoli sono riusciti a identificare. &#8220;Carlos e questa ragazza bionda hanno condiviso momenti teneri e intimi&#8221; ha assicurato Borrajo parlando a una tv spagnola e mostrando le foto pubblicate sul suo settimanale. Il direttore ha anche sottolineato come i due abbiano cercato pi\u00f9 volte di isolarsi rispetto alle altre coppie, come se stessero cercando i propri spazi per iniziare a conoscersi meglio. Lo <b>yacht di Alcaraz, lungo 27 metri<\/b> e dal valore di circa<b> 10 milioni di euro<\/b> avrebbe fatto tappa a Procida, Ischia e Capri.<\/p>\n<p><a class=\"is-partner-link\" href=\"https:\/\/abbonamenti.gazzetta.it\/de-promo-mondiali\/?pwcmp=cta&amp;forceBrowser=true\" rel=\"nofollow noopener\" target=\"_blank\">Gazzetta Mondiale: ogni notte un\u2019edizione straordinaria esclusiva. Non perdertela, abbonati a 1\u20ac\/mese!<\/a><\/p>\n<p>        non \u00e8 ana mena\u2014 \u00a0<\/p>\n<p class=\"paragraph\" spellcheck=\"true\">Nei giorni scorsi Carlos Alcaraz era stato visto <a href=\"https:\/\/www.gazzetta.it\/spettacolo-tv-gossip\/25-06-2026\/carlos-alcaraz-e-ana-mena-voci-di-flirt-in-arrivo-da-marbella.shtml?intcmp=hyperlink-articolo-gazit\" title=\"Carlos Alcaraz e Ana Mena, voci di flirt in arrivo da Marbella\" rel=\"nofollow noopener\" target=\"_blank\">in compagnia di Ana Mena<\/a>, con cui aveva partecipato a un torneo di padel a Marbella. Qualcuno aveva parlato di un presunto flirt tra i due, ma Jorge Borajo ha nettamente smentito l&#8217;ipotesi, dichiarando che la misteriosa bionda in sua compagnia non era la cantante. L&#8217;identit\u00e0 della donna rester\u00e0 cos\u00ec un mistero, in attesa di nuovi avvistamenti o di una qualche conferma da parte del tennista o del suo staff. Nel frattempo, per\u00f2, i pochi giorni di vacanza sarebbero gi\u00e0 finiti e a breve <b>Carlos Alcaraz riprender\u00e0\u00a0<\/b>gli allenamenti e la riabilitazione con l&#8217;obiettivo di rientrare al Masters 1000 di Cincinnati per poi partecipare agli US Open.<\/p>\n<p class=\"is-above-copyright is-mr-r-10\" spellcheck=\"true\">La Gazzetta dello Sport<\/p>\n<p class=\"is-copyright\">\u00a9 RIPRODUZIONE RISERVATA<\/p>\n","protected":false},"excerpt":{"rendered":"Il tennista, attualmente infortunato, \u00e8 stato visto sulla Costiera Amalfitana 15 luglio 2026 (modifica alle 17:22) &#8211; MILANO&hellip;\n","protected":false},"author":3,"featured_media":586170,"comment_status":"","ping_status":"","sticky":false,"template":"","format":"standard","meta":{"footnotes":"","_share_on_mastodon":"0"},"categories":[1457],"tags":[1265,1495,306268,6286,19208,68806,27962,322948,3363,4627,676,6758,6287,6288,1109,1537,90,89,3664,81781,322947,245,244,1273,2747],"class_list":["post-586169","post","type-post","status-publish","format-standard","has-post-thumbnail","category-tennis","tag-alcaraz","tag-altre","tag-altre-coppie","tag-amalfitana","tag-ana","tag-ana-mena","tag-bionda","tag-borrajo","tag-carlos","tag-carlos-alcaraz","tag-compagnia","tag-coppie","tag-costiera","tag-costiera-amalfitana","tag-direttore","tag-it","tag-italia","tag-italy","tag-jorge","tag-misteriosa","tag-misteriosa-bionda","tag-sport","tag-sports","tag-tennis","tag-yacht"],"share_on_mastodon":{"url":"https:\/\/pubeurope.com\/@it\/116924881993824790","error":""},"_links":{"self":[{"href":"https:\/\/www.europesays.com\/it\/wp-json\/wp\/v2\/posts\/586169","targetHints":{"allow":["GET"]}}],"collection":[{"href":"https:\/\/www.europesays.com\/it\/wp-json\/wp\/v2\/posts"}],"about":[{"href":"https:\/\/www.europesays.com\/it\/wp-json\/wp\/v2\/types\/post"}],"author":[{"embeddable":true,"href":"https:\/\/www.europesays.com\/it\/wp-json\/wp\/v2\/users\/3"}],"replies":[{"embeddable":true,"href":"https:\/\/www.europesays.com\/it\/wp-json\/wp\/v2\/comments?post=586169"}],"version-history":[{"count":0,"href":"https:\/\/www.europesays.com\/it\/wp-json\/wp\/v2\/posts\/586169\/revisions"}],"wp:featuredmedia":[{"embeddable":true,"href":"https:\/\/www.europesays.com\/it\/wp-json\/wp\/v2\/media\/586170"}],"wp:attachment":[{"href":"https:\/\/www.europesays.com\/it\/wp-json\/wp\/v2\/media?parent=586169"}],"wp:term":[{"taxonomy":"category","embeddable":true,"href":"https:\/\/www.europesays.com\/it\/wp-json\/wp\/v2\/categories?post=586169"},{"taxonomy":"post_tag","embeddable":true,"href":"https:\/\/www.europesays.com\/it\/wp-json\/wp\/v2\/tags?post=586169"}],"curies":[{"name":"wp","href":"https:\/\/api.w.org\/{rel}","templated":true}]}}