{"id":586180,"date":"2026-07-15T16:22:16","date_gmt":"2026-07-15T16:22:16","guid":{"rendered":"https:\/\/www.europesays.com\/it\/586180\/"},"modified":"2026-07-15T16:22:16","modified_gmt":"2026-07-15T16:22:16","slug":"la-rai-pronta-a-cancellare-la-trasmissione-di-buttafuoco-da-radio-uno-lipotesi-di-una-ritorsione-per-lo-spazio-dato-alla-russia-alla-biennale-di-venezia","status":"publish","type":"post","link":"https:\/\/www.europesays.com\/it\/586180\/","title":{"rendered":"La Rai \u00abpronta a cancellare la trasmissione di Buttafuoco da Radio Uno\u00bb. L&#8217;ipotesi di una \u00abritorsione\u00bb per lo spazio dato alla Russia alla Biennale di Venezia"},"content":{"rendered":"<p>La trasmissione di Pietrangelo Buttafuoco dura soli dieci minuti, dalle 6:50 alle 7. Secondo le indiscrezioni, l&#8217;interessato sarebbe gi\u00e0 stato informato. \u00abAi piani alti si sarebbe deciso cos\u00ec perch\u00e9 la fascia oraria occupata dal programma \u00e8 destinata ad altro\u00bb<\/p>\n<p class=\"chapter-paragraph\">La Rai ha intenzione di <b>cancellare \u00abLupus in fabula\u00bb<\/b>, la trasmissione su Radio Uno di<a href=\"https:\/\/corrieredelveneto.corriere.it\/notizie\/venezia-mestre\/cultura-e-tempo-libero\/26_maggio_06\/il-discorso-di-pietrangelo-buttafuoco-a-venezia-la-biennale-non-e-un-tribunale-no-all-esclusione-preventiva-non-barattiamo-130-c62f206a-554b-4d81-b562-8cd00976dxlk.shtml\" title=\"Il discorso di Pietrangelo Buttafuoco a Venezia: \u00abLa Biennale non \u00e8 un tribunale. No all&#039;esclusione preventiva, non barattiamo 130 anni di storia per quieto vivere politicante\u00bb\" rel=\"nofollow noopener\" target=\"_blank\"> Pietrangelo Buttafuoco<\/a>, presidente della Fondazione La Biennale di Venezia. \u00c8 questa l\u2019indiscrezione che circola in azienda, a pochi giorni dalla presentazione dei palinsesti radiofonici, e che suona come una ritorsione dopo le polemiche seguite alla<a href=\"https:\/\/corrieredelveneto.corriere.it\/notizie\/venezia-mestre\/cultura-e-tempo-libero\/26_luglio_14\/venezia-il-padiglione-russo-e-la-revoca-dei-fondi-ue-alla-biennale-ecco-i-settori-colpiti-dai-tagli-f9efd2e6-0818-4a1e-a92e-4a695e949xlk.shtml\" title=\"Venezia, il padiglione russo e la revoca dei fondi Ue alla Biennale: ecco i settori colpiti dai tagli\" rel=\"nofollow noopener\" target=\"_blank\"> decisione di Buttafuoco di dare spazio alla Russia nella Biennale,<\/a> che \u00e8 attualmente in corso.<b> Una decisione duramente contestata<\/b>, prima dell\u2019apertura della Biennale, <b>dal governo<\/b> e in particolare dal ministro della Cultura,<b> Alessandro Giuli, che ha annullato la propria presenza all\u2019inaugurazione, <\/b>ma anche dalla giuria che si \u00e8 dimessa in blocco, su cui il presidente della istituzione ha dovuto alla fine fare un passo indietro.<\/p>\n<p>    Revocati dalla Commissione Europea due milioni di euro<\/p>\n<p class=\"chapter-paragraph\">Le stesse voci in ambito Rai rivelano che la comunicazione della mancata conferma del programma sarebbe gi\u00e0 stata data all\u2019interessato, con la spiegazione che \u00abai piani alti si sarebbe deciso cos\u00ec perch\u00e9 la fascia oraria occupata dal programma sarebbe destinata a altro\u00bb.<b> Si tratta in realt\u00e0 di soli dieci minuti, dalle 6:50 alle 7, dal luned\u00ec al venerd\u00ec<\/b>, nei quali l\u2019intellettuale prendeva spunto da alcuni classici della letteratura per parlare di attualit\u00e0.<br \/>La vicenda del padiglione, aperto per pochi giorni e poi chiuso definitivamente, intanto ha registrato di recente<b> la decisione della Commissione Europea di revocare alla Biennale circa due milioni di euro<\/b> di finanziamenti.<br \/>&#13;<br \/>\n&#13;<br \/>\n&#13;<br \/>\n&#13;<br \/>\n&#13;<br \/>\n&#13;<br \/>\n&#13;<br \/>\n&#13;<br \/>\n&#13;<br \/>\n&#13;<br \/>\n&#13;<br \/>\n&#13;<br \/>\n&#13;<br \/>\n&#13;<br \/>\n&#13;<br \/>\n&#13;<br \/>\n&#13;<br \/>\n&#13;<br \/>\n&#13;<br \/>\n&#13;<br \/>\n&#13;<br \/>\n&#13;<br \/>\n&#13;<br \/>\n&#13;<br \/>\n&#13;<br \/>\n&#13;<br \/>\n&#13;<br \/>\n&#13;<br \/>\n&#13;<br \/>\n&#13;<br \/>\n&#13;<br \/>\n&#13;<br \/>\n&#13;<br \/>\n&#13;<br \/>\n&#13;<br \/>\n&#13;<br \/>\n&#13;<br \/>\n&#13;<br \/>\n&#13;<br \/>\n&#13;<br \/>\n&#13;<br \/>\n&#13;<br \/>\n&#13;<br \/>\n&#13;<br \/>\n&#13;<br \/>\n&#13;<br \/>\n&#13;<br \/>\n&#13;<br \/>\n&#13;<br \/>\n&#13;<br \/>\n&#13;<br \/>\n&#13;<br \/>\n&#13;\n<\/p>\n<p class=\"is-last-update\" datetime=\"2026-07-15T14:17:06+02:00\">15 luglio 2026 ( modifica il 15 luglio 2026 | 14:17)<\/p>\n<p class=\"is-copyright\">\n            \u00a9 RIPRODUZIONE RISERVATA\n        <\/p>\n","protected":false},"excerpt":{"rendered":"La trasmissione di Pietrangelo Buttafuoco dura soli dieci minuti, dalle 6:50 alle 7. Secondo le indiscrezioni, l&#8217;interessato sarebbe&hellip;\n","protected":false},"author":3,"featured_media":586181,"comment_status":"","ping_status":"","sticky":false,"template":"","format":"standard","meta":{"footnotes":"","_share_on_mastodon":"0"},"categories":[1444],"tags":[7233,322950,322951,41582,51950,41583,21880,2320,2703,1368,3059,322952,322953,79768,203,204,1537,90,89,897,2848,15839,253],"class_list":["post-586180","post","type-post","status-publish","format-standard","has-post-thumbnail","category-tv","tag-alti","tag-alti-deciso","tag-alti-deciso-fascia","tag-biennale","tag-biennale-venezia","tag-buttafuoco","tag-cancellare","tag-commissione","tag-commissione-europea","tag-decisione","tag-deciso","tag-deciso-fascia","tag-deciso-fascia-oraria","tag-destinata","tag-entertainment","tag-intrattenimento","tag-it","tag-italia","tag-italy","tag-programma","tag-rai","tag-trasmissione","tag-tv"],"share_on_mastodon":{"url":"https:\/\/pubeurope.com\/@it\/116924917167581625","error":""},"_links":{"self":[{"href":"https:\/\/www.europesays.com\/it\/wp-json\/wp\/v2\/posts\/586180","targetHints":{"allow":["GET"]}}],"collection":[{"href":"https:\/\/www.europesays.com\/it\/wp-json\/wp\/v2\/posts"}],"about":[{"href":"https:\/\/www.europesays.com\/it\/wp-json\/wp\/v2\/types\/post"}],"author":[{"embeddable":true,"href":"https:\/\/www.europesays.com\/it\/wp-json\/wp\/v2\/users\/3"}],"replies":[{"embeddable":true,"href":"https:\/\/www.europesays.com\/it\/wp-json\/wp\/v2\/comments?post=586180"}],"version-history":[{"count":0,"href":"https:\/\/www.europesays.com\/it\/wp-json\/wp\/v2\/posts\/586180\/revisions"}],"wp:featuredmedia":[{"embeddable":true,"href":"https:\/\/www.europesays.com\/it\/wp-json\/wp\/v2\/media\/586181"}],"wp:attachment":[{"href":"https:\/\/www.europesays.com\/it\/wp-json\/wp\/v2\/media?parent=586180"}],"wp:term":[{"taxonomy":"category","embeddable":true,"href":"https:\/\/www.europesays.com\/it\/wp-json\/wp\/v2\/categories?post=586180"},{"taxonomy":"post_tag","embeddable":true,"href":"https:\/\/www.europesays.com\/it\/wp-json\/wp\/v2\/tags?post=586180"}],"curies":[{"name":"wp","href":"https:\/\/api.w.org\/{rel}","templated":true}]}}