{"id":586315,"date":"2026-07-15T18:11:14","date_gmt":"2026-07-15T18:11:14","guid":{"rendered":"https:\/\/www.europesays.com\/it\/586315\/"},"modified":"2026-07-15T18:11:14","modified_gmt":"2026-07-15T18:11:14","slug":"alfa-e-francesco-gabbani-fanno-tappa-a-bari-doppio-appuntamento-alla-fiera-del-levante-nellestate-2026","status":"publish","type":"post","link":"https:\/\/www.europesays.com\/it\/586315\/","title":{"rendered":"Alfa e Francesco Gabbani fanno tappa a Bari: doppio appuntamento alla Fiera del Levante nell&#8217;estate 2026"},"content":{"rendered":"<p data-start=\"319\" data-end=\"668\" class=\"PDq2pG_selectionAnchorContainer\">Due grandi nomi della musica italiana saranno protagonisti di un doppio appuntamento consecutivo a Bari nell&#8217;estate 2026. La Fiera del Levante ospiter\u00e0 infatti il 17 luglio il concerto di Alfa e il giorno successivo, 18 luglio, quello di Francesco Gabbani, entrambi inseriti nei rispettivi tour estivi prodotti da A1 Concerti.<\/p>\n<p data-start=\"670\" data-end=\"1159\">Per Alfa, reduce da un 2025 ricco di successi e gi\u00e0 al lavoro su nuova musica, la tourn\u00e9e rappresenta una nuova fase della carriera. Tra le novit\u00e0 annunciate c&#8217;\u00e8 anche il primo concerto all&#8217;Arena di Verona, in programma il 23 settembre 2026, un traguardo simbolico per il cantautore genovese dopo la vittoria agli RTL 102.5 Power Hits Estate. Prima dell&#8217;appuntamento veronese, il tour toccher\u00e0 numerose citt\u00e0 italiane, tra cui Bari con la data del 17 luglio alla Fiera del Levante.<\/p>\n<p data-start=\"1161\" data-end=\"1699\">Il giorno seguente, 18 luglio, lo stesso palco accoglier\u00e0 Francesco Gabbani, impegnato nel nuovo tour estivo che prender\u00e0 il via il 12 giugno da Bergamo. La tourn\u00e9e celebra i dieci anni dall&#8217;uscita di Eternamente ora, l&#8217;album che nel 2016 conteneva Amen, brano con cui il cantautore toscano conquist\u00f2 la vittoria tra le Nuove Proposte del Festival di Sanremo. In scaletta i grandi successi della sua carriera, le hit sanremesi e i brani pi\u00f9 recenti, tra cui il nuovo singolo &#8220;Summer Funk&#8221;, pubblicato lo scorso maggio.<\/p>\n<p data-start=\"1701\" data-end=\"1820\" data-is-last-node=\"\" data-is-only-node=\"\">I biglietti per entrambe le tourn\u00e9e sono disponibili sui circuiti di prevendita ufficiali indicati dagli organizzatori.<\/p>\n","protected":false},"excerpt":{"rendered":"Due grandi nomi della musica italiana saranno protagonisti di un doppio appuntamento consecutivo a Bari nell&#8217;estate 2026. La&hellip;\n","protected":false},"author":3,"featured_media":586316,"comment_status":"","ping_status":"","sticky":false,"template":"","format":"standard","meta":{"footnotes":"","_share_on_mastodon":"0"},"categories":[1443],"tags":[11234,203,75738,24359,204,1537,90,89,1538,1539],"class_list":["post-586315","post","type-post","status-publish","format-standard","has-post-thumbnail","category-musica","tag-alfa","tag-entertainment","tag-fiera-del-levante","tag-francesco-gabbani","tag-intrattenimento","tag-it","tag-italia","tag-italy","tag-music","tag-musica"],"share_on_mastodon":{"url":"https:\/\/pubeurope.com\/@it\/116925345922016717","error":""},"_links":{"self":[{"href":"https:\/\/www.europesays.com\/it\/wp-json\/wp\/v2\/posts\/586315","targetHints":{"allow":["GET"]}}],"collection":[{"href":"https:\/\/www.europesays.com\/it\/wp-json\/wp\/v2\/posts"}],"about":[{"href":"https:\/\/www.europesays.com\/it\/wp-json\/wp\/v2\/types\/post"}],"author":[{"embeddable":true,"href":"https:\/\/www.europesays.com\/it\/wp-json\/wp\/v2\/users\/3"}],"replies":[{"embeddable":true,"href":"https:\/\/www.europesays.com\/it\/wp-json\/wp\/v2\/comments?post=586315"}],"version-history":[{"count":0,"href":"https:\/\/www.europesays.com\/it\/wp-json\/wp\/v2\/posts\/586315\/revisions"}],"wp:featuredmedia":[{"embeddable":true,"href":"https:\/\/www.europesays.com\/it\/wp-json\/wp\/v2\/media\/586316"}],"wp:attachment":[{"href":"https:\/\/www.europesays.com\/it\/wp-json\/wp\/v2\/media?parent=586315"}],"wp:term":[{"taxonomy":"category","embeddable":true,"href":"https:\/\/www.europesays.com\/it\/wp-json\/wp\/v2\/categories?post=586315"},{"taxonomy":"post_tag","embeddable":true,"href":"https:\/\/www.europesays.com\/it\/wp-json\/wp\/v2\/tags?post=586315"}],"curies":[{"name":"wp","href":"https:\/\/api.w.org\/{rel}","templated":true}]}}