{"id":586378,"date":"2026-07-15T19:00:17","date_gmt":"2026-07-15T19:00:17","guid":{"rendered":"https:\/\/www.europesays.com\/it\/586378\/"},"modified":"2026-07-15T19:00:17","modified_gmt":"2026-07-15T19:00:17","slug":"mascardi-il-prototipo-del-portiere-moderno-le-tappe-della-sua-crescita","status":"publish","type":"post","link":"https:\/\/www.europesays.com\/it\/586378\/","title":{"rendered":"Mascardi, il prototipo del portiere moderno: le tappe della sua crescita"},"content":{"rendered":"<p>\nLa societ\u00e0 granata sta per formalizzare la chiusura per Diego Mascardi. Petrachi ha chiuso l&#8217;affare intavolato con la dirigenza dello Spezia che detiene il cartellino dell&#8217;estremo difensore classe 2006, un colpo in prospettiva per la porta del Torino. Mascardi \u00e8 arrivato all&#8217;ombra della Mole <a href=\"https:\/\/www.toronews.net\/calcio-mercato\/calciomercato-visite-mediche-in-corso-per-mascardi-le-ultime\/\" rel=\"nofollow noopener\" target=\"_blank\"><strong>nel primo pomeriggio per le visite mediche<\/strong><\/a>, iter propedeutico alla firma del contratto che lo render\u00e0 presto un nuovo giocatore del Toro, per una cifra che raggiunge quasi i due milioni di euro.\n<\/p>\n<p>            Dalla gavetta nello Spezia alla chiamata in Nazionale Under 21<\/p>\n<p class=\"isSelectedEnd\">Nato a Carrara, Diego Mascardi muove i primi passi nel mondo del calcio con la maglia del Don Bosco Fossone, societ\u00e0 dilettantistica della sua citt\u00e0 natale. <strong>A soli 14 anni viene notato dallo Spezia<\/strong>, che decide di puntare su di lui inserendolo nel proprio settore giovanile. Da quel momento il portiere classe 2006 compie una crescita costante, percorrendo tutte le tappe del vivaio ligure fino ad affermarsi nella formazione Primavera e ad avvicinarsi progressivamente alla prima squadra. Le sue prestazioni non passano inosservate, Mascardi entra infatti nel giro delle Nazionali giovanili azzurre, vestendo le maglie dell&#8217;Under 17, dell&#8217;Under 18 e dell&#8217;Under 19. Il definitivo salto di qualit\u00e0 arriva per\u00f2 nell&#8217;ultima stagione, quando trova spazio con continuit\u00e0 tra i professionisti. Le apparizioni in Serie B con lo Spezia gli valgono la <strong>prima convocazione con l&#8217;Italia Under 21<\/strong>, Nazionale con cui esordisce il 5 settembre 2025 nella sfida contro il Montenegro. <strong>Nell&#8217;annata appena conclusa ha totalizzato 18 presenze complessive tra campionato e Coppa Italia, subendo 28 gol.<\/strong><\/p>\n<p>        <img src=\"https:\/\/www.europesays.com\/it\/wp-content\/uploads\/2026\/07\/Diego-Mascardi-0be33ce1773e-480x291.png\"   width=\"793\" height=\"481\" alt=\"Diego Mascardi\" title=\"Diego Mascardi\" loading=\"eager\" fetchpriority=\"high\" decoding=\"sync\" class=\"w-full h-auto aspect-3\/2 object-cover object-top rounded-lg\"\/><\/p>\n<p>            <strong>Fisicit\u00e0 e qualit\u00e0 anche con i piedi <\/strong><\/p>\n<p class=\"isSelectedEnd\">Portiere moderno e dalle caratteristiche particolarmente interessanti, Mascardi abbina una struttura fisica imponente a doti atletiche di assoluto livello. Con la sua altezza che raggiunge quasi i 2 metri rappresenta una presenza importante tra i pali, ma ci\u00f2 che sorprende maggiormente \u00e8 la capacit\u00e0 di abbinare stazza e rapidit\u00e0 di movimento. <strong>Reattivit\u00e0, esplosivit\u00e0 e copertura dello specchio della porta<\/strong> sono infatti alcune delle qualit\u00e0 che gli hanno permesso di emergere nel corso della sua crescita. Negli anni trascorsi nel settore giovanile dello Spezia <strong>ha inoltre lavorato molto sul gioco con i piedi, aspetto diventato fondamentale nel calcio contemporaneo.<\/strong> La sicurezza nelle uscite e la capacit\u00e0 di partecipare alla costruzione dell&#8217;azione lo rendono un profilo in linea con le esigenze del ruolo moderno. A queste qualit\u00e0 tecniche si aggiunge una componente caratteriale tutt&#8217;altro che secondaria:<strong> la determinazione.<\/strong> Da adolescente \u00e8 stato costretto a fermarsi per quasi un anno a causa di un delicato problema di crescita alle ginocchia, ma grazie a un lungo percorso di recupero \u00e8 riuscito a superare le difficolt\u00e0 e a tornare pi\u00f9 forte di prima.<\/p>\n","protected":false},"excerpt":{"rendered":"La societ\u00e0 granata sta per formalizzare la chiusura per Diego Mascardi. Petrachi ha chiuso l&#8217;affare intavolato con la&hellip;\n","protected":false},"author":3,"featured_media":586379,"comment_status":"","ping_status":"","sticky":false,"template":"","format":"standard","meta":{"footnotes":"","_share_on_mastodon":"0"},"categories":[1452],"tags":[38650,323015,721,1039,3155,1307,8250,318001,8784,142317,323016,1740,323017,14446,1537,90,89,302208,8611,491,98,2855,323018,4963,50599,861,1858,1739,1359,31425,245,244,4315],"class_list":["post-586378","post","type-post","status-publish","format-standard","has-post-thumbnail","category-calcio","tag-bosco","tag-bosco-fossone","tag-calcio","tag-capacita","tag-classe","tag-crescita","tag-diego","tag-diego-mascardi","tag-don","tag-don-bosco","tag-don-bosco-fossone","tag-football","tag-fossone","tag-giovanile","tag-it","tag-italia","tag-italy","tag-mascardi","tag-moderno","tag-percorso","tag-porta","tag-portiere","tag-portiere-moderno","tag-qualita","tag-raggiunge","tag-settore","tag-settore-giovanile","tag-soccer","tag-societa","tag-spezia","tag-sport","tag-sports","tag-under"],"share_on_mastodon":{"url":"https:\/\/pubeurope.com\/@it\/116925539047148558","error":""},"_links":{"self":[{"href":"https:\/\/www.europesays.com\/it\/wp-json\/wp\/v2\/posts\/586378","targetHints":{"allow":["GET"]}}],"collection":[{"href":"https:\/\/www.europesays.com\/it\/wp-json\/wp\/v2\/posts"}],"about":[{"href":"https:\/\/www.europesays.com\/it\/wp-json\/wp\/v2\/types\/post"}],"author":[{"embeddable":true,"href":"https:\/\/www.europesays.com\/it\/wp-json\/wp\/v2\/users\/3"}],"replies":[{"embeddable":true,"href":"https:\/\/www.europesays.com\/it\/wp-json\/wp\/v2\/comments?post=586378"}],"version-history":[{"count":0,"href":"https:\/\/www.europesays.com\/it\/wp-json\/wp\/v2\/posts\/586378\/revisions"}],"wp:featuredmedia":[{"embeddable":true,"href":"https:\/\/www.europesays.com\/it\/wp-json\/wp\/v2\/media\/586379"}],"wp:attachment":[{"href":"https:\/\/www.europesays.com\/it\/wp-json\/wp\/v2\/media?parent=586378"}],"wp:term":[{"taxonomy":"category","embeddable":true,"href":"https:\/\/www.europesays.com\/it\/wp-json\/wp\/v2\/categories?post=586378"},{"taxonomy":"post_tag","embeddable":true,"href":"https:\/\/www.europesays.com\/it\/wp-json\/wp\/v2\/tags?post=586378"}],"curies":[{"name":"wp","href":"https:\/\/api.w.org\/{rel}","templated":true}]}}