{"id":586475,"date":"2026-07-15T20:14:18","date_gmt":"2026-07-15T20:14:18","guid":{"rendered":"https:\/\/www.europesays.com\/it\/586475\/"},"modified":"2026-07-15T20:14:18","modified_gmt":"2026-07-15T20:14:18","slug":"il-futuro-e-gia-qui-mondovi-volley-scommette-su-una-schiacciatrice-di-17-anni","status":"publish","type":"post","link":"https:\/\/www.europesays.com\/it\/586475\/","title":{"rendered":"Il futuro \u00e8 gi\u00e0 qui: Mondov\u00ec Volley scommette su una schiacciatrice di 17 anni"},"content":{"rendered":"<p data-start=\"303\" data-end=\"725\"><strong data-start=\"303\" data-end=\"321\">Mondov\u00ec Volley<\/strong> continua a investire sui giovani e annuncia l\u2019arrivo di <strong data-start=\"378\" data-end=\"399\">Simona Sciarrotta<\/strong>, <strong data-start=\"401\" data-end=\"431\">schiacciatrice classe 2009<\/strong>, quarta atleta nata in quell\u2019anno inserita nel progetto tecnico rossobl\u00f9. Anche per lei \u00e8 previsto un <strong data-start=\"534\" data-end=\"552\">doppio impegno<\/strong>: la partecipazione al campionato di <strong data-start=\"589\" data-end=\"601\">Serie A3<\/strong> e il percorso nelle competizioni giovanili Mon.Vi., in linea con la scelta societaria di <strong data-start=\"691\" data-end=\"724\">valorizzare i giovani talenti<\/strong>.<\/p>\n<p data-start=\"303\" data-end=\"725\">\u00a0<\/p>\n<p data-start=\"727\" data-end=\"1284\">\u00a0<\/p>\n<p data-start=\"727\" data-end=\"1284\">Simona ha giocato fin da piccola nell\u2019<strong data-start=\"765\" data-end=\"778\">In Volley<\/strong>, dove ha compiuto tutto il percorso dall\u2019<strong data-start=\"820\" data-end=\"832\">Under 12<\/strong> all\u2019<strong data-start=\"837\" data-end=\"849\">Under 16<\/strong>, fino alla <strong data-start=\"861\" data-end=\"872\">Serie C<\/strong>. Un\u2019esperienza che le ha permesso di crescere tecnicamente e caratterialmente, sviluppando la grinta e la determinazione necessarie per competere a livello regionale. Nella scorsa stagione, al suo primo anno di <strong data-start=\"1084\" data-end=\"1096\">Under 18<\/strong>, si \u00e8 trasferita a <strong data-start=\"1116\" data-end=\"1128\">Volpiano<\/strong>, dove ha anche esordito in <strong data-start=\"1156\" data-end=\"1168\">Serie B1<\/strong>, vivendo un\u2019esperienza formativa che ha contribuito a consolidare le sue capacit\u00e0 e la sua consapevolezza in campo.<\/p>\n<p data-start=\"727\" data-end=\"1284\">\u00a0<\/p>\n<p data-start=\"727\" data-end=\"1284\"><img loading=\"lazy\" decoding=\"async\" src=\"https:\/\/www.europesays.com\/it\/wp-content\/uploads\/2026\/07\/bb0819493feee216e3ac8c92221b188e-1784098310995.jpg\" alt=\"\" width=\"1200\" height=\"798\"\/><\/p>\n<p data-start=\"1286\" data-end=\"1898\">\u00a0<\/p>\n<p data-start=\"1286\" data-end=\"1898\">Il direttore sportivo <strong data-start=\"1308\" data-end=\"1322\">Max Rubado<\/strong> commenta cos\u00ec il suo arrivo: \u00ab<strong data-start=\"1353\" data-end=\"1395\">Simona porta con s\u00e9 una grande energia<\/strong>, una qualit\u00e0 che si vede subito e che fa la differenza sia in palestra sia in partita. \u00c8 una giovane schiacciatrice che ha gi\u00e0 dimostrato personalit\u00e0 e voglia di crescere, e siamo convinti che nel doppio percorso tra giovanili e prima squadra potr\u00e0 fare la sua parte. La scelta di investire sulle giovani non \u00e8 casuale: crediamo che la loro freschezza, la loro ambizione e la loro energia siano fondamentali per costruire un progetto solido e duraturo. <strong data-start=\"1849\" data-end=\"1896\">Simona incarna perfettamente questa visione<\/strong>\u00bb.<\/p>\n<p data-start=\"1286\" data-end=\"1898\">\u00a0<\/p>\n<p data-start=\"1286\" data-end=\"1898\"><img loading=\"lazy\" decoding=\"async\" src=\"https:\/\/www.europesays.com\/it\/wp-content\/uploads\/2026\/07\/02eeeaec3bad5df1fc619b6b7096ea63-1784098326247.jpg\" alt=\"\" width=\"1200\" height=\"894\"\/><\/p>\n<p data-start=\"1900\" data-end=\"2214\">\u00a0<\/p>\n<p data-start=\"1900\" data-end=\"2214\">Parole di entusiasmo anche da parte della giocatrice: \u00ab<strong data-start=\"1955\" data-end=\"2034\">Sono molto contenta di iniziare questo nuovo percorso con il Mondov\u00ec Volley<\/strong>, una societ\u00e0 di alto livello. Un ambiente cos\u00ec stimolante, con atlete molto forti e allenamenti di qualit\u00e0, mi consentir\u00e0 di migliorare la mia tecnica e le mie capacit\u00e0 di gioco\u00bb.<\/p>\n<p data-start=\"2216\" data-end=\"2509\" data-is-last-node=\"\" data-is-only-node=\"\">Con l\u2019arrivo di <strong data-start=\"2232\" data-end=\"2253\">Simona Sciarrotta<\/strong>, <strong data-start=\"2255\" data-end=\"2273\">Mondov\u00ec Volley<\/strong> conferma la volont\u00e0 di costruire un progetto che guarda al presente senza perdere di vista il futuro, continuando a dare spazio alle giovani promesse e accompagnandole nel loro percorso di crescita all\u2019interno della nuova <strong data-start=\"2496\" data-end=\"2508\">Serie A3<\/strong>.<\/p>\n","protected":false},"excerpt":{"rendered":"Mondov\u00ec Volley continua a investire sui giovani e annuncia l\u2019arrivo di Simona Sciarrotta, schiacciatrice classe 2009, quarta atleta&hellip;\n","protected":false},"author":3,"featured_media":586476,"comment_status":"","ping_status":"","sticky":false,"template":"","format":"standard","meta":{"footnotes":"","_share_on_mastodon":"0"},"categories":[1474],"tags":[323051,14017,122246,81311,1537,90,89,290888,323050,323052,3010,8599,2347,2059,41131,200645,98521,1858,323049,245,244,1869,66155,323053,60298],"class_list":["post-586475","post","type-post","status-publish","format-standard","has-post-thumbnail","category-volley","tag-classe-2009","tag-cuneo","tag-giovane-talento","tag-in-volley","tag-it","tag-italia","tag-italy","tag-max-rubado","tag-mercato-volley","tag-mon-vi","tag-mondovi","tag-mondovi-volley","tag-pallavolo","tag-piemonte","tag-schiacciatrice","tag-serie-a3","tag-serie-b1","tag-settore-giovanile","tag-simona-sciarrotta","tag-sport","tag-sports","tag-volley","tag-volley-femminile","tag-volley-piemontese","tag-volpiano"],"share_on_mastodon":{"url":"https:\/\/pubeurope.com\/@it\/116925829955356934","error":""},"_links":{"self":[{"href":"https:\/\/www.europesays.com\/it\/wp-json\/wp\/v2\/posts\/586475","targetHints":{"allow":["GET"]}}],"collection":[{"href":"https:\/\/www.europesays.com\/it\/wp-json\/wp\/v2\/posts"}],"about":[{"href":"https:\/\/www.europesays.com\/it\/wp-json\/wp\/v2\/types\/post"}],"author":[{"embeddable":true,"href":"https:\/\/www.europesays.com\/it\/wp-json\/wp\/v2\/users\/3"}],"replies":[{"embeddable":true,"href":"https:\/\/www.europesays.com\/it\/wp-json\/wp\/v2\/comments?post=586475"}],"version-history":[{"count":0,"href":"https:\/\/www.europesays.com\/it\/wp-json\/wp\/v2\/posts\/586475\/revisions"}],"wp:featuredmedia":[{"embeddable":true,"href":"https:\/\/www.europesays.com\/it\/wp-json\/wp\/v2\/media\/586476"}],"wp:attachment":[{"href":"https:\/\/www.europesays.com\/it\/wp-json\/wp\/v2\/media?parent=586475"}],"wp:term":[{"taxonomy":"category","embeddable":true,"href":"https:\/\/www.europesays.com\/it\/wp-json\/wp\/v2\/categories?post=586475"},{"taxonomy":"post_tag","embeddable":true,"href":"https:\/\/www.europesays.com\/it\/wp-json\/wp\/v2\/tags?post=586475"}],"curies":[{"name":"wp","href":"https:\/\/api.w.org\/{rel}","templated":true}]}}