{"id":586493,"date":"2026-07-15T20:28:16","date_gmt":"2026-07-15T20:28:16","guid":{"rendered":"https:\/\/www.europesays.com\/it\/586493\/"},"modified":"2026-07-15T20:28:16","modified_gmt":"2026-07-15T20:28:16","slug":"mondiali-cosi-la-spagna-ha-battuto-la-francia","status":"publish","type":"post","link":"https:\/\/www.europesays.com\/it\/586493\/","title":{"rendered":"Mondiali, cos\u00ec la Spagna ha battuto la Francia"},"content":{"rendered":"<p>                                De la Fuente \u00e8 stato aiutato dalla superiorit\u00e0 numerica a centrocampo e da alcune mosse sbagliate di Deschamps<\/p>\n<p class=\"paragraph\" spellcheck=\"true\">Ha vinto la Spagna ma ha anche perso la Francia. \u00c8 stato il capolavoro di De la Fuente ma anche la giornata no di Deschamps. Si \u00e8 capito dal primo minuto che la sfida era sbilanciata, una squadra con palla e idee, l\u2019altra in balia delle situazioni e senza un vero piano organizzativo, e non c\u2019\u00e8 stato modo di ribaltare la situazione. I bleus avrebbero dovuto stravolgere subito la formazione o giocarsi almeno due cambi dopo mezz\u2019ora. Difficile in una semifinale.<\/p>\n<p>        identit\u00e0 forti\u2014 \u00a0<\/p>\n<p class=\"paragraph\" spellcheck=\"true\">Francia-Spagna era una partita complicatissima anche dal punto di vista tattico. La Francia \u00e8 dominante, controlla il territorio, schiaccia le rivali ma sa rinchiudersi per scatenare i contropiedi. La Spagna controlla la palla con una ragnatela di passaggi di precisione estrema, detta i tempi delle partite, rallenta e accelera, ha questa capacit\u00e0 di disporsi in massa a centrocampo per togliere qualsiasi spazio e muoversi avanti collettivamente, tenendo sempre lontani dalla sua porta gli avversari. Dal punto di vista strategico ha vinto chiaramente la Spagna, costringendo la Francia a snaturarsi. Ma cosa ha aiutato De la Fuente? La superiorit\u00e0 totale a centrocampo.<\/p>\n<p>        centrocampo in inferiorit\u00e0\u2014 \u00a0<\/p>\n<p class=\"paragraph\" spellcheck=\"true\">Qui i due errori di Deschamps. Il primo \u00e8 stato scegliere Tchouameni al posto di Kon\u00e9. Il madridista non era in condizione, aveva giocato poco, sicuramente il ct francese voleva proteggersi di pi\u00f9, mentre il romanista interpreta il ruolo pi\u00f9 da regista di movimento che da pivot centrale. Ma questa \u00e8 solo la prima parte del problema. Con Rabiot a inseguire tutti, s\u2019\u00e8 capito che Deschamps avrebbe dovuto fare la rivoluzione: togliere Barcola, disegnare un tridente con Olise, Mbapp\u00e9 e Demb\u00e9l\u00e9, e creare cos\u00ec un centrocampo con Tchouameni tra Kon\u00e9 e Rabiot. Dal 4-2-3-1 al 4-3-3. Almeno cos\u00ec ci sarebbe stato un tentativo di tornare in parit\u00e0.<\/p>\n<p>        nessun attaccante\u2014 \u00a0<\/p>\n<p class=\"paragraph\" spellcheck=\"true\">Ma non \u00e8 finita. Anche la scelta di Barcola al posto di Dou\u00e9 ha impoverito la mediana francese. Dou\u00e9 fa pi\u00f9 manovra, Barcola \u00e8 un\u2019ala vera, e forse Deschamps ha dimenticato che la Spagna gioca\u2026 senza attacco. Non nel senso che non abbia attaccanti, ma li tiene tuti arretrati per farli partire a sorpresa. Il 4-2-3-1 della Spagna \u00e8 in realt\u00e0, in qualsiasi foto tattica, una specie 4-6-0, o 4-5-1 spostato su una fascia, perch\u00e9 il pi\u00f9 alto \u00e8 sempre uno tra Yamal e Baena (ieri Baena). Invece Oyarzabal, l\u2019attaccante che c\u2019\u00e8 ma non si vede, e Dani Olmo occupano una linea media pi\u00f9 arretrata: da l\u00ec arrivano con dialogo, palleggio e triangoli verticali. Erano sempre quattro contro due e il pressing individuale spagnolo ha avuto la meglio in ogni occasione. Nessun francese \u00e8 mai riuscito a impostare una manovra \u201cpulita\u201d.<\/p>\n<p><a class=\"is-partner-link\" href=\"https:\/\/abbonamenti.gazzetta.it\/de-promo-mondiali\/?pwcmp=cta&amp;forceBrowser=true\" rel=\"nofollow noopener\" target=\"_blank\">Gazzetta Mondiale: ogni notte un\u2019edizione straordinaria esclusiva. Non perdertela, abbonati a 1\u20ac\/mese!<\/a><\/p>\n<p>        collettivo di singoli\u2014 \u00a0<\/p>\n<p class=\"paragraph\" spellcheck=\"true\">In questo controllo c\u2019\u00e8 il progetto di De la Fuente che un grande pragmatico come Del Bosque. Ha giocatori ottimi, non ha fenomeni alla Mbapp\u00e9, per\u00f2 creando questo collettivo moltiplica il rendimento di tutti i singoli. Porro era un\u2019ala che ha fatto gol, Olmo un 10 modernissimo, Cucurella faceva pi\u00f9 discese che diagonali, e la coppia Rodri-Fabian ha ricordato Busquets-Xavi. Fantastici. I due migliori, forse. E Yamal? Non ha mai giocato come all\u2019Euro 2024, ma si rende utile tatticamente, coprendo la fascia come non fa nessuno dei Fantastici Quattro francesi, e con la mossa giusta al momento giusto pu\u00f2 dare il \u201cpi\u00f9\u201d, come \u00e8 stato con il rigore. La Spagna ha dominato in tutto. Vediamo se e come Argentina o Inghilterra troveranno contromisure a questo progetto tattico sicuramente pi\u00f9 evoluto.<\/p>\n<p class=\"is-copyright\">\u00a9 RIPRODUZIONE RISERVATA<\/p>\n","protected":false},"excerpt":{"rendered":"De la Fuente \u00e8 stato aiutato dalla superiorit\u00e0 numerica a centrocampo e da alcune mosse sbagliate di Deschamps&hellip;\n","protected":false},"author":3,"featured_media":586494,"comment_status":"","ping_status":"","sticky":false,"template":"","format":"standard","meta":{"footnotes":"","_share_on_mastodon":"0"},"categories":[176],"tags":[4007,5594,839,562,44304,135259,3079,7204,18266,32153,277,255792,46664,9605,1907,4667,3074,3368,4300,255793,2267,7808,1537,90,89,33639,6771,56030,1428,97808,236639,3171,2851,494,11631,14522,46511,10333,7908,6059,245,244,54475],"class_list":["post-586493","post","type-post","status-publish","format-standard","has-post-thumbnail","category-sport","tag-aiutato","tag-ala","tag-almeno","tag-attaccante","tag-baena","tag-barcola","tag-capito","tag-centrocampo","tag-collettivo","tag-controlla","tag-de","tag-de-fuente","tag-deschamps","tag-doue","tag-dovuto","tag-fantastici","tag-fascia","tag-francese","tag-francia","tag-fuente","tag-giocato","tag-identita","tag-it","tag-italia","tag-italy","tag-kone","tag-manovra","tag-mbappe","tag-mossa","tag-olmo","tag-oyarzabal","tag-palla","tag-progetto","tag-punto","tag-punto-vista","tag-qualsiasi","tag-rabiot","tag-sicuramente","tag-singoli","tag-spagna","tag-sport","tag-sports","tag-superiorita"],"share_on_mastodon":{"url":"","error":""},"_links":{"self":[{"href":"https:\/\/www.europesays.com\/it\/wp-json\/wp\/v2\/posts\/586493","targetHints":{"allow":["GET"]}}],"collection":[{"href":"https:\/\/www.europesays.com\/it\/wp-json\/wp\/v2\/posts"}],"about":[{"href":"https:\/\/www.europesays.com\/it\/wp-json\/wp\/v2\/types\/post"}],"author":[{"embeddable":true,"href":"https:\/\/www.europesays.com\/it\/wp-json\/wp\/v2\/users\/3"}],"replies":[{"embeddable":true,"href":"https:\/\/www.europesays.com\/it\/wp-json\/wp\/v2\/comments?post=586493"}],"version-history":[{"count":0,"href":"https:\/\/www.europesays.com\/it\/wp-json\/wp\/v2\/posts\/586493\/revisions"}],"wp:featuredmedia":[{"embeddable":true,"href":"https:\/\/www.europesays.com\/it\/wp-json\/wp\/v2\/media\/586494"}],"wp:attachment":[{"href":"https:\/\/www.europesays.com\/it\/wp-json\/wp\/v2\/media?parent=586493"}],"wp:term":[{"taxonomy":"category","embeddable":true,"href":"https:\/\/www.europesays.com\/it\/wp-json\/wp\/v2\/categories?post=586493"},{"taxonomy":"post_tag","embeddable":true,"href":"https:\/\/www.europesays.com\/it\/wp-json\/wp\/v2\/tags?post=586493"}],"curies":[{"name":"wp","href":"https:\/\/api.w.org\/{rel}","templated":true}]}}