{"id":586534,"date":"2026-07-15T20:57:14","date_gmt":"2026-07-15T20:57:14","guid":{"rendered":"https:\/\/www.europesays.com\/it\/586534\/"},"modified":"2026-07-15T20:57:14","modified_gmt":"2026-07-15T20:57:14","slug":"laura-chiatti-come-quella-bambina-nata-44-anni-fa-il-look-multicolor-e-la-dedica-di-marco-bocci","status":"publish","type":"post","link":"https:\/\/www.europesays.com\/it\/586534\/","title":{"rendered":"Laura Chiatti &#8220;come quella bambina nata 44 anni fa&#8221;, il look multicolor e la dedica di Marco Bocci"},"content":{"rendered":"<p><strong>Laura Chiatti<\/strong> <strong>ha compiuto 44 anni<\/strong> in questo caldo 15 luglio e, per l\u2019occasione, ha deciso di condividere sul suo profilo Instagram un post che \u00e8 un augurio per se stessa. L\u2019attrice guarda al futuro con sguardo curioso e aperto, lo stesso della bambina che \u00e8 stata e che, in fondo, almeno in parte non ha mai smesso di essere. La foto scelta \u00e8 un tripudio di bellezza e colori e il marito Marco Bocci non \u00e8 rimasto a guardare: per la moglie solo parole di vero amore.<\/p>\n<p>Le parole di Laura Chiatti su Instagram<\/p>\n<p>\u201c<strong>Mi auguro un futuro<\/strong> che abbia ancora il coraggio di sorprendermi\u2026 che non smetta di ricordarmi che la vita \u00e8 molto pi\u00f9 grande dei miei timori, dei miei programmi, delle mie certezze \u2013 scrive <a href=\"https:\/\/dilei.it\/star-e-vip\/laura-chiatti\/\" rel=\"nofollow noopener\" target=\"_blank\">Laura Chiatti<\/a> su Instagram -. Che possa farmi guardare il mondo, <strong>come quella bambina nata quarantaquattro fa<\/strong>\u2026 che mi renda pi\u00f9 consapevole, ma non meno capace di sognare\u2026 perch\u00e9 tanto di bello \u00e8 gi\u00e0 stato vissuto, ma tanto deve ancora arrivare! Buon compleanno piccola Laura\u201d.<\/p>\n<blockquote class=\"instagram-media\" data-instgrm-captioned=\"\" data-instgrm-permalink=\"https:\/\/www.instagram.com\/p\/DayymZhsRwB\/?utm_source=ig_embed&amp;utm_campaign=loading\" data-instgrm-version=\"14\" style=\" background:#FFF; border:0; border-radius:3px; box-shadow:0 0 1px 0 rgba(0,0,0,0.5),0 1px 10px 0 rgba(0,0,0,0.15); margin: 1px; max-width:100%; min-width:326px; padding:0; width:99.375%; width:-webkit-calc(100% - 2px); width:calc(100% - 2px);\"\/>\n<p>Ad accompagnare il post dell\u2019attrice \u00e8 una <strong>splendida foto che la ritrae in riva al mare<\/strong>, in cui indossa un maxi dress fluttuante caratterizzato da una stampa astratta effetto-acquerello. Il modello \u00e8 asimmetrico, con scollo arricciato che lascia una spalla scoperta. Un dettaglio che mette in risalto le maniche lunghe e voluminose ma dona anche un tocco di<strong> sensualit\u00e0 raffinata e un po\u2019 boh\u00e9mien<\/strong>.<\/p>\n<p>Una fascia arricciata con coulisse regolabile mette in risalto il punto vita, mentre la lunga gonna scivola morbida fino alle caviglie. Semplicemente stupenda.<\/p>\n<p>La dedica del marito Marco Bocci<\/p>\n<p>Tra i tanti messaggi di auguri ricevuti da amici e colleghi, come <a href=\"https:\/\/dilei.it\/star-e-vip\/micaela-ramazzotti\/\" rel=\"nofollow noopener\" target=\"_blank\">Micaela Ramazzotti<\/a>, <a href=\"https:\/\/dilei.it\/star-e-vip\/stefano-accorsi\/\" rel=\"nofollow noopener\" target=\"_blank\">Stefano Accorsi<\/a> ed <a href=\"https:\/\/dilei.it\/star-e-vip\/eleonora-pedron\/\" rel=\"nofollow noopener\" target=\"_blank\">Eleonora Pedron<\/a>, non poteva mancare la dedica dell\u2019uomo che ha sposato nel 2014, l\u2019attore <a href=\"https:\/\/dilei.it\/star-e-vip\/marco-bocci\/\" rel=\"nofollow noopener\" target=\"_blank\">Marco Bocci<\/a>. \u201cLa tua Aura e la mia Laura\u2026 <strong>buon compleanno amore mio<\/strong>\u201c, ha scritto a corredo di un selfie che la ritrae con un look casual.<\/p>\n<blockquote class=\"instagram-media\" data-instgrm-captioned=\"\" data-instgrm-permalink=\"https:\/\/www.instagram.com\/p\/Daz0evhs2rA\/?utm_source=ig_embed&amp;utm_campaign=loading\" data-instgrm-version=\"14\" style=\" background:#FFF; border:0; border-radius:3px; box-shadow:0 0 1px 0 rgba(0,0,0,0.5),0 1px 10px 0 rgba(0,0,0,0.15); margin: 1px; max-width:100%; min-width:326px; padding:0; width:99.375%; width:-webkit-calc(100% - 2px); width:calc(100% - 2px);\"\/>\n<p>Quello tra Laura Chiatti e Marco Bocci \u00e8 un <strong>amore travolgente<\/strong>, nato in modo decisamente particolare. I due si erano gi\u00e0 incontrati 14 anni prima, ma tutto \u00e8 iniziato con una telefonata: \u201cUn giorno mi telefon\u00f2 ma fece finta di sbagliare numero \u2013 aveva raccontato l\u2019attrice a Domenica In -.<strong> Lui dice che fu uno sbaglio ma non ci credo<\/strong>, e da l\u00ec abbiamo iniziato a scriverci dei messaggi. Ci siamo visti dopo quattro mesi, \u00e8 stato un lungo corteggiamento telefonico\u201d.<\/p>\n<p>Dopo il primo incontro nel 2013 <strong>non si sono pi\u00f9 lasciati,<\/strong> bruciando ogni tappa con la consapevolezza di avere trovato la persona giusta. Sono bastati solo due mesi di frequentazione per la proposta di matrimonio e, nel luglio del 2014, hanno celebrato delle <strong>nozze da favola<\/strong> nell\u2019abbazia di San Pietro, a Perugia.<\/p>\n<p>Un legame profondo e autentico, diventato ancora pi\u00f9 solido con l\u2019arrivo dei loro <strong>due splendidi figli, Enea e Pablo<\/strong>. Dietro i riflettori e il glamour dei red carpet c\u2019\u00e8 una coppia reale, capace di fare squadra soprattutto nei momenti pi\u00f9 difficili, come la malattia che ha colpito Marco Bocci nel 2018. Tra dediche social mai banali e una complicit\u00e0 evidente, i due attori continuano a essere una delle coppie pi\u00f9 amate e longeve dello spettacolo italiano.<\/p>\n<p>\t\t\t\tScopri i personaggi in trend, le storie del momento e molto altro.<br \/>Dove? Sul <a href=\"https:\/\/whatsapp.com\/channel\/0029Vb68mVyHVvTWezDm7d0R\" target=\"_blank\" rel=\"noopener nofollow\">canale WhatsApp di DiLei!<\/a><\/p>\n<p>\t\t\t<a class=\"buttonCall\" href=\"https:\/\/whatsapp.com\/channel\/0029Vb68mVyHVvTWezDm7d0R\" target=\"_blank\" rel=\"noopener nofollow\" title=\"Seguici su WhatsApp\"><br \/>\n\t\t\t\tSeguici su WhatsApp<br \/>\n\t\t\t<\/a><\/p>\n<p>\t<script async src=\"\/\/www.instagram.com\/embed.js\"><\/script><\/p>\n","protected":false},"excerpt":{"rendered":"Laura Chiatti ha compiuto 44 anni in questo caldo 15 luglio e, per l\u2019occasione, ha deciso di condividere&hellip;\n","protected":false},"author":3,"featured_media":586535,"comment_status":"","ping_status":"","sticky":false,"template":"","format":"standard","meta":{"footnotes":"","_share_on_mastodon":"0"},"categories":[174],"tags":[788,1449,203,204,1537,90,89,27956,27957,86],"class_list":["post-586534","post","type-post","status-publish","format-standard","has-post-thumbnail","category-intrattenimento","tag-bambini","tag-compleanni","tag-entertainment","tag-intrattenimento","tag-it","tag-italia","tag-italy","tag-laura-chiatti","tag-marco-bocci","tag-vip"],"share_on_mastodon":{"url":"https:\/\/pubeurope.com\/@it\/116925998529785054","error":""},"_links":{"self":[{"href":"https:\/\/www.europesays.com\/it\/wp-json\/wp\/v2\/posts\/586534","targetHints":{"allow":["GET"]}}],"collection":[{"href":"https:\/\/www.europesays.com\/it\/wp-json\/wp\/v2\/posts"}],"about":[{"href":"https:\/\/www.europesays.com\/it\/wp-json\/wp\/v2\/types\/post"}],"author":[{"embeddable":true,"href":"https:\/\/www.europesays.com\/it\/wp-json\/wp\/v2\/users\/3"}],"replies":[{"embeddable":true,"href":"https:\/\/www.europesays.com\/it\/wp-json\/wp\/v2\/comments?post=586534"}],"version-history":[{"count":0,"href":"https:\/\/www.europesays.com\/it\/wp-json\/wp\/v2\/posts\/586534\/revisions"}],"wp:featuredmedia":[{"embeddable":true,"href":"https:\/\/www.europesays.com\/it\/wp-json\/wp\/v2\/media\/586535"}],"wp:attachment":[{"href":"https:\/\/www.europesays.com\/it\/wp-json\/wp\/v2\/media?parent=586534"}],"wp:term":[{"taxonomy":"category","embeddable":true,"href":"https:\/\/www.europesays.com\/it\/wp-json\/wp\/v2\/categories?post=586534"},{"taxonomy":"post_tag","embeddable":true,"href":"https:\/\/www.europesays.com\/it\/wp-json\/wp\/v2\/tags?post=586534"}],"curies":[{"name":"wp","href":"https:\/\/api.w.org\/{rel}","templated":true}]}}