{"id":586544,"date":"2026-07-15T21:02:17","date_gmt":"2026-07-15T21:02:17","guid":{"rendered":"https:\/\/www.europesays.com\/it\/586544\/"},"modified":"2026-07-15T21:02:17","modified_gmt":"2026-07-15T21:02:17","slug":"maltempo-a-bologna-alberi-caduti-sui-viali","status":"publish","type":"post","link":"https:\/\/www.europesays.com\/it\/586544\/","title":{"rendered":"Maltempo a Bologna: alberi caduti sui viali"},"content":{"rendered":"<p>Un violento temporale si \u00e8 abbattuto su Bologna nel pomeriggio di oggi, mercoled\u00ec 15 luglio.<\/p>\n<p>Il Comune di Bologna ha invitato i cittadini a prestare attenzione, allontanandosi da aree verdi, strade alberate e da tutte le strutture all\u2019aperto, come tensostrutture, impalcature, gazebo, dehors, strutture espositive o commerciali, pubblicitarie.<\/p>\n<p><a href=\"https:\/\/www.bolognatoday.it\/meteo\/temporale-vento-oggi-bologna-video-15-luglio.html\" target=\"_blank\" rel=\"nofollow noopener\">Raffiche di vento spaventose su Bologna, il Comune invita alla prudenza | VIDEO<\/a><a href=\"https:\/\/www.bolognatoday.it\/cronaca\/maltempo-emilia-romagna-temporali-danni-vento.html\" target=\"_blank\" rel=\"nofollow noopener\">Maltempo in tutta la Regione: oltre 70 centri operativi aperti, 500 interventi dei vigili del fuoco<\/a>I danni del maltempo a Bologna<\/p>\n<p>Inoltre, sono stati segnalati alcuni alberi caduti sui viali, in zona Pietramellara. Segnalazione di pericolo anche per quanto riguarda il Ponte Matteotti.<\/p>\n<p>Viale Masini \u00e8 stato chiuso all\u2019altezza dell\u2019autostazione in entrambi i sensi e bus deviati. Il Comune raccomanda la massima attenzione anche per quanto riguarda i sottopassaggi Sabena, Triumvirato, Togliatti.<\/p>\n<p>Si segnalano alberi e rami caduti su viale Silvani e viale Vicini, viale Aldini, via XXI Aprile, via Siepelunga, Porta Saragozza, via della Campagna, via Pirandello, via M.E. Lepido, via Masi, via Albertoni.<\/p>\n<p>Su una pagina Facebook del quartiere Pilastro un utente segnala che molti appartamenti del cosiddetto \u2018virgolone\u2019 e alcuni dei palazzoni del rione sono senza elettricit\u00e0 da circa un&#8217;ora. In generale si segnalano diversi disservizi alla rete elettrica in alcune aree del quartiere San Donato.<\/p>\n<p>Su via Eleonora Duse, in zona San Donato, \u00e8 caduto un grosso albero. Al momento non si segnalano feriti.<\/p>\n<p>\u00a0\t&#13;<br \/>\n\t&#13;<br \/>\n  &#13;<br \/>\n  &#13;<br \/>\n      &#13;<br \/>\n    &#13;<br \/>\n      &#13;<br \/>\n&#13;<br \/>\n&#13;\n<\/p>\n<p>Auto in transito colpita<\/p>\n<p>A causa del maltempo, un auto in transito con a bordo due persone \u00e8 stata colpita da un albero in via Albertoni, nei pressi del policlinico Sant&#8217;Orsola. La coppia, marito e moglie, sono stati soccorsi dal 118, ma fortunatamente non sono feriti in modo serio.<\/p>\n<p>All&#8217;interno del giardino Davide Penazzi, tra via Mondo e via della Torretta, due grossi alberi sono caduti sopra il campo da padel presente all&#8217;interno dell&#8217;area verde. La recinsione e alcune delle vetrate sono state completamente distrutte.<\/p>\n<p>Ordinanza anti maltempo<\/p>\n<p>\u201cFino alle 12 di domani \u00e8 vietato recarsi in parchi e giardini. In questo momento stiamo dando priorit\u00e0 agli interventi per liberare le strade dagli alberi caduti. A seguire da domattina si interverr\u00e0 nei parchi pubblici per rimuovere i molti alberi caduti e verificare la stabilit\u00e0 degli altri. Per i centri estivi e nidi che si svolgono in queste aree sono vietate le attivit\u00e0 all\u2019aperto e si raccomanda massima attenzione nell\u2019accedere alle sedi\u201d. Cos\u00ec recita l&#8217;ordinanza del sindaco Matteo Lepore, valida fino alle ore 12 di domani, gioved\u00ec 16 luglio.<\/p>\n<p>Le previsioni meteo<\/p>\n<p>Dopo il violento temporale di oggi pomeriggio sono attese ulteriori piogge in serata, anche se di minore intensit\u00e0. Per domani e dopodomani, gioved\u00ec 16 e venerd\u00ec 17 luglio, previsto bel tempo con temperature fino ai 38 gradi. Discorso diverso per il weekend: per il pomeriggio di sabato 18 e per quello di domenica 19 luglio sono previsti rovesci, anche di forte intensit\u00e0. Temperature massime attorno ai 35 gradi.<\/p>\n<p>Valsamoggia<\/p>\n<p>Nel Comune di Valsamoggia si segnalano alcuni rami caduti in via Circonvallazione Nord a Bazzano e un albero caduto su via Acquafredda, che \u00e8 stata chiusa all\u2019altezza del civico 6.<\/p>\n<p>Inoltre, si sono allagati i sottopassaggi di via San Lorenzo e Castellaccio, in localit\u00e0 Calcara. Qui il personale per l\u2019intervento \u00e8 gi\u00e0 stato attivato.<\/p>\n<p>San Pietro in Casale<\/p>\n<p>Il forte temporale ha causato la caduta di diversi alberi e spezzato rami, oltre all\u2019allagamento del sottopassaggio. Via Galliera Sud \u00e8 chiusa al traffico per caduta albero di grandi dimensioni. La protezione civile e la polizia locale sono gi\u00e0 sul posto. Lo riferisce il Comune di San Pietro in Casale sui propri canali social.\u00a0<\/p>\n<p>Castenaso\u00a0<\/p>\n<p>Anche il Comune di Castenaso, sui propri social media, segnala \u201cforti disagi alla circolazione dovuti alla caduta di numerosi alberi su diverse strade del territorio comunale\u201d.\u00a0<\/p>\n<p>Castel Maggiore<\/p>\n<p>Sui propri canali social, il Comune di Castel Maggiore segnala che il sottopasso di via Di Vittorio \u00e8 allagato; su via Matteotti un albero \u00e8 caduto in direzione Castel Maggiore nel tratto tra Castello e via Saliceto; in via Angelelli un albero \u00e8 caduto su strada all\u2019altezza del cimitero direzione zona industriale.<\/p>\n<p>San Lazzaro<\/p>\n<p>Questo il messaggio condiviso su Facebook dal Comune di San Lazzaro: &#8220;Il violento temporale che ha colpito San Lazzaro nel pomeriggio di oggi, mercoled\u00ec 15 luglio, ha provocato numerosi danni sul territorio, con circa 30 alberi caduti, rami pericolanti, allagamenti e danni ad alcune strutture.<\/p>\n<p>Alberi caduti sono stati segnalati: in piazza Risorgimento e nelle strade limitrofe; in via 2 Giugno; in via 4 Novembre; nel parcheggio di via Gramsci; in via Caselle; nel parcheggio del Circolo Arci di via Bellaria; in via della Fisica; in via Castiglia (angolo via Cicogna) Sono inoltre presenti alberi e rami caduti in tutti i parchi cittadini. Si raccomanda pertanto di non accedere alle aree verdi e di prestare la massima attenzione. Al momento risultano chiuse o parzialmente chiuse: via Croara; via Castiglia; via Vernizza; via Jussi (altezza civico 126) via Jussi (intersezione con via Scornetta).<\/p>\n<p>Risulta inoltre allagato il sottopasso della tangenziale. Nella piazzetta del supermercato Conad di via Emilia il dehors di un\u2019attivit\u00e0 commerciale \u00e8 stato divelto dalla violenza del vento. Sono attualmente operative tre squadre delle ditte del verde, insieme alle pattuglie della polizia locale, al personale del Comune e alle associazioni di volontariato di Protezione civile. Gli interventi sono in corso per rimuovere alberi e rami, mettere in sicurezza le aree interessate e ripristinare la viabilit\u00e0&#8221;.<\/p>\n<p>\u00a0<strong>ARTICOLO IN AGGIORNAMENTO<\/strong><\/p>\n","protected":false},"excerpt":{"rendered":"Un violento temporale si \u00e8 abbattuto su Bologna nel pomeriggio di oggi, mercoled\u00ec 15 luglio. Il Comune di&hellip;\n","protected":false},"author":3,"featured_media":586545,"comment_status":"","ping_status":"","sticky":false,"template":"","format":"standard","meta":{"footnotes":"","_share_on_mastodon":"0"},"categories":[6],"tags":[51537,14,8,1537,90,89,437,7,15,82,9,83,10,634,13,11,80,84,12,81,85],"class_list":["post-586544","post","type-post","status-publish","format-standard","has-post-thumbnail","category-ultime-notizie","tag-alberi-caduti","tag-cronaca","tag-headlines","tag-it","tag-italia","tag-italy","tag-maltempo","tag-news","tag-notizie","tag-notizie-di-cronaca","tag-notizie-principali","tag-notiziedicronaca","tag-notizieprincipali","tag-pioggia","tag-titoli","tag-ultime-notizie","tag-ultime-notizie-di-cronaca","tag-ultime-notizie-e-news-di-oggi","tag-ultimenotizie","tag-ultimenotiziedicronaca","tag-ultimenotizieenewsdioggi"],"share_on_mastodon":{"url":"https:\/\/pubeurope.com\/@it\/116926018106010783","error":""},"_links":{"self":[{"href":"https:\/\/www.europesays.com\/it\/wp-json\/wp\/v2\/posts\/586544","targetHints":{"allow":["GET"]}}],"collection":[{"href":"https:\/\/www.europesays.com\/it\/wp-json\/wp\/v2\/posts"}],"about":[{"href":"https:\/\/www.europesays.com\/it\/wp-json\/wp\/v2\/types\/post"}],"author":[{"embeddable":true,"href":"https:\/\/www.europesays.com\/it\/wp-json\/wp\/v2\/users\/3"}],"replies":[{"embeddable":true,"href":"https:\/\/www.europesays.com\/it\/wp-json\/wp\/v2\/comments?post=586544"}],"version-history":[{"count":0,"href":"https:\/\/www.europesays.com\/it\/wp-json\/wp\/v2\/posts\/586544\/revisions"}],"wp:featuredmedia":[{"embeddable":true,"href":"https:\/\/www.europesays.com\/it\/wp-json\/wp\/v2\/media\/586545"}],"wp:attachment":[{"href":"https:\/\/www.europesays.com\/it\/wp-json\/wp\/v2\/media?parent=586544"}],"wp:term":[{"taxonomy":"category","embeddable":true,"href":"https:\/\/www.europesays.com\/it\/wp-json\/wp\/v2\/categories?post=586544"},{"taxonomy":"post_tag","embeddable":true,"href":"https:\/\/www.europesays.com\/it\/wp-json\/wp\/v2\/tags?post=586544"}],"curies":[{"name":"wp","href":"https:\/\/api.w.org\/{rel}","templated":true}]}}