{"id":586552,"date":"2026-07-15T21:14:32","date_gmt":"2026-07-15T21:14:32","guid":{"rendered":"https:\/\/www.europesays.com\/it\/586552\/"},"modified":"2026-07-15T21:14:32","modified_gmt":"2026-07-15T21:14:32","slug":"basket-avanza-la-cessione-dei-diritti-di-brescia-verso-roma-lunico-ostacolo-e-il-tempo-va-completato-liter-entro-venerdi","status":"publish","type":"post","link":"https:\/\/www.europesays.com\/it\/586552\/","title":{"rendered":"Basket, avanza la cessione dei diritti di Brescia verso Roma: l&#8217;unico ostacolo \u00e8 il tempo, va completato l&#8217;iter entro venerd\u00ec"},"content":{"rendered":"<p>    di<br \/>\n    Luca Bertelli<\/p>\n<p class=\"summary-art is-line-h-12\">Oggi l&#8217;anniversario per i dieci anni della promozione in Serie A rischia di diventare amaro: Matiasic e Ferrari hanno un&#8217;intesa economica, ora vanno completati tutti i passaggi entro venerd\u00ec ma si procede. Trieste \u00e8 invece salva, non ci sarebbe la triangolazione di diritti: Brescia rimarrebbe senza la prima serie. Spiazzata anche la Loggia: il 12 giugno Castelletti aveva visto Ferrari e aveva ricavato buone impressioni dall&#8217;incontro.<\/p>\n<p class=\"chapter-paragraph\">I diretti interessati non possono rilasciare dichiarazioni ufficiali, <b>segno che qualcosa si sta  muovendo eccome sul pianeta Germani<\/b> in un\u2019estate   gi\u00e0 caldissima. Le ultime notizie, ieri pomeriggio, <b>dagli ambienti federali a Roma, hanno segnalato una forte accelerazione nelle trattative tra Matiasic (che nel frattempo si \u00e8\u00a0dimesso a Trieste\u00a0dal ruolo\u00a0di presidente<\/b>)\u00a0<b>e Ferrari per la cessione dei diritti da Brescia alla neonata squadra della Capitale<\/b> che vuole costruire l\u2019americano (ora proprietario a Trieste, che non sarebbe per\u00f2 coinvolta <b>nella triangolazione dei diritti<\/b>: la nostra citt\u00e0 rimarrebbe senza un team in prima serie, almeno).\u00a0<\/p>\n<p class=\"chapter-paragraph\"><b>L\u2019ostacolo principale non sarebbe pi\u00f9 economico, ma temporale: il gong \u00e8 fissato venerd\u00ec, non \u00e8 un\u2019operazione semplice, bisogna fare in fretta<\/b> e un granellino nell\u2019ingranaggio potrebbe ancora bloccare tutto. Per\u00f2 il presente fa paura e, al momento, questo nuovo cambio di direzione spiazza tutti.  A partire dalla Loggia: i<b>l 12 giugno, nel giorno in cui la Germani annunciava l\u2019ingaggio di Brown, la sindaca Castelletti era uscita con buone sensazioni dall\u2019incontro con Mauro Ferrari<\/b>, <b>che sabato scorso aveva pianificato il mercato con coach Cotelli<\/b> dopo aver iscritto &#8211; il campo di gioco era il Palaleonessa e non il PalaEur come era trapelato da alcune fonti &#8211; la societ\u00e0 alla Champions League.\u00a0    &#13;<br \/>\n&#13;<br \/>\n&#13;<br \/>\n&#13;<br \/>\n&#13;<br \/>\n&#13;<br \/>\n&#13;<br \/>\n&#13;<br \/>\n&#13;<br \/>\n&#13;<br \/>\n&#13;<br \/>\n&#13;<br \/>\n&#13;<br \/>\n&#13;<br \/>\n&#13;<br \/>\n&#13;<br \/>\n&#13;<br \/>\n&#13;<br \/>\n&#13;<br \/>\n&#13;<br \/>\n&#13;<br \/>\n&#13;<br \/>\n&#13;<br \/>\n&#13;<br \/>\n&#13;<br \/>\n&#13;<br \/>\n&#13;<br \/>\n&#13;<br \/>\n&#13;<br \/>\n&#13;<br \/>\n&#13;<br \/>\n&#13;<br \/>\n&#13;<br \/>\n&#13;<br \/>\n&#13;<br \/>\n&#13;<br \/>\n&#13;<br \/>\n&#13;<br \/>\n&#13;<br \/>\n&#13;<br \/>\n&#13;<br \/>\n&#13;<br \/>\n&#13;<br \/>\n&#13;<br \/>\n&#13;<br \/>\n&#13;<br \/>\n&#13;<br \/>\n&#13;<br \/>\n&#13;<br \/>\n&#13;<br \/>\n&#13;<br \/>\n&#13;<br \/>\n&#13;\n<\/p>\n<p class=\"chapter-paragraph\">Sembrava un rilancio, c\u2019\u00e8 per\u00f2 il rischio che si sia trattato di una mossa condivisa anche con Matiasic.  Intanto, <b>oggi, \u00e8 il giorno di un anniversario importante<\/b>. Senza la promozione in Serie A del <b>24 giugno 2016<\/b>, arrivata al termine di un play off lungo 20 partite con quattro \u201cgare 5\u201d vinte (l\u2019ultima, a Montichiari, contro la Fortitudo), non sarebbe mai iniziato il ciclo che ha fatto emozionare la citt\u00e0. E, se \u00e8 vero che Mauro Ferrari ha iniettato la necessaria forza economica, senza la pazza idea   del duo Bragaglio-Bonetti nulla sarebbe mai nato. Una storia da film, come quello (\u201cL\u2019Onda Blu &#8211; Il sogno che si avvera\u201d) che celebrer\u00e0 la ricorrenza decennale. Fazzoletti per tutti. <b>Oggi come allora, ma c\u2019\u00e8 il rischio che si passi dalla gioia alla frustrazione<\/b>. Tra due giorni, la verit\u00e0 definitiva.<\/p>\n<p class=\"is-mr-t-20 is-mr-b-20\"><b><br \/>\n                    <a href=\"https:\/\/brescia.corriere.it\/?intcmp=Notizielocali_nd_010623_corriere_ss_brescia\" target=\"_blank\" rel=\"nofollow noopener\">Vai a tutte le notizie di Brescia<\/a><br \/>\n            <\/b><\/p>\n<p class=\"chapter-paragraph\"><b><a href=\"https:\/\/www.corriere.it\/newsletter\/?theme=62&amp;intcmp=NL-artic_nd_050624_corriere_ss_brescia\" target=\"_blank\" rel=\"nofollow noopener\">Iscriviti alla newsletter di Corriere Brescia<\/a><\/b><\/p>\n<p class=\"is-last-update\" datetime=\"2026-06-24T11:41:54+02:00\">24 giugno 2026 ( modifica il 24 giugno 2026 | 11:41)<\/p>\n<p class=\"is-copyright\">\n            \u00a9 RIPRODUZIONE RISERVATA\n        <\/p>\n","protected":false},"excerpt":{"rendered":"di Luca Bertelli Oggi l&#8217;anniversario per i dieci anni della promozione in Serie A rischia di diventare amaro:&hellip;\n","protected":false},"author":3,"featured_media":586553,"comment_status":"","ping_status":"","sticky":false,"template":"","format":"standard","meta":{"footnotes":"","_share_on_mastodon":"0"},"categories":[1453],"tags":[30826,1756,1757,6073,17512,310499,571,151559,323086,880,323085,4726,3882,19827,368,12114,1148,399,1537,90,89,63767,323087,298527,26758,305163,2980,1852,288053,1821,245,244,6687,8434],"class_list":["post-586552","post","type-post","status-publish","format-standard","has-post-thumbnail","category-basket","tag-anniversario","tag-basket","tag-basketball","tag-brescia","tag-buone","tag-castelletti","tag-cessione","tag-cessione-diritti","tag-cessione-diritti-brescia","tag-diritti","tag-diritti-brescia","tag-economica","tag-entro","tag-entro-venerdi","tag-ferrari","tag-germani","tag-giugno","tag-incontro","tag-it","tag-italia","tag-italy","tag-loggia","tag-loggia-giugno","tag-matiasic","tag-mauro","tag-mauro-ferrari","tag-ostacolo","tag-promozione","tag-promozione-serie","tag-serie","tag-sport","tag-sports","tag-trieste","tag-venerdi"],"share_on_mastodon":{"url":"","error":"Validation failed: Text character limit of 500 exceeded"},"_links":{"self":[{"href":"https:\/\/www.europesays.com\/it\/wp-json\/wp\/v2\/posts\/586552","targetHints":{"allow":["GET"]}}],"collection":[{"href":"https:\/\/www.europesays.com\/it\/wp-json\/wp\/v2\/posts"}],"about":[{"href":"https:\/\/www.europesays.com\/it\/wp-json\/wp\/v2\/types\/post"}],"author":[{"embeddable":true,"href":"https:\/\/www.europesays.com\/it\/wp-json\/wp\/v2\/users\/3"}],"replies":[{"embeddable":true,"href":"https:\/\/www.europesays.com\/it\/wp-json\/wp\/v2\/comments?post=586552"}],"version-history":[{"count":0,"href":"https:\/\/www.europesays.com\/it\/wp-json\/wp\/v2\/posts\/586552\/revisions"}],"wp:featuredmedia":[{"embeddable":true,"href":"https:\/\/www.europesays.com\/it\/wp-json\/wp\/v2\/media\/586553"}],"wp:attachment":[{"href":"https:\/\/www.europesays.com\/it\/wp-json\/wp\/v2\/media?parent=586552"}],"wp:term":[{"taxonomy":"category","embeddable":true,"href":"https:\/\/www.europesays.com\/it\/wp-json\/wp\/v2\/categories?post=586552"},{"taxonomy":"post_tag","embeddable":true,"href":"https:\/\/www.europesays.com\/it\/wp-json\/wp\/v2\/tags?post=586552"}],"curies":[{"name":"wp","href":"https:\/\/api.w.org\/{rel}","templated":true}]}}