{"id":586600,"date":"2026-07-15T21:51:18","date_gmt":"2026-07-15T21:51:18","guid":{"rendered":"https:\/\/www.europesays.com\/it\/586600\/"},"modified":"2026-07-15T21:51:18","modified_gmt":"2026-07-15T21:51:18","slug":"la-colazione-perfetta-secondo-lesperta-5-proposte","status":"publish","type":"post","link":"https:\/\/www.europesays.com\/it\/586600\/","title":{"rendered":"La colazione perfetta secondo l&#8217;esperta: 5 proposte"},"content":{"rendered":"<p>Le 5 proposte della nutrizionista pensate per chi al mattino \u00e8 sempre di corsa e ha poco tempo. I segreti della colazione perfetta: per avere energia e concentrazione<\/p>\n<p>La colazione pu\u00f2 influenzare l\u2019energia, la <a href=\"https:\/\/www.lacucinaitaliana.it\/news\/salute-e-nutrizione\/mancanza-di-concentrazione-e-stanchezza-mentale-ecco-cosa-mangiare\/\" target=\"_blank\" rel=\"nofollow noopener\">concentrazione<\/a> e il benessere dell\u2019intera giornata. Eppure, c\u2019\u00e8 chi si alza di corsa e salta il primo pasto della giornata, chi non ha voglia di mangiare nulla e beve a malapena un caff\u00e8. Ma quali sono davvero <strong>le regole della colazione perfetta<\/strong>? \u00abPer comporre una colazione completa e ben bilanciata, la prima regola \u00e8 puntare sull\u2019equilibrio tra nutrienti, sulla qualit\u00e0 degli ingredienti e sull\u2019<a href=\"https:\/\/www.lacucinaitaliana.it\/news\/salute-e-nutrizione\/cibi-idratanti-uova-finocchi-spinaci-melone-ravanelli\/\" target=\"_blank\" rel=\"nofollow noopener\">idratazione<\/a>, fattori che aiutano a iniziare la giornata nel modo migliore\u00bb spiega la dottoressa <a data-offer-url=\"https:\/\/www.instagram.com\/danila_lombardo_nutrizionista\/\" class=\"external-link\" data-event-click=\"{&quot;element&quot;:&quot;ExternalLink&quot;,&quot;outgoingURL&quot;:&quot;https:\/\/www.instagram.com\/danila_lombardo_nutrizionista\/&quot;}\" href=\"https:\/\/www.instagram.com\/danila_lombardo_nutrizionista\/\" rel=\"nofollow noopener\" target=\"_blank\"><strong>Danila Lombardo<\/strong><\/a>, biologa nutrizionista. L\u2019esperta ci ha illustrato le regole della colazione perfetta attraverso <strong>5 proposte pensate<\/strong> per adattarsi a gusti ed esigenze diverse, ideali anche <strong>per chi, al mattino, \u00e8 sempre di corsa e ha poco tempo<\/strong>.<\/p>\n<p>Colazione perfetta: cosa dicono le linee guida<\/p>\n<p>\u00abLa colazione perfetta \u00e8 quella costruita su misura delle esigenze di ciascuno\u00bb spiega la nutrizionista Danila Lombardo. \u00abSecondo le <a data-offer-url=\"https:\/\/sinu.it\/wp-content\/uploads\/2019\/06\/DOCUMENTO-Prima-Colazione-ISBN-agg.pdf\" class=\"external-link\" data-event-click=\"{&quot;element&quot;:&quot;ExternalLink&quot;,&quot;outgoingURL&quot;:&quot;https:\/\/sinu.it\/wp-content\/uploads\/2019\/06\/DOCUMENTO-Prima-Colazione-ISBN-agg.pdf&quot;}\" href=\"https:\/\/sinu.it\/wp-content\/uploads\/2019\/06\/DOCUMENTO-Prima-Colazione-ISBN-agg.pdf\" rel=\"nofollow noopener\" target=\"_blank\"><strong>Linee guida<\/strong>,<\/a> dovrebbe coprire circa il 15-20% del fabbisogno energetico giornaliero. Per un adulto medio, si tratta indicativamente di 300-400 calorie\u00bb dice l\u2019esperta. \u00abIl primo pasto della giornata deve essere poi completo e includere tutti i macronutrienti. Non dovrebbe quindi contenere soltanto zuccheri a rapido assorbimento, che possono favorire un <a href=\"https:\/\/www.lacucinaitaliana.it\/article\/colazione-contro-picco-glicemico\/\" target=\"_blank\" rel=\"nofollow noopener\">picco glicemico<\/a>, seguito da un calo energetico anche dopo circa un\u2019ora. La <strong>combinazione vincente comprende carboidrati complessi, proteine, grassi buoni e fibre<\/strong>\u00bb.<\/p>\n<p>Cosa mangiare a colazione per iniziare bene la giornata<\/p>\n<p>\u00ab\u00c8 fondamentale considerare la colazione come il primo \u201cpieno\u201d di energia della giornata. Se si sceglie un \u201ccarburante\u201d di scarsa qualit\u00e0, non si ottiene la giusta carica. Se, al contrario, il mix \u00e8 ben bilanciato, si pu\u00f2 arrivare a pranzo senza attacchi di fame\u00bb dice la nutrizionista Danila Lombardo. Cosa non deve mai mancare a colazione? \u00ab<strong>I carboidrati complessi, che forniscono energia a lento rilascio<\/strong>\u00bb dice l&#8217;esperta. \u00abTra le fonti da preferire ci sono pane integrale, f<a href=\"https:\/\/www.lacucinaitaliana.it\/article\/tutto-quello-che-vorreste-sapere-avena-spiega-dietista\/\" target=\"_blank\" rel=\"nofollow noopener\">iocchi d\u2019avena<\/a> e <a href=\"https:\/\/www.lacucinaitaliana.it\/ricetta\/muesli-fatto-in-casa\/\" target=\"_blank\" rel=\"nofollow noopener\">muesli<\/a>. Poi le proteine, che aumentano il <a href=\"https:\/\/www.lacucinaitaliana.it\/article\/senso-di-sazieta-riconoscerlo-stimolarlo\/\" target=\"_blank\" rel=\"nofollow noopener\">senso di saziet\u00e0<\/a> e aiutano a mantenere pi\u00f9 stabile la glicemia. Si possono scegliere yogurt, <a href=\"https:\/\/www.lacucinaitaliana.it\/tutorial\/i-consigli\/idee-colazione-yogurt-greco\/\" target=\"_blank\" rel=\"nofollow noopener\">yogurt greco<\/a>, latte, ricotta, uova, frutta secca e bevande vegetali. Non devono mancare nemmeno i grassi buoni, presenti in mandorle, semi di lino, semi di Chia oppure in un cucchiaino di burro di arachidi senza zuccheri aggiunti. Infine, spazio nel primo pasto della giornata alla frutta fresca di stagione, ottima fonte di fibre e micronutrienti, tra cui sali minerali e vitamine\u00bb.<\/p>\n<p><script async src=\"\/\/www.instagram.com\/embed.js\"><\/script><\/p>\n","protected":false},"excerpt":{"rendered":"Le 5 proposte della nutrizionista pensate per chi al mattino \u00e8 sempre di corsa e ha poco tempo.&hellip;\n","protected":false},"author":3,"featured_media":586601,"comment_status":"","ping_status":"","sticky":false,"template":"","format":"standard","meta":{"footnotes":"","_share_on_mastodon":"0"},"categories":[175],"tags":[14564,262,239,1537,90,89,260,259,240],"class_list":["post-586600","post","type-post","status-publish","format-standard","has-post-thumbnail","category-salute","tag-calorie","tag-colazione","tag-health","tag-it","tag-italia","tag-italy","tag-nutrizione","tag-nutrizionista","tag-salute"],"share_on_mastodon":{"url":"https:\/\/pubeurope.com\/@it\/116926211041611998","error":""},"_links":{"self":[{"href":"https:\/\/www.europesays.com\/it\/wp-json\/wp\/v2\/posts\/586600","targetHints":{"allow":["GET"]}}],"collection":[{"href":"https:\/\/www.europesays.com\/it\/wp-json\/wp\/v2\/posts"}],"about":[{"href":"https:\/\/www.europesays.com\/it\/wp-json\/wp\/v2\/types\/post"}],"author":[{"embeddable":true,"href":"https:\/\/www.europesays.com\/it\/wp-json\/wp\/v2\/users\/3"}],"replies":[{"embeddable":true,"href":"https:\/\/www.europesays.com\/it\/wp-json\/wp\/v2\/comments?post=586600"}],"version-history":[{"count":0,"href":"https:\/\/www.europesays.com\/it\/wp-json\/wp\/v2\/posts\/586600\/revisions"}],"wp:featuredmedia":[{"embeddable":true,"href":"https:\/\/www.europesays.com\/it\/wp-json\/wp\/v2\/media\/586601"}],"wp:attachment":[{"href":"https:\/\/www.europesays.com\/it\/wp-json\/wp\/v2\/media?parent=586600"}],"wp:term":[{"taxonomy":"category","embeddable":true,"href":"https:\/\/www.europesays.com\/it\/wp-json\/wp\/v2\/categories?post=586600"},{"taxonomy":"post_tag","embeddable":true,"href":"https:\/\/www.europesays.com\/it\/wp-json\/wp\/v2\/tags?post=586600"}],"curies":[{"name":"wp","href":"https:\/\/api.w.org\/{rel}","templated":true}]}}