{"id":586602,"date":"2026-07-15T21:52:15","date_gmt":"2026-07-15T21:52:15","guid":{"rendered":"https:\/\/www.europesays.com\/it\/586602\/"},"modified":"2026-07-15T21:52:15","modified_gmt":"2026-07-15T21:52:15","slug":"bigmama-si-e-laureata-a-tutte-le-vittime-del-cancro-e-a-michele-il-mio-dottore-per-aver-curato-il-capitolo-piu-delicato-della-mia-vita-permettendomi-di-scriverne-ancora","status":"publish","type":"post","link":"https:\/\/www.europesays.com\/it\/586602\/","title":{"rendered":"BigMama si \u00e8 laureata: \u00abA tutte le vittime del cancro e a Michele, il mio dottore, per aver curato il capitolo pi\u00f9 delicato della mia vita, permettendomi di scriverne ancora\u00bb"},"content":{"rendered":"<p>Per BigMama la Laurea \u00e8 la fine di un percorso di studi, ma anche la conferma di una rinascita iniziata qualche anno fa. Nel 2020, quando aveva appena vent\u2019anni, la cantante originaria di San Michele di Serino, in provincia di Avellino, <strong>aveva scoperto di avere un <a href=\"https:\/\/www.vanityfair.it\/article\/linfoma-di-hodgkin-big-mama-ripercorre-le-tappe-della-sua-diagnosi-di-tumore-del-sangue-avevo-sintomi-strani\" target=\"_blank\" rel=\"nofollow noopener\">linfoma di Hodgkin<\/a><\/strong><a href=\"https:\/\/www.vanityfair.it\/article\/linfoma-di-hodgkin-big-mama-ripercorre-le-tappe-della-sua-diagnosi-di-tumore-del-sangue-avevo-sintomi-strani\" target=\"_blank\" rel=\"nofollow noopener\">.<\/a> Sono stati mesi difficili, tra cure e chemioterapia, vissuti mentre cercava di non fermare i suoi sogni: quelli nella musica e quelli legati alla sua formazione.<\/p>\n<p>Dopo la guarigione, quella esperienza \u00e8 entrata anche nelle sue canzoni. Nel giorno della laurea il primo pensiero \u00e8 andato alle persone che hanno attraversato con lei il periodo pi\u00f9 delicato. \u00ab<strong>A Michele, il mio angelo, il mio dottore<\/strong>, il mio secondo pap\u00e0; grazie per aver curato il capitolo pi\u00f9 delicato della mia vita, permettendomi di scriverne ancora\u00bb, ha scritto su Instagram. Poi il grazie alle sue \u00abradici\u00bb: \u00abAlla mia Irpinia, alla mia famiglia. Ora chiamatemi dottoressa\u00bb.<\/p>\n<p>Nelle immagini condivise con i suoi follower, oltre alla festa con amici e parenti, c\u2019\u00e8 anche la foto della sua tesi, dal titolo <strong>Metastasi della citt\u00e0. Salute, ambiente e pianificazione urbana. Una ricerca che parte dall\u2019Irpinia<\/strong>. Un lavoro che analizza il rapporto tra territorio, ambiente e salute e intreccia il percorso universitario di BigMama con la sua esperienza personale.<\/p>\n<p>A chiudere il racconto social, anche un omaggio alla sua storia musicale. Tra gli scatti compare <strong>uno striscione preparato dagli amici con la scritta \u00abLa laurea non ti basta\u00bb<\/strong>, un gioco di parole che richiama La rabbia non ti basta, il brano con cui BigMama \u00e8 arrivata al Festival di Sanremo nel 2024. Una canzone nata dalla sua esperienza di ragazza spesso bersagliata per il suo aspetto, segnata dal <a href=\"https:\/\/www.vanityfair.it\/article\/bigmama-parola-che-mi-feriva-sempre-stessa-chiattona-giorno-in-cui-mi-hanno-lanciato-pietre-ho-detto-basta-sono-cresciuta-in-fretta\" target=\"_blank\" rel=\"nofollow noopener\">bullismo e dal body shaming<\/a>, e che affronta proprio quel sentimento che nel tempo \u00e8 riuscita a mitigare, grazie anche alla psicoterapia. \u00abNon \u00e8 pi\u00f9 nociva per la mia mente\u00bb, racconta, <strong>prima mi facevo del male: non volevo vedere gli amici e mi punivo fisicamente<\/strong>. Oggi provo una rabbia diversa, che non si ripercuote su di me o sugli altri. Cerco di farla fluire\u00bb.<\/p>\n","protected":false},"excerpt":{"rendered":"Per BigMama la Laurea \u00e8 la fine di un percorso di studi, ma anche la conferma di una&hellip;\n","protected":false},"author":3,"featured_media":586603,"comment_status":"","ping_status":"","sticky":false,"template":"","format":"standard","meta":{"footnotes":"","_share_on_mastodon":"0"},"categories":[174],"tags":[203,204,1537,90,89,11913],"class_list":["post-586602","post","type-post","status-publish","format-standard","has-post-thumbnail","category-intrattenimento","tag-entertainment","tag-intrattenimento","tag-it","tag-italia","tag-italy","tag-laurea"],"share_on_mastodon":{"url":"https:\/\/pubeurope.com\/@it\/116926215028765627","error":""},"_links":{"self":[{"href":"https:\/\/www.europesays.com\/it\/wp-json\/wp\/v2\/posts\/586602","targetHints":{"allow":["GET"]}}],"collection":[{"href":"https:\/\/www.europesays.com\/it\/wp-json\/wp\/v2\/posts"}],"about":[{"href":"https:\/\/www.europesays.com\/it\/wp-json\/wp\/v2\/types\/post"}],"author":[{"embeddable":true,"href":"https:\/\/www.europesays.com\/it\/wp-json\/wp\/v2\/users\/3"}],"replies":[{"embeddable":true,"href":"https:\/\/www.europesays.com\/it\/wp-json\/wp\/v2\/comments?post=586602"}],"version-history":[{"count":0,"href":"https:\/\/www.europesays.com\/it\/wp-json\/wp\/v2\/posts\/586602\/revisions"}],"wp:featuredmedia":[{"embeddable":true,"href":"https:\/\/www.europesays.com\/it\/wp-json\/wp\/v2\/media\/586603"}],"wp:attachment":[{"href":"https:\/\/www.europesays.com\/it\/wp-json\/wp\/v2\/media?parent=586602"}],"wp:term":[{"taxonomy":"category","embeddable":true,"href":"https:\/\/www.europesays.com\/it\/wp-json\/wp\/v2\/categories?post=586602"},{"taxonomy":"post_tag","embeddable":true,"href":"https:\/\/www.europesays.com\/it\/wp-json\/wp\/v2\/tags?post=586602"}],"curies":[{"name":"wp","href":"https:\/\/api.w.org\/{rel}","templated":true}]}}