{"id":586670,"date":"2026-07-15T22:50:16","date_gmt":"2026-07-15T22:50:16","guid":{"rendered":"https:\/\/www.europesays.com\/it\/586670\/"},"modified":"2026-07-15T22:50:16","modified_gmt":"2026-07-15T22:50:16","slug":"toscana-temporali-in-serata-sono-la-coda-della-tempesta-di-pioggia-e-grandine-che-si-e-abbattuta-sul-nord","status":"publish","type":"post","link":"https:\/\/www.europesays.com\/it\/586670\/","title":{"rendered":"Toscana, temporali in serata: sono\u00a0la coda della tempesta di pioggia e grandine che si \u00e8 abbattuta\u00a0sul nord"},"content":{"rendered":"<p>Firenze, 15 luglio 2026 \u2013\u00a0Le localit\u00e0 di confine toscane, quelle che danno in particolare sulla Liguria e sull\u2019Emilia, sono state interessate da brevi ma intensi temporali dopo la violentissima perturbazione che ha investito il nord Italia nel pomeriggio serata di mercoled\u00ec 15 luglio. Grandine, pioggia e vento fortissimo (a causa dei dowburst che si scaricavano al suolo) hanno provocato danni nel <strong>Bergamasco<\/strong>, in provincia di Milano, a Cremona e nella fascia emiliana compresa tra <strong>Modena,\u00a0Reggio Emilia e Bologna.<\/strong>\u00a0Migliaia di fulmini hanno caratterizzato il pomeriggio. Tantissimi gli alberi caduti sempre in Emilia. Diversi i black out che hanno colpito in particolare Bologna. Non si registrano fortunatamente feriti.\u00a0<\/p>\n<p>Approfondisci:<\/p>\n<p><a href=\"https:\/\/www.lanazione.it\/meteo\/meteo-toscana-ozhc87e4\" class=\"ArticleEmbed_article__embed__content__Jzqnz\" rel=\"nofollow noopener\" target=\"_blank\">Culmine del caldo tra gioved\u00ec e venerd\u00ec, poi breve tregua. Ma dal 24 luglio nuova ondata con temperature ancora in salita<img alt=\"Culmine del caldo tra gioved\u00ec e venerd\u00ec, poi breve tregua. Ma dal 24 luglio nuova ondata con temperature ancora in salita\" loading=\"lazy\" width=\"140\" height=\"78\" decoding=\"async\" data-nimg=\"1\" style=\"color:transparent\"  src=\"https:\/\/www.europesays.com\/it\/wp-content\/uploads\/2026\/07\/l-ondata-di-caldo-al-momento-pare-non-avere-fine.webp\"\/><\/a><br \/>\nIl forte maltempo sul nord e la \u201ccoda\u201d in Toscana <\/p>\n<p>La Toscana \u00e8 stata solo sfiorata da quello che un profano potrebbe scambiare per un tifone, con un centro della perturbazione carico di energia. In realt\u00e0, come spiega il <a rel=\"nofollow noopener\" href=\"http:\/\/www.lamma.toscana.it\/meteo\/bollettini-meteo\/toscana\" target=\"_blank\">Lamma<\/a>, che fornisce una foto, \u201csi tratta di un sistema temporalesco multicellulare (cio\u00e8 composto da pi\u00f9 celle convettive) alla meso-scala (cio\u00e8 molto esteso)\u201d. Nel pomeriggio il cielo si \u00e8 annuvolato in maniera decisa in molte zone della Toscana. Ma appunto senza precipitazioni. Valicando gli Appennini, la perturbazione ha perso forza. Ma ha comunque colpito, seppur in maniera blanda, Massa e la Versilia e alcune zone dell\u2019interno, tra cui il Pratese e il Fiorentino. Molti i fulmini.\u00a0<\/p>\n<p> <img alt=\" MALTEMPO. A BOLOGNA CHIUSO VIALE MASINI, COMUNE: OCCHIO A SOTTOPASSI \/FOTO ALBERI E RAMI CADUTI IN DIVERSE ZONE, DA SARAGOZZA AL PILASTRO(FOTO 1 di 1)\" loading=\"lazy\" width=\"1600\" height=\"900\" decoding=\"async\" data-nimg=\"1\" style=\"color:transparent;max-width:100%;height:auto\"   src=\"https:\/\/www.europesays.com\/it\/wp-content\/uploads\/2026\/07\/maltempo-a-bologna-chiuso-viale-masini-comune-occhio-a-sottopassi-foto-alberi-e-rami-caduti-in-diver.webp\"\/><\/p>\n<p>Un grosso ramo di albero crollato a Bologna<\/p>\n<p>Le previsioni in Toscana <\/p>\n<p>Nelle prossime ore, spiega sempre il <strong>Lamma,<\/strong> nessun temporale, anzi la Toscana raggiunger\u00e0 l\u2019apice del caldo. Con Firenze che dovrebbe sfiorare i 40 gradi, mentre oggi, alla stazione di <strong>Firenze Orto Botanico,<\/strong> \u00e8 stata di nuovo misurata come gi\u00e0 marted\u00ec una temperatura superiore di qualche centigrado ai 39 gradi.<\/p>\n<p>Approfondisci:<\/p>\n<p><a href=\"https:\/\/www.lanazione.it\/arezzo\/cronaca\/bollette-costi-panificio-chiusura-h8kk0lik\" class=\"ArticleEmbed_article__embed__content__Jzqnz\" rel=\"nofollow noopener\" target=\"_blank\">Nico rischia di chiudere il panificio (aperto da 50 anni): \u201cBollette alle stelle, non scarico i rincari sulle famiglie\u201d<img alt=\"Nico rischia di chiudere il panificio (aperto da 50 anni): \u201cBollette alle stelle, non scarico i rincari sulle famiglie\u201d\" loading=\"lazy\" width=\"140\" height=\"78\" decoding=\"async\" data-nimg=\"1\" style=\"color:transparent\"  src=\"https:\/\/www.europesays.com\/it\/wp-content\/uploads\/2026\/07\/1784155815_679_nico-vanni-al-timone-del-panificio-di-famiglia-che-va-verso-i-50-anni-di-attivita.webp\"\/><\/a><img alt=\"qef\" loading=\"lazy\" width=\"1600\" height=\"900\" decoding=\"async\" data-nimg=\"1\" style=\"color:transparent;max-width:100%;height:auto\"   src=\"https:\/\/www.europesays.com\/it\/wp-content\/uploads\/2026\/07\/qef.webp\"\/><\/p>\n<p>A sinistra il cielo in Versilia intorno alle 17. A destra, inviata dal Lamma, la foto della maxi perturbazione sul nord Italia<\/p>\n<p>Caldo opprimente e notti tropicali. Chi non pu\u00f2 scappare al mare o non ha l\u2019aria condizionata soffre. Ma nel weekend le cose dovrebbero iniziare a cambiare. Qualche temporale a ridosso dell\u2019Appennino, soprattutto nel pomeriggio di domenica, porter\u00e0 a un\u2019inversione di tendenza delle temperature. A Firenze si dovrebbe passare dai 39-40 ai 32-33 gradi. Sempre caldo certo, ma pi\u00f9 \u201cnormale\u201d, niente a che vedere con la situazione torrida di questi giorni.\u00a0<\/p>\n<p>La tendenza nei prossimi giorni In Toscana il caldo dovrebbe riaffacciarsi <strong>a partire dal 24 luglio<\/strong>. Si prevede una nuova ondata torrida, anche se al momento i modelli non sono particolarmente precisi e dunque servir\u00e0 qualche altro giorno per avere la situazione pi\u00f9 chiara.<\/p>\n<p>Approfondisci:<\/p>\n<p><a href=\"https:\/\/www.lanazione.it\/umbria\/cronaca\/nuova-apertura-ikea-oi1wpnfz\" class=\"ArticleEmbed_article__embed__content__Jzqnz\" rel=\"nofollow noopener\" target=\"_blank\">Arriva il colosso svedese, il blu di Ikea \u00e8 gi\u00e0 pronto. Apertura a settembre<img alt=\"Arriva il colosso svedese, il blu di Ikea \u00e8 gi\u00e0 pronto. Apertura a settembre\" loading=\"lazy\" width=\"140\" height=\"78\" decoding=\"async\" data-nimg=\"1\" style=\"color:transparent\"  src=\"https:\/\/www.europesays.com\/it\/wp-content\/uploads\/2026\/07\/generic_image.webp\"\/><\/a> <\/p>\n<p>Ma il caldo feroce sembra non abbandoner\u00e0 la regione. In questo mercoled\u00ec 15 luglio record di caldo a Firenze, <strong>con 39 gradi esatti<\/strong>, secondo le rilevazioni del Cfr. Secondo posto per un&#8217;altra localit\u00e0 della provincia di Firenze, Borgo San Lorenzo, alle pendici dell&#8217;Appennino, con 38.6 gradi. Terzo posto per la provincia di Arezzo con Montevarchi, con 38.5 gradi.<\/p>\n","protected":false},"excerpt":{"rendered":"Firenze, 15 luglio 2026 \u2013\u00a0Le localit\u00e0 di confine toscane, quelle che danno in particolare sulla Liguria e sull\u2019Emilia,&hellip;\n","protected":false},"author":3,"featured_media":586671,"comment_status":"","ping_status":"","sticky":false,"template":"","format":"standard","meta":{"footnotes":"","_share_on_mastodon":"0"},"categories":[79],"tags":[23216,28025,14,93,94,6491,1537,90,89,7,101,15,634,9065,28705,103,11922,11,84,91,12,85,92],"class_list":["post-586670","post","type-post","status-publish","format-standard","has-post-thumbnail","category-italia","tag-abbattuta","tag-coda","tag-cronaca","tag-cronaca-italiana","tag-cronacaitaliana","tag-grandine","tag-it","tag-italia","tag-italy","tag-news","tag-nord","tag-notizie","tag-pioggia","tag-serata","tag-tempesta","tag-temporali","tag-toscana","tag-ultime-notizie","tag-ultime-notizie-e-news-di-oggi","tag-ultime-notizie-italia","tag-ultimenotizie","tag-ultimenotizieenewsdioggi","tag-ultimenotizieitalia"],"share_on_mastodon":{"url":"https:\/\/pubeurope.com\/@it\/116926443731973253","error":""},"_links":{"self":[{"href":"https:\/\/www.europesays.com\/it\/wp-json\/wp\/v2\/posts\/586670","targetHints":{"allow":["GET"]}}],"collection":[{"href":"https:\/\/www.europesays.com\/it\/wp-json\/wp\/v2\/posts"}],"about":[{"href":"https:\/\/www.europesays.com\/it\/wp-json\/wp\/v2\/types\/post"}],"author":[{"embeddable":true,"href":"https:\/\/www.europesays.com\/it\/wp-json\/wp\/v2\/users\/3"}],"replies":[{"embeddable":true,"href":"https:\/\/www.europesays.com\/it\/wp-json\/wp\/v2\/comments?post=586670"}],"version-history":[{"count":0,"href":"https:\/\/www.europesays.com\/it\/wp-json\/wp\/v2\/posts\/586670\/revisions"}],"wp:featuredmedia":[{"embeddable":true,"href":"https:\/\/www.europesays.com\/it\/wp-json\/wp\/v2\/media\/586671"}],"wp:attachment":[{"href":"https:\/\/www.europesays.com\/it\/wp-json\/wp\/v2\/media?parent=586670"}],"wp:term":[{"taxonomy":"category","embeddable":true,"href":"https:\/\/www.europesays.com\/it\/wp-json\/wp\/v2\/categories?post=586670"},{"taxonomy":"post_tag","embeddable":true,"href":"https:\/\/www.europesays.com\/it\/wp-json\/wp\/v2\/tags?post=586670"}],"curies":[{"name":"wp","href":"https:\/\/api.w.org\/{rel}","templated":true}]}}