{"id":586736,"date":"2026-07-15T23:58:17","date_gmt":"2026-07-15T23:58:17","guid":{"rendered":"https:\/\/www.europesays.com\/it\/586736\/"},"modified":"2026-07-15T23:58:17","modified_gmt":"2026-07-15T23:58:17","slug":"come-e-nata-la-foto-del-2007-con-messi-e-baby-yamal","status":"publish","type":"post","link":"https:\/\/www.europesays.com\/it\/586736\/","title":{"rendered":"Come \u00e8 nata la foto del 2007 con Messi e baby Yamal"},"content":{"rendered":"<p>Lo scatto del 2007 faceva parte di un calendario solidale. I genitori di Lamine Yamal si erano iscritti a un sorteggio per far partecipare all&#8217;iniziativa il loro bambino<\/p>\n<p>\t\t\t<a href=\"https:\/\/google.com\/preferences\/source?q=open.online\" target=\"_blank\" rel=\"nofollow noopener\"><img loading=\"lazy\" decoding=\"async\" src=\"https:\/\/www.europesays.com\/it\/wp-content\/uploads\/2026\/05\/gps@2x.png\" alt=\"Google Preferred Site\" width=\"200\" height=\"63\"\/><\/a><\/p>\n<p class=\"wp-block-paragraph\">Un ragazzo di vent\u2019anni, ancora lontano dal diventare uno dei pi\u00f9 grandi calciatori della storia, si china su una vaschetta di plastica e prova a fare il bagnetto a un bambino di pochi mesi. Diciannove anni dopo, <a href=\"https:\/\/www.open.online\/temi\/leo-messi\/\" type=\"link\" id=\"https:\/\/www.open.online\/temi\/leo-messi\/\" rel=\"nofollow noopener\" target=\"_blank\"><strong>Lionel Messi<\/strong> <\/a>e <strong>Lamine Yamal <\/strong>si ritroveranno uno contro l\u2019altro nella finale dei Mondiali che si giocher\u00e0 domenica 19 luglio. L\u2019Argentina ha conquistato l\u2019ultimo posto disponibile battendo l\u2019Inghilterra per 2-1, mentre la Spagna aveva superato la Francia per 2-0. <\/p>\n<p class=\"wp-block-paragraph\">La fotografia che \u00e8 tornata a circolare sui social non era nata da una normale pubblicit\u00e0 commerciale. Faceva parte del calendario solidale del 2008 realizzato dalla Fondazione del Barcellona e dal quotidiano catalano Sport per <strong>raccogliere fondi a favore dell\u2019Unicef<\/strong> e dei progetti dedicati all\u2019infanzia. L\u2019iniziativa, avviata nel 2005, coinvolgeva i calciatori della prima squadra e bambini di diverse nazionalit\u00e0: la met\u00e0 dei ricavi ottenuti dalla vendita di quell\u2019edizione fu destinata all\u2019organizzazione delle Nazioni Unite.<\/p>\n<p>Il set al Camp Nou<\/p>\n<p class=\"wp-block-paragraph\"><strong>Il servizio fotografico fu realizzato nel 2007 <\/strong>negli spogliatoi riservati agli ospiti del Camp Nou. Messi aveva vent\u2019anni ed era gi\u00e0 considerato uno dei maggiori talenti del Barcellona, ma non aveva ancora vinto nessuno dei suoi Palloni d\u2019oro. Il bambino scelto per posare con lui aveva soltanto pochi mesi: era Lamine Yamal.<\/p>\n<p class=\"wp-block-paragraph\">Secondo la ricostruzione del<strong> fotografo Joan Monfort<\/strong>, l\u2019Unicef aveva organizzato un sorteggio nel quartiere di Rocafonda, a Matar\u00f3, dove viveva la famiglia del futuro calciatore spagnolo. I genitori si erano iscritti per avere la possibilit\u00e0 di partecipare al calendario insieme a un giocatore del Bar\u00e7a. Vinsero e l\u2019abbinamento con Messi avvenne casualmente. <\/p>\n<p class=\"wp-block-paragraph\">La scena non fu semplice da realizzare. Monfort ha raccontato che <strong>Messi era molto timido <\/strong>e inizialmente non sapeva bene come tenere il neonato. Si era trovato improvvisamente davanti a una vaschetta piena d\u2019acqua, con il bambino, la madre e una papera di gomma utilizzata come oggetto di scena. Dopo qualche esitazione, per\u00f2, il calciatore del Barcellona riusc\u00ec a prendere confidenza con il bambino e il fotografo realizz\u00f2 una serie di immagini nelle quali Messi lava, tiene in braccio e avvolge Yamal in un asciugamano.<\/p>\n<p>La foto riscoperta dal padre di Yamal<\/p>\n<p class=\"wp-block-paragraph\">Per quasi diciassette anni quelle fotografie sono rimaste dimenticate negli archivi. Lo stesso <strong>Monfort non sapeva che il bambino fosse diventato un calciatore professionista<\/strong>. La storia \u00e8 riemersa nel luglio del 2024, durante gli Europei, quando il padre di Yamal, Mounir Nasraoui, pubblic\u00f2 uno degli scatti su Instagram accompagnandolo con la frase: \u00abL\u2019inizio di due leggende\u00bb.<\/p>\n<p class=\"wp-block-paragraph\">In quel momento<a href=\"https:\/\/www.open.online\/2024\/07\/10\/lamine-yamal-chi-e-attaccante-spagna-barcellona-eta\/\" type=\"link\" id=\"https:\/\/www.open.online\/2024\/07\/10\/lamine-yamal-chi-e-attaccante-spagna-barcellona-eta\/\" rel=\"nofollow noopener\" target=\"_blank\"> Yamal aveva sedici anni <\/a>e stava trascinando la Spagna verso la vittoria dell\u2019Europeo, mentre Messi era impegnato con l\u2019Argentina nella Copa Am\u00e9rica. La fotografia divent\u00f2 cos\u00ec il simbolo del <strong>passaggio ideale tra due generazioni del Barcellona<\/strong>: il campione che aveva segnato un\u2019epoca e il ragazzo indicato come uno dei suoi possibili eredi.<\/p>\n<p class=\"wp-block-paragraph\">Ora l\u2019immagine acquista un significato ancora pi\u00f9 potente. Domenica Messi e Yamal non saranno pi\u00f9 il giovane calciatore impacciato e il bambino nella vaschetta, ma i <strong>protagonisti della finale pi\u00f9 importante<\/strong>.<\/p>\n","protected":false},"excerpt":{"rendered":"Lo scatto del 2007 faceva parte di un calendario solidale. I genitori di Lamine Yamal si erano iscritti&hellip;\n","protected":false},"author":3,"featured_media":586737,"comment_status":"","ping_status":"","sticky":false,"template":"","format":"standard","meta":{"footnotes":"","_share_on_mastodon":"0"},"categories":[1452],"tags":[2648,323287,694,351,2281,1952,721,8597,323288,63620,242852,1112,1426,1740,228,4663,2805,2753,6402,11912,1537,90,89,50737,33787,426,59,323285,6707,242853,3608,323289,6418,2466,5402,1739,245,244,323286,53637],"class_list":["post-586736","post","type-post","status-publish","format-standard","has-post-thumbnail","category-calcio","tag-argentina","tag-bagnetto","tag-bambino","tag-barcellona","tag-calciatore","tag-calciatori","tag-calcio","tag-calendario","tag-calendario-solidale","tag-camp","tag-camp-nou","tag-domenica","tag-finale","tag-football","tag-foto","tag-fotografia","tag-fotografo","tag-genitori","tag-iniziativa","tag-iscritti","tag-it","tag-italia","tag-italy","tag-lamine","tag-lamine-yamal","tag-luglio","tag-messi","tag-monfort","tag-nata","tag-nou","tag-padre","tag-padre-yamal","tag-partecipare","tag-pochi","tag-ragazzo","tag-soccer","tag-sport","tag-sports","tag-vaschetta","tag-yamal"],"share_on_mastodon":{"url":"https:\/\/pubeurope.com\/@it\/116926711425684650","error":""},"_links":{"self":[{"href":"https:\/\/www.europesays.com\/it\/wp-json\/wp\/v2\/posts\/586736","targetHints":{"allow":["GET"]}}],"collection":[{"href":"https:\/\/www.europesays.com\/it\/wp-json\/wp\/v2\/posts"}],"about":[{"href":"https:\/\/www.europesays.com\/it\/wp-json\/wp\/v2\/types\/post"}],"author":[{"embeddable":true,"href":"https:\/\/www.europesays.com\/it\/wp-json\/wp\/v2\/users\/3"}],"replies":[{"embeddable":true,"href":"https:\/\/www.europesays.com\/it\/wp-json\/wp\/v2\/comments?post=586736"}],"version-history":[{"count":0,"href":"https:\/\/www.europesays.com\/it\/wp-json\/wp\/v2\/posts\/586736\/revisions"}],"wp:featuredmedia":[{"embeddable":true,"href":"https:\/\/www.europesays.com\/it\/wp-json\/wp\/v2\/media\/586737"}],"wp:attachment":[{"href":"https:\/\/www.europesays.com\/it\/wp-json\/wp\/v2\/media?parent=586736"}],"wp:term":[{"taxonomy":"category","embeddable":true,"href":"https:\/\/www.europesays.com\/it\/wp-json\/wp\/v2\/categories?post=586736"},{"taxonomy":"post_tag","embeddable":true,"href":"https:\/\/www.europesays.com\/it\/wp-json\/wp\/v2\/tags?post=586736"}],"curies":[{"name":"wp","href":"https:\/\/api.w.org\/{rel}","templated":true}]}}