{"id":586899,"date":"2026-07-16T02:42:28","date_gmt":"2026-07-16T02:42:28","guid":{"rendered":"https:\/\/www.europesays.com\/it\/586899\/"},"modified":"2026-07-16T02:42:28","modified_gmt":"2026-07-16T02:42:28","slug":"il-vescovado-paolo-sorrentino-a-vietri-sul-mare-firma-un-piatto-alla-ceramica-solimene-dopo-il-trionfo-ai-nastri-dargento","status":"publish","type":"post","link":"https:\/\/www.europesays.com\/it\/586899\/","title":{"rendered":"Il Vescovado &#8211; Paolo Sorrentino a Vietri sul Mare: firma un piatto alla Ceramica Solimene dopo il trionfo ai Nastri d\u2019Argento"},"content":{"rendered":"<p><img decoding=\"async\" class=\"full\" src=\"https:\/\/www.europesays.com\/it\/wp-content\/uploads\/2026\/07\/paolo-sorrentino-a-vietri-sul-mare-firma-un-piatt-374443.webp\" alt=\"\"\/><\/p>\n<p><a href=\"https:\/\/www.amalfiboats.it\" target=\"_blank\" rel=\"nofollow noopener\"><img decoding=\"async\" src=\"https:\/\/www.europesays.com\/it\/wp-content\/uploads\/2026\/03\/amalfi-boats-costiera-amalfitana-charter-noleggi-332.webp.webp\" alt=\"Amalfi Boats Costiera Amalfitana, Charter, Noleggio imbarcazioni, Luxury Boats, Positano, Li Galli, Capri, Escursioni\"\/><\/a><\/p>\n<p>Una visita che unisce cinema, arte e tradizione. Paolo Sorrentino, fresco del trionfo ai Nastri d&#8217;Argento 2026, ha fatto tappa a Vietri sul Mare, dove \u00e8 stato ospite della storica Ceramica Artistica Solimene, eccellenza internazionale della ceramica vietrese.<\/p>\n<p>Il regista premio Oscar ha voluto lasciare un segno del suo passaggio firmando un piatto in ceramica che entrer\u00e0 a far parte della collezione delle firme illustri custodita dalla storica manifattura, meta negli anni di artisti, attori, registi e personalit\u00e0 della cultura.<\/p>\n<p><a href=\"https:\/\/www.amalficharter.it\" target=\"_blank\" rel=\"nofollow noopener\"><img decoding=\"async\" src=\"https:\/\/www.europesays.com\/it\/wp-content\/uploads\/2026\/03\/amalfi-charter-prenota-la-tua-escursione-via-mare-293.webp.webp\" alt=\"Amalfi Charter, prenota la tua escursione via mare in Costiera Amalfitana\"\/><\/a><\/p>\n<p>La visita arriva a pochi giorni dallo straordinario successo di &#8220;La Grazia&#8221;, che ai Nastri d&#8217;Argento ha conquistato ben otto riconoscimenti: Miglior Film, Miglior Regia e Miglior Sceneggiatura a Paolo Sorrentino, Miglior Attore Protagonista a Toni Servillo, Miglior Attrice Protagonista ad Anna Ferzetti, Miglior Attrice Non Protagonista a Milvia Marigliano, Miglior Fotografia a Daria D&#8217;Antonio e Miglior Sonoro in presa diretta a Emanuele Cecere e Mirko Perri. Riconoscimento anche alla produzione The Apartment, societ\u00e0 del gruppo Fremantle, in associazione con Numero 10 e PiperFilm.<\/p>\n<p>La presenza del regista in Costiera Amalfitana non \u00e8 passata inosservata. La bellezza dei paesaggi, la luce, i colori e l&#8217;atmosfera senza tempo di Vietri e dell&#8217;intera costa rappresentano da sempre un richiamo per artisti e cineasti. E allora la domanda sorge spontanea: che Paolo Sorrentino sia in Costiera anche per cercare nuove suggestioni e ambientazioni per un futuro film?<\/p>\n<p>Per ora resta il fascino di una visita che lega uno dei pi\u00f9 grandi registi contemporanei a uno dei simboli dell&#8217;artigianato italiano, in un incontro tra cinema e ceramica destinato a lasciare il segno.<\/p>\n<p><b>Se sei arrivato fino a qui<\/b>, significa che apprezzi il nostro impegno nel fornire notizie libere e accessibili a tutti.<\/p>\n<p>Per garantire un ambiente sicuro per i nostri lettori, abbiamo rimosso tutta la pubblicit\u00e0 invasiva, i cookie e i tracciamenti di terze parti.<\/p>\n<p>Tuttavia, per continuare a offrirti un&#8217;informazione di qualit\u00e0, il tuo aiuto \u00e8 fondamentale. Anche un piccolo contributo pu\u00f2 fare la differenza.<\/p>\n<p>Sostieni <b>Il Vescovado!<\/b><\/p>\n<p>Scegli il tuo contributo con <img loading=\"lazy\" decoding=\"async\" src=\"https:\/\/www.europesays.com\/it\/wp-content\/uploads\/2025\/07\/logo-paypal.webp.webp\" width=\"128\" height=\"33\" alt=\"\"\/><\/p>\n<p>Per rimanere costantemente aggiornati con le notizie del Vescovado, in tempo reale sul tuo smartphone, scarica la App!<\/p>\n<tr>\n<td>\nPer dispositivi<br \/><b>Apple<\/b>\n<\/td>\n<td>\nPer dispositivi<br \/><b>Android<\/b>\n<\/td>\n<\/tr>\n<tr>\n<td><a target=\"_blank\" href=\"https:\/\/itunes.apple.com\/it\/app\/il-vescovado\/id1190109330\" rel=\"nofollow noopener\"><img loading=\"lazy\" decoding=\"async\" src=\"https:\/\/www.europesays.com\/it\/wp-content\/uploads\/2025\/07\/phone-apple.webp.webp\" width=\"90\" height=\"183\" alt=\"\"\/><\/a><\/td>\n<td><a target=\"_blank\" href=\"https:\/\/play.google.com\/store\/apps\/details?id=it.ilvescovado.droid\" rel=\"nofollow noopener\"><img loading=\"lazy\" decoding=\"async\" src=\"https:\/\/www.europesays.com\/it\/wp-content\/uploads\/2025\/07\/phone-android.webp.webp\" width=\"90\" height=\"183\" alt=\"\"\/><\/a><\/td>\n<\/tr>\n","protected":false},"excerpt":{"rendered":"Una visita che unisce cinema, arte e tradizione. Paolo Sorrentino, fresco del trionfo ai Nastri d&#8217;Argento 2026, ha&hellip;\n","protected":false},"author":3,"featured_media":586900,"comment_status":"","ping_status":"","sticky":false,"template":"","format":"standard","meta":{"footnotes":"","_share_on_mastodon":"0"},"categories":[1451],"tags":[22444,22453,22456,8818,1621,1620,11693,200855,22454,6288,22457,203,626,22458,7889,204,1537,90,89,22451,22445,13750,15,477,22447,22450,22443,22452,22448,22446,22442,22455,13552,22441],"class_list":["post-586899","post","type-post","status-publish","format-standard","has-post-thumbnail","category-celebrita","tag-amalfi-news","tag-atrani","tag-attualit","tag-campania","tag-celebrita","tag-celebrities","tag-comunicazione","tag-costa-d39amalfi","tag-costa-di-amalfi","tag-costiera-amalfitana","tag-curiosit","tag-entertainment","tag-eventi","tag-il-vescovado","tag-informazione","tag-intrattenimento","tag-it","tag-italia","tag-italy","tag-maiori","tag-maiori-news","tag-minori","tag-notizie","tag-politica","tag-portale-online-della-costa-di-amalfi","tag-positano","tag-positano-news","tag-praiano","tag-provincia-di-salerno","tag-quotidiano-on-line","tag-ravello-news","tag-ricorrenze","tag-scala","tag-vescovado"],"share_on_mastodon":{"url":"","error":"Validation failed: Text character limit of 500 exceeded"},"_links":{"self":[{"href":"https:\/\/www.europesays.com\/it\/wp-json\/wp\/v2\/posts\/586899","targetHints":{"allow":["GET"]}}],"collection":[{"href":"https:\/\/www.europesays.com\/it\/wp-json\/wp\/v2\/posts"}],"about":[{"href":"https:\/\/www.europesays.com\/it\/wp-json\/wp\/v2\/types\/post"}],"author":[{"embeddable":true,"href":"https:\/\/www.europesays.com\/it\/wp-json\/wp\/v2\/users\/3"}],"replies":[{"embeddable":true,"href":"https:\/\/www.europesays.com\/it\/wp-json\/wp\/v2\/comments?post=586899"}],"version-history":[{"count":0,"href":"https:\/\/www.europesays.com\/it\/wp-json\/wp\/v2\/posts\/586899\/revisions"}],"wp:featuredmedia":[{"embeddable":true,"href":"https:\/\/www.europesays.com\/it\/wp-json\/wp\/v2\/media\/586900"}],"wp:attachment":[{"href":"https:\/\/www.europesays.com\/it\/wp-json\/wp\/v2\/media?parent=586899"}],"wp:term":[{"taxonomy":"category","embeddable":true,"href":"https:\/\/www.europesays.com\/it\/wp-json\/wp\/v2\/categories?post=586899"},{"taxonomy":"post_tag","embeddable":true,"href":"https:\/\/www.europesays.com\/it\/wp-json\/wp\/v2\/tags?post=586899"}],"curies":[{"name":"wp","href":"https:\/\/api.w.org\/{rel}","templated":true}]}}