{"id":586901,"date":"2026-07-16T02:43:24","date_gmt":"2026-07-16T02:43:24","guid":{"rendered":"https:\/\/www.europesays.com\/it\/586901\/"},"modified":"2026-07-16T02:43:24","modified_gmt":"2026-07-16T02:43:24","slug":"il-vescovado-minori-celebra-la-divina-con-la-mostra-5-pittori-e-la-costiera","status":"publish","type":"post","link":"https:\/\/www.europesays.com\/it\/586901\/","title":{"rendered":"Il Vescovado &#8211; Minori celebra la Divina con la mostra &#8220;5 Pittori e la Costiera&#8221;"},"content":{"rendered":"<p>Il Vescovado &#8211; Minori celebra la Divina con la mostra &#8220;5 Pittori e la Costiera&#8221;<\/p>\n<p>\n<a href=\"https:\/\/www.africanapraiano.com\/\" data-id=\"483\" data-position=\"4\" target=\"_blank\" rel=\"nofollow noopener\"><img loading=\"lazy\" decoding=\"async\" src=\"https:\/\/www.europesays.com\/it\/wp-content\/uploads\/2026\/07\/le-grotte-dell-africana-a-praiano-in-costiera-amal-483.webp\" width=\"1050\" height=\"1312\" title=\"Le Grotte dell'Africana a Praiano in Costiera Amalfitana - Live Music Lounge Bar - Restaurant &amp; Club - Dinner Show\" alt=\"Le Grotte dell'Africana a Praiano in Costiera Amalfitana - Live Music Lounge Bar - Restaurant &amp; Club - Dinner Show\"\/><\/a>\n<\/p>\n<p>\nTu sei qui:<br \/>\n<a href=\"https:\/\/www.ilvescovado.it\/it\/arte-e-teatro-57\/\" rel=\"nofollow noopener\" target=\"_blank\">Arte e Teatro<\/a>Minori celebra la Divina con la mostra &#8220;5 Pittori e la Costiera&#8221;\n<\/p>\n<p>Arte e cultura<br \/>\nMinori celebra la Divina con la mostra &#8220;5 Pittori e la Costiera&#8221;<br \/>\nDal 18 al 31 luglio gli spazi di AD9 Arte, in Corso Vittorio Emanuele 26, ospiteranno le opere di Vittorio Abbate, Vito Barra, Antonio Daponte, Giovanni Gargano e Giuseppe Ruocco. Inaugurazione sabato 18 luglio alle ore 20.<\/p>\n<p>\nInserito da (Redazione il Vescovado Notizie),<br \/>\nmercoled\u00ec 15 luglio 2026 13:07:27\n<\/p>\n<p><img decoding=\"async\" class=\"full\" src=\"https:\/\/www.europesays.com\/it\/wp-content\/uploads\/2026\/07\/minori-celebra-la-divina-con-la-mostra-5-pittori-374460.webp\" alt=\"\"\/><\/p>\n<p>Tra gli appuntamenti culturali dell&#8217;estate in Costiera Amalfitana si inserisce la mostra <strong>&#8220;5 Pittori e la Costiera&#8221;<\/strong>, promossa da <strong>AD9 Arte<\/strong>, che dal <strong>18 al 31 luglio<\/strong> trasformer\u00e0 i propri spazi espositivi di <strong>Corso Vittorio Emanuele 26<\/strong>, a Minori, in una vetrina dedicata ai colori, ai paesaggi e alle atmosfere della Divina.<\/p>\n<p>L&#8217;esposizione riunisce cinque artisti locali &#8211; <strong>Vittorio Abbate, Vito Barra, Antonio Daponte, Giovanni Gargano e Giuseppe Ruocco<\/strong> &#8211; accomunati dall&#8217;amore per la Costiera Amalfitana, ma interpreti di linguaggi pittorici differenti. Ognuno, attraverso il proprio stile e la propria tecnica espressiva, offre una personale lettura del territorio, raccontandone scorci, vedute e suggestioni che da sempre ispirano artisti e viaggiatori.<\/p>\n<p>La collettiva rappresenta un&#8217;occasione per scoprire come uno stesso paesaggio possa essere reinterpretato attraverso sensibilit\u00e0 artistiche diverse, dando vita a un percorso espositivo che valorizza il patrimonio naturale, storico e culturale della Costiera.<\/p>\n<p>L&#8217;inaugurazione \u00e8 in programma sabato<strong> 18 luglio alle ore 20<\/strong>, mentre la mostra rester\u00e0 aperta al pubblico fino al <strong>31 luglio<\/strong>, con orario <strong>10.00-13.00<\/strong> e <strong>18.00-22.00<\/strong>.<\/p>\n<p><b>Se sei arrivato fino a qui<\/b>, significa che apprezzi il nostro impegno nel fornire notizie libere e accessibili a tutti.<\/p>\n<p>Per garantire un ambiente sicuro per i nostri lettori, abbiamo rimosso tutta la pubblicit\u00e0 invasiva, i cookie e i tracciamenti di terze parti.<\/p>\n<p>Tuttavia, per continuare a offrirti un&#8217;informazione di qualit\u00e0, il tuo aiuto \u00e8 fondamentale. Anche un piccolo contributo pu\u00f2 fare la differenza.<\/p>\n<p>Sostieni <b>Il Vescovado!<\/b><\/p>\n<p>Scegli il tuo contributo con <img loading=\"lazy\" decoding=\"async\" src=\"https:\/\/www.europesays.com\/it\/wp-content\/uploads\/2025\/07\/logo-paypal.webp.webp\" width=\"128\" height=\"33\" alt=\"\"\/><\/p>\n<p>Per rimanere costantemente aggiornati con le notizie del Vescovado, in tempo reale sul tuo smartphone, scarica la App!<\/p>\n<tr>\n<td>\nPer dispositivi<br \/><b>Apple<\/b>\n<\/td>\n<td>\nPer dispositivi<br \/><b>Android<\/b>\n<\/td>\n<\/tr>\n<tr>\n<td><a target=\"_blank\" href=\"https:\/\/itunes.apple.com\/it\/app\/il-vescovado\/id1190109330\" rel=\"nofollow noopener\"><img loading=\"lazy\" decoding=\"async\" src=\"https:\/\/www.europesays.com\/it\/wp-content\/uploads\/2025\/07\/phone-apple.webp.webp\" width=\"90\" height=\"183\" alt=\"\"\/><\/a><\/td>\n<td><a target=\"_blank\" href=\"https:\/\/play.google.com\/store\/apps\/details?id=it.ilvescovado.droid\" rel=\"nofollow noopener\"><img loading=\"lazy\" decoding=\"async\" src=\"https:\/\/www.europesays.com\/it\/wp-content\/uploads\/2025\/07\/phone-android.webp.webp\" width=\"90\" height=\"183\" alt=\"\"\/><\/a><\/td>\n<\/tr>\n<p>Galleria Fotografica<\/p>\n<p><img loading=\"lazy\" decoding=\"async\" src=\"https:\/\/www.europesays.com\/it\/wp-content\/uploads\/2026\/07\/minori-celebra-la-divina-con-la-mostra-5-pittori-374459.webp\" width=\"500\" height=\"500\" alt=\"\" title=\"Minori celebra la Divina con la mostra 5 Pittori e la Costiera\"\/><\/p>\n<p><img loading=\"lazy\" decoding=\"async\" src=\"https:\/\/www.europesays.com\/it\/wp-content\/uploads\/2026\/07\/1784169803_724_minori-celebra-la-divina-con-la-mostra-5-pittori-374460.webp\" width=\"500\" height=\"500\" alt=\"\" title=\"Minori celebra la Divina con la mostra 5 Pittori e la Costiera\"\/><\/p>\n<p class=\"partialArticleVisitsCounter\">rank: 10185105<\/p>\n<p>\nCopyright \u00a9 2026<br \/><b>Il Vescovado<\/b> &#8211; <b>Il portale online della Costa d&#8217;Amalfi<\/b>\n<\/p>\n<p>\nSede legale:<br \/>C.so Reginna 108 &#8211; 84010 Maiori (Salerno)<br \/>P.IVA: 04599690650<\/p>\n<p>ilvescovado.it \u00e8 un blog editoriale realizzato in\u00a0Costa\u00a0d&#8217;Amalfi.<\/p>\n<p><a href=\"https:\/\/www.ilvescovado.it\/it\/privacy\" rel=\"nofollow noopener\" target=\"_blank\">Privacy Policy<\/a> <a href=\"https:\/\/www.ilvescovado.it\/it\/cookie\" rel=\"nofollow noopener\" target=\"_blank\">Cookie Policy<\/a> <a href=\"https:\/\/www.ilvescovado.it\/it\/trasparenza\" rel=\"nofollow noopener\" target=\"_blank\">Trasparenza<\/a><\/p>\n<p>Per rimanere costantemente aggiornati con le notizie del Vescovado, in tempo reale sul tuo smartphone, scarica la App!<\/p>\n<p>\n<a target=\"_blank\" href=\"https:\/\/itunes.apple.com\/it\/app\/il-vescovado\/id1190109330\" rel=\"nofollow noopener\"><img loading=\"lazy\" decoding=\"async\" src=\"https:\/\/www.europesays.com\/it\/wp-content\/uploads\/2025\/07\/store-appstore.webp.webp\" width=\"175\" height=\"60\" alt=\"App Store\"\/><\/a><br \/>\n<a target=\"_blank\" href=\"https:\/\/play.google.com\/store\/apps\/details?id=it.ilvescovado.droid\" rel=\"nofollow noopener\"><img loading=\"lazy\" decoding=\"async\" src=\"https:\/\/www.europesays.com\/it\/wp-content\/uploads\/2025\/07\/store-googleplay.webp.webp\" width=\"175\" height=\"60\" alt=\"Google Play\"\/><\/a><\/p>\n","protected":false},"excerpt":{"rendered":"Il Vescovado &#8211; Minori celebra la Divina con la mostra &#8220;5 Pittori e la Costiera&#8221; Tu sei qui:&hellip;\n","protected":false},"author":3,"featured_media":586902,"comment_status":"","ping_status":"","sticky":false,"template":"","format":"standard","meta":{"footnotes":"","_share_on_mastodon":"0"},"categories":[1446],"tags":[22444,1615,1613,1614,1611,1610,22453,22456,8818,11693,200855,22454,6288,22457,1612,203,626,22458,7889,204,1537,90,89,22451,22445,13750,15,477,22447,22450,22443,22452,22448,22446,22442,22455,13552,22441],"class_list":["post-586901","post","type-post","status-publish","format-standard","has-post-thumbnail","category-arte-e-design","tag-amalfi-news","tag-arte","tag-arte-e-design","tag-arteedesign","tag-arts","tag-arts-and-design","tag-atrani","tag-attualit","tag-campania","tag-comunicazione","tag-costa-d39amalfi","tag-costa-di-amalfi","tag-costiera-amalfitana","tag-curiosit","tag-design","tag-entertainment","tag-eventi","tag-il-vescovado","tag-informazione","tag-intrattenimento","tag-it","tag-italia","tag-italy","tag-maiori","tag-maiori-news","tag-minori","tag-notizie","tag-politica","tag-portale-online-della-costa-di-amalfi","tag-positano","tag-positano-news","tag-praiano","tag-provincia-di-salerno","tag-quotidiano-on-line","tag-ravello-news","tag-ricorrenze","tag-scala","tag-vescovado"],"share_on_mastodon":{"url":"","error":"Validation failed: Text character limit of 500 exceeded"},"_links":{"self":[{"href":"https:\/\/www.europesays.com\/it\/wp-json\/wp\/v2\/posts\/586901","targetHints":{"allow":["GET"]}}],"collection":[{"href":"https:\/\/www.europesays.com\/it\/wp-json\/wp\/v2\/posts"}],"about":[{"href":"https:\/\/www.europesays.com\/it\/wp-json\/wp\/v2\/types\/post"}],"author":[{"embeddable":true,"href":"https:\/\/www.europesays.com\/it\/wp-json\/wp\/v2\/users\/3"}],"replies":[{"embeddable":true,"href":"https:\/\/www.europesays.com\/it\/wp-json\/wp\/v2\/comments?post=586901"}],"version-history":[{"count":0,"href":"https:\/\/www.europesays.com\/it\/wp-json\/wp\/v2\/posts\/586901\/revisions"}],"wp:featuredmedia":[{"embeddable":true,"href":"https:\/\/www.europesays.com\/it\/wp-json\/wp\/v2\/media\/586902"}],"wp:attachment":[{"href":"https:\/\/www.europesays.com\/it\/wp-json\/wp\/v2\/media?parent=586901"}],"wp:term":[{"taxonomy":"category","embeddable":true,"href":"https:\/\/www.europesays.com\/it\/wp-json\/wp\/v2\/categories?post=586901"},{"taxonomy":"post_tag","embeddable":true,"href":"https:\/\/www.europesays.com\/it\/wp-json\/wp\/v2\/tags?post=586901"}],"curies":[{"name":"wp","href":"https:\/\/api.w.org\/{rel}","templated":true}]}}