{"id":586928,"date":"2026-07-16T03:12:32","date_gmt":"2026-07-16T03:12:32","guid":{"rendered":"https:\/\/www.europesays.com\/it\/586928\/"},"modified":"2026-07-16T03:12:32","modified_gmt":"2026-07-16T03:12:32","slug":"san-lorenzo-in-campo-conquista-lolanda-un-reality-tv-narra-i-suoi-successi","status":"publish","type":"post","link":"https:\/\/www.europesays.com\/it\/586928\/","title":{"rendered":"San Lorenzo in Campo conquista l\u2019Olanda: un reality tv narra i suoi successi"},"content":{"rendered":"<p>SAN LORENZO IN CAMPO &#8211; Il verde delle colline della Valcesano abbraccia l\u2019orange, il colore nazionale dei Paesi Bassi. Tra San Lorenzo in Campo e Pergola il turismo cresce e parla sempre pi\u00f9 olandese. Negli ultimi anni si \u00e8 registrato un boom straordinario, che ha coinciso con l\u2019apertura del Camping Sempreverde da parte della famiglia Tammenga, trasferitasi nel 2016 nel centro cesanense.  <\/p>\n<p>&#13;<\/p>\n<p>APPROFONDIMENTI<\/p>\n<p>&#13;<\/p>\n<p>&#13;<\/p>\n<p>                <a href=\"https:\/\/www.corriereadriatico.it\/pesaro\/montemaggiore_incendio_panno_agricolo_ferito_intossicato_come_sta_fuoco_fumo-9650469.html\" title=\"Montemaggiore, scoppia l&#039;incendio nel capanno agricolo: una persona all&#039;ospedale\" rel=\"nofollow noopener\" target=\"_blank\"><img loading=\"lazy\" decoding=\"async\" src=\"https:\/\/www.europesays.com\/it\/wp-content\/uploads\/2026\/07\/9650469_14092749_whatsapp_image_2026_07_14_at_08.26.23.jpg\" title=\"Montemaggiore, scoppia l'incendio nel capanno agricolo: una persona all'ospedale\" width=\"264\" height=\"144\"\/><\/a>            <\/p>\n<p>    &#13;<\/p>\n<p>    &#13;<\/p>\n<p>I numeri  <\/p>\n<p>Solamente l\u2019anno scorso ha accolto oltre 2000 turisti da Olanda, Belgio e Nord Europa, con pi\u00f9 di 15000 presenze complessive, circa cinque volte il numero della popolazione laurentina. <\/p>\n<p>E anche questa estate sono tanti coloro che hanno scelto l\u2019oasi verde per trascorrere le vacanze. Il traguardo dei dieci anni di attivit\u00e0 \u00e8 stato celebrato nella splendida struttura ricettiva, dove per l\u2019occasione si sono anche inaugurati alcuni nuovi servizi. Con i coniugi Tammenga, il sindaco Davide Dellonti e le telecamere della televisione pubblica olandese. La bellissima storia di integrazione e imprenditorialit\u00e0 \u00e8 stata infatti protagonista sin dai primi passi del celebre programma &#8220;Ik Vertrek&#8221;, uno dei reality pi\u00f9 seguiti nei Paesi Bassi, che dopo un decennio sono tornate per documentare novit\u00e0 e fare un bilancio. Orgoglioso il primo cittadino Dellonti: \u00abIl nostro splendido borgo supera i confini nazionali e conquista l&#8217;interesse internazionale, diventando un vero e proprio simbolo della bellezza e dell&#8217;accoglienza tipica delle Marche. Un enorme piacere celebrare questo traguardo importantissimo: i dieci anni dall&#8217;arrivo a San Lorenzo in Campo della famiglia Tammenga, che con passione e dedizione si \u00e8 integrata perfettamente nella nostra comunit\u00e0 e svolge la loro attivit\u00e0 ricettiva con grande successo.<\/p>\n<p>I Tammenga sono molto attivi anche nel promuovere tutto il territorio, facendo conoscere ai turisti le bellezze di San Lorenzo in Campo, dei comuni limitrofi e del territorio regionale\u00bb. E un ruolo molto importante a livello promozionale \u00e8 stato quello della televisione dei Paesi Bassi, con il reality che racconta le storie di famiglie olandesi che decidono di lasciare il proprio Paese per trasferirsi all\u2019estero e costruire una nuova vita. <\/p>\n<p>Il sindaco  <\/p>\n<p>Ogni puntata accompagna tantissimi telespettatori alla scoperta di territori che diventano esempi di ospitalit\u00e0, integrazione, imprenditorialit\u00e0 e nuove opportunit\u00e0: \u00abAttraverso le immagini \u2013 prosegue Dellonti &#8211; milioni di spettatori hanno potuto scoprire le nostre dolci colline, la nostra cultura, la cucina tipica e il calore dell&#8217;accoglienza marchigiana. Rinnovo i pi\u00f9 sentiti complimenti alla famiglia Tammenga\u00bb. <\/p>\n","protected":false},"excerpt":{"rendered":"SAN LORENZO IN CAMPO &#8211; Il verde delle colline della Valcesano abbraccia l\u2019orange, il colore nazionale dei Paesi&hellip;\n","protected":false},"author":3,"featured_media":586929,"comment_status":"","ping_status":"","sticky":false,"template":"","format":"standard","meta":{"footnotes":"","_share_on_mastodon":"0"},"categories":[1444],"tags":[203,204,1537,90,89,34942,19432,323453,253],"class_list":["post-586928","post","type-post","status-publish","format-standard","has-post-thumbnail","category-tv","tag-entertainment","tag-intrattenimento","tag-it","tag-italia","tag-italy","tag-olanda","tag-reality","tag-san-lorenzo-in-campo","tag-tv"],"share_on_mastodon":{"url":"https:\/\/pubeurope.com\/@it\/116927473626987225","error":""},"_links":{"self":[{"href":"https:\/\/www.europesays.com\/it\/wp-json\/wp\/v2\/posts\/586928","targetHints":{"allow":["GET"]}}],"collection":[{"href":"https:\/\/www.europesays.com\/it\/wp-json\/wp\/v2\/posts"}],"about":[{"href":"https:\/\/www.europesays.com\/it\/wp-json\/wp\/v2\/types\/post"}],"author":[{"embeddable":true,"href":"https:\/\/www.europesays.com\/it\/wp-json\/wp\/v2\/users\/3"}],"replies":[{"embeddable":true,"href":"https:\/\/www.europesays.com\/it\/wp-json\/wp\/v2\/comments?post=586928"}],"version-history":[{"count":0,"href":"https:\/\/www.europesays.com\/it\/wp-json\/wp\/v2\/posts\/586928\/revisions"}],"wp:featuredmedia":[{"embeddable":true,"href":"https:\/\/www.europesays.com\/it\/wp-json\/wp\/v2\/media\/586929"}],"wp:attachment":[{"href":"https:\/\/www.europesays.com\/it\/wp-json\/wp\/v2\/media?parent=586928"}],"wp:term":[{"taxonomy":"category","embeddable":true,"href":"https:\/\/www.europesays.com\/it\/wp-json\/wp\/v2\/categories?post=586928"},{"taxonomy":"post_tag","embeddable":true,"href":"https:\/\/www.europesays.com\/it\/wp-json\/wp\/v2\/tags?post=586928"}],"curies":[{"name":"wp","href":"https:\/\/api.w.org\/{rel}","templated":true}]}}