{"id":587054,"date":"2026-07-16T05:23:23","date_gmt":"2026-07-16T05:23:23","guid":{"rendered":"https:\/\/www.europesays.com\/it\/587054\/"},"modified":"2026-07-16T05:23:23","modified_gmt":"2026-07-16T05:23:23","slug":"milan-e-mercato-100-milioni-spesi-quinto-in-europa-chi-lo-batte","status":"publish","type":"post","link":"https:\/\/www.europesays.com\/it\/587054\/","title":{"rendered":"Milan e mercato, 100 milioni spesi: quinto in Europa. Chi lo batte?"},"content":{"rendered":"<p>                                Il club ha stanziato oltre 70 milioni per Ramos e 30 per Gila. Siamo in tripla cifra, ai livelli del Bayern. Soltanto in Premier spendono di pi\u00f9, addirittura&#8230; con un solo giocatore<\/p>\n<p>            <a class=\"image is-50x50\" href=\"https:\/\/www.gazzetta.it\/redazione\/luca-bianchin\/\" rel=\"nofollow noopener\" target=\"_blank\"><br \/>\n                <img decoding=\"async\" class=\"is-rounded\" src=\"https:\/\/www.europesays.com\/it\/wp-content\/uploads\/2025\/11\/luca_bianchin_avatar.png\" alt=\"Luca Bianchin\"\/><br \/>\n            <\/a><\/p>\n<p>Giornalista<\/p>\n<p>                    15 luglio &#8211; 17:37  &#8211; MILANO<\/p>\n<p class=\"paragraph\" spellcheck=\"true\">Il Milan non ha mai speso 200 milioni in un&#8217;estate e dopo due settimane di mercato \u00e8 gi\u00e0 a 100: oltre 70 milioni stanziati per Gon\u00e7alo Ramos, 30 milioni per Mario Gila. Non raddoppier\u00e0? Va bene ma lo sforzo \u00e8 evidente: comprare subito per prendere i primi obiettivi&#8230; e se \u00e8 necessario pagare un po&#8217; di pi\u00f9, si paga. Risultato: a quattro giorni dalla fine del Mondiale, il Milan \u00e8 tra le cinque squadre che hanno speso di pi\u00f9 in Europa (quindi nel mondo). Ovviamente, \u00e8 anche primo in Italia.\u00a0<\/p>\n<p>        perch\u00e9 il milan spende\u2014 \u00a0<\/p>\n<p class=\"paragraph\" spellcheck=\"true\">Come nasce l&#8217;accelerazione? Nasce in una data: 25 maggio 2026. E con una persona: Gerry Cardinale. GC quel giorno ha licenziato tutto il management e ha deciso di prendere in prima persona le decisioni strategiche del Milan, come mai aveva fatto prima. I due mesi successivi hanno confermato: Cardinale ha scelto Amorim, ha parlato con i candidati al ruolo di capo dell&#8217;area tecnica e ha schiacciato personalmente il bottone verde per Gon\u00e7alo Ramos e Mario Gila.\u00a0<\/p>\n<p>        chi spende di pi\u00f9\u2014 \u00a0<\/p>\n<p class=\"paragraph\" spellcheck=\"true\">I 100 milioni sono una soglia superata anche dal Bayern, che ha preso Saibari davanti e Nathaniel Brown a sinistra. Come il Milan: una punta e un difensore, per quanto con caratteristiche molto diverse. Sopra questo duo Milano-Monaco, ci sono solo squadre inglesi. Il Brighton e il Chelsea sono un gradino pi\u00f9 su.\u00a0Il Brighton ha preso Vuskovic, Yohanna, Struijk, Costinha, R\u00eago e Svoboda&#8230; e nel mazzo, il giocatore che attira di pi\u00f9 \u00e8 Luka Vuskovic: 19 anni, croato col nome giusto per i croati, difensore centrale di talento, gi\u00e0 titolare con Westerlo e Amburgo nelle ultime due stagioni. Il Chelsea invece l&#8217;ha presa larga e ha puntato sulle fasce: Palestra pi\u00f9 Quenda e tanti saluti alla concorrenza. Solo con loro, \u00e8 andato in tripla cifra.<\/p>\n<p><a class=\"is-partner-link\" href=\"https:\/\/abbonamenti.gazzetta.it\/de-promo-mondiali\/?pwcmp=cta&amp;forceBrowser=true\" rel=\"nofollow noopener\" target=\"_blank\">Gazzetta Mondiale: ogni notte un\u2019edizione straordinaria esclusiva. Non perdertela, abbonati a 1\u20ac\/mese!<\/a><\/p>\n<p>        i top del mercato\u2014 \u00a0<\/p>\n<p class=\"paragraph\" spellcheck=\"true\">Sopra tutto, sopra tutti, ci sono Man City e Tottenham. Hanno speso 100 milioni per un solo giocatore: Anderson per il City, Tonali per il Tottenham. Curiosamente, non due attaccanti come da tradizione del mercato ma due centrocampisti centrali.\u00a0Il resto non \u00e8 esattamente contorno. Il Tottenham ha preso anche Mateus Fernandes e Jan Paul van Hecke spaccando salvadanaio, cassaforte e tutto il conto corrente: \u00e8 gi\u00e0 molto oltre i 250 milioni di spesa, saldamente il club con pi\u00f9 investimenti in estate. Il City, giusto per arrotondare, ha aggiunto Detourbet, Monga e Charles. Se bastino per silenziare quella struggente\u00a0nostalgia guardioliana, decidetelo voi.<\/p>\n<p class=\"is-copyright\">\u00a9 RIPRODUZIONE RISERVATA<\/p>\n","protected":false},"excerpt":{"rendered":"Il club ha stanziato oltre 70 milioni per Ramos e 30 per Gila. Siamo in tripla cifra, ai&hellip;\n","protected":false},"author":3,"featured_media":587055,"comment_status":"","ping_status":"","sticky":false,"template":"","format":"standard","meta":{"footnotes":"","_share_on_mastodon":"0"},"categories":[1452],"tags":[8486,3067,721,843,5368,5370,631,820,554,4053,1533,3085,1740,3028,564,1975,39996,39997,323516,1537,90,89,4902,323517,1412,553,2672,1915,8559,24823,1739,47896,245,244,24868],"class_list":["post-587054","post","type-post","status-publish","format-standard","has-post-thumbnail","category-calcio","tag-bayern","tag-brighton","tag-calcio","tag-cardinale","tag-chelsea","tag-cifra","tag-cinque","tag-city","tag-club","tag-difensore","tag-estate","tag-europa","tag-football","tag-gila","tag-giocatore","tag-giusto","tag-goncalo","tag-goncalo-ramos","tag-goncalo-ramos-mario","tag-it","tag-italia","tag-italy","tag-mario","tag-mario-gila","tag-mercato","tag-milan","tag-nasce","tag-persona","tag-preso","tag-ramos","tag-soccer","tag-speso","tag-sport","tag-sports","tag-tottenham"],"share_on_mastodon":{"url":"https:\/\/pubeurope.com\/@it\/116927988991686734","error":""},"_links":{"self":[{"href":"https:\/\/www.europesays.com\/it\/wp-json\/wp\/v2\/posts\/587054","targetHints":{"allow":["GET"]}}],"collection":[{"href":"https:\/\/www.europesays.com\/it\/wp-json\/wp\/v2\/posts"}],"about":[{"href":"https:\/\/www.europesays.com\/it\/wp-json\/wp\/v2\/types\/post"}],"author":[{"embeddable":true,"href":"https:\/\/www.europesays.com\/it\/wp-json\/wp\/v2\/users\/3"}],"replies":[{"embeddable":true,"href":"https:\/\/www.europesays.com\/it\/wp-json\/wp\/v2\/comments?post=587054"}],"version-history":[{"count":0,"href":"https:\/\/www.europesays.com\/it\/wp-json\/wp\/v2\/posts\/587054\/revisions"}],"wp:featuredmedia":[{"embeddable":true,"href":"https:\/\/www.europesays.com\/it\/wp-json\/wp\/v2\/media\/587055"}],"wp:attachment":[{"href":"https:\/\/www.europesays.com\/it\/wp-json\/wp\/v2\/media?parent=587054"}],"wp:term":[{"taxonomy":"category","embeddable":true,"href":"https:\/\/www.europesays.com\/it\/wp-json\/wp\/v2\/categories?post=587054"},{"taxonomy":"post_tag","embeddable":true,"href":"https:\/\/www.europesays.com\/it\/wp-json\/wp\/v2\/tags?post=587054"}],"curies":[{"name":"wp","href":"https:\/\/api.w.org\/{rel}","templated":true}]}}