{"id":587121,"date":"2026-07-16T06:22:16","date_gmt":"2026-07-16T06:22:16","guid":{"rendered":"https:\/\/www.europesays.com\/it\/587121\/"},"modified":"2026-07-16T06:22:16","modified_gmt":"2026-07-16T06:22:16","slug":"sfera-ebbasta-stasera-al-santartemio-e-lunica-data-a-nordest-del-tour-estivo","status":"publish","type":"post","link":"https:\/\/www.europesays.com\/it\/587121\/","title":{"rendered":"Sfera Ebbasta stasera al Sant&#8217;Artemio: \u00e8 l&#8217;unica data a Nordest del tour estivo"},"content":{"rendered":"<p>Sfera Ebbasta porta il suo tour estivo all&#8217;Arena della Marca di Treviso-Villorba stasera, gioved\u00ec 16 luglio: sar\u00e0 l&#8217;unica data nel Nordest del &#8220;Estate 2026&#8221;, l&#8217;atteso show del re della trap italiana, che festeggia dieci anni di carriera con 238 dischi di platino e 37 dischi d&#8217;oro al suo attivo. Il concerto si terr\u00e0 all&#8217;Ippodromo Sant&#8217;Artemi, la stessa area che nei giorni scorsi ha ospitato il live di Kid Yugi. Un evento purtroppo andato semideserto, con poche migliaia di spettatori: una vera e proprio disastro organizzativo. Stasera nonostante il nome dell&#8217;artista sia certamente di maggior richiamo, il rischio \u00e8 quello di un flop-bis: sarebbero stati staccati poche migliaia di biglietti. L&#8217;evento \u00e8 organizzato da Zenit srl in collaborazione con i Comuni di Treviso e Villorba e con Nordest Ippodromi spa, Azalea Sound srl, New Age srl e Snackulture.<\/p>\n<p><strong>Orari e accessi<\/strong><\/p>\n<p>La biglietteria aprir\u00e0 alle 18 all&#8217;angolo tra viale della Repubblica e via Muri. I biglietti sono ancora disponibili sul circuito Ticketone e in loco. L&#8217;ingresso al pubblico \u00e8 previsto dalle 19.00, attraverso due accessi distinti su via Muri: uno riservato ai possessori del biglietto Pit 1, l&#8217;altro per i possessori del tagliando Pit 2. Il concerto inizier\u00e0 alle 21.00.<\/p>\n<p><img decoding=\"async\" src=\"https:\/\/www.europesays.com\/it\/wp-content\/uploads\/2026\/07\/la-mappa-dell-area-in-cui-si-terra-il-concerto-di-sfera-ebbasta.jpg\" alt=\"La mappa dell'area in cui si terr\u00e0 il concerto di Sfera Ebbasta\" title=\"La mappa dell'area in cui si terr\u00e0 il concerto di Sfera Ebbasta\"\/><\/p>\n<p><strong>Come arrivare e dove parcheggiare<\/strong><\/p>\n<p>Per chi arriva in auto sono disponibili due parcheggi dedicati, denominati Terreno Doberd\u00f2 e Terreno Fontane. \u00c8 previsto anche un parcheggio per le moto. Tutti i parcheggi sono prenotabili sul sito parkforfun.com. Ulteriori informazioni sono disponibili su www.azalea.it.<\/p>\n<p><strong>Le indicazioni del Comune di Villorba<\/strong><\/p>\n<p>Via Muri sar\u00e0 chiusa al traffico, fatta eccezione per i residenti, dalle ore 00:00 di oggi mercoled\u00ec 15 luglio fino a cessate esigenze di gioved\u00ec 16 luglio. Strada Ovest, in corrispondenza dell&#8217;Ippodromo, sar\u00e0 inoltre parzialmente chiusa in coincidenza con l&#8217;uscita del pubblico dal concerto, per il tempo strettamente necessario al deflusso del traffico: le operazioni saranno seguite dalla Polizia locale. Per chi raggiunger\u00e0 l&#8217;area del concerto in auto o in moto sono stati individuati appositi spazi di sosta: i parcheggi auto in via Doberd\u00f2 e a Largo Molino, entrambi a circa 1,5 km a piedi dall&#8217;area evento, e, nella stessa area, un parcheggio per le moto. \u00c8 inoltre previsto un parcheggio dedicato alle persone con disabilit\u00e0, in prossimit\u00e0 dell&#8217;Ippodromo.<\/p>\n<p>Sar\u00e0 inoltre aperto il Centro Operativo Comunale in municipio e sar\u00e0 garantito il presidio della Protezione civile. \u00abAbbiamo predisposto un piano di viabilit\u00e0, sosta e di presidio della Protezione civile pensato per garantire una serata sicura e ordinata, sia per chi parteciper\u00e0 al concerto sia per chi vive e transita nelle zone interessate &#8211; dichiara il Sindaco di Villorba, Francesco Soligo &#8211; Ringraziamo fin d&#8217;ora la cittadinanza per la collaborazione e invitiamo il pubblico a utilizzare le aree di sosta indicate e a seguire le indicazioni della Polizia locale\u00bb.<\/p>\n<p><strong>Chi \u00e8 Sfera Ebbasta<\/strong><\/p>\n<p>Sfera Ebbasta \u00e8 il nome d&#8217;arte di Gionata Boschetti, nato a Cinisello Balsamo nel 1992 e cresciuto a Sesto San Giovanni. Si avvicina alla musica da giovanissimo, pubblicando i primi brani su YouTube. L&#8217;incontro con il produttore Charlie Charles segna l&#8217;inizio della sua affermazione e insieme sviluppano uno stile che contribuir\u00e0 a definire l&#8217;estetica della trap italiana. Il successo arriva nel 2015 con l&#8217;album XDVR, seguito da Sfera Ebbasta (2016) e da Rockstar (2018), che lo portano ai vertici delle classifiche italiane. Nel 2020 pubblica Famoso, album che segna una nuova fase artistica con sonorit\u00e0 internazionali. Oggi \u00e8 considerato uno degli artisti che hanno contribuito maggiormente alla diffusione e alla trasformazione dell&#8217;urban italiano.<\/p>\n","protected":false},"excerpt":{"rendered":"Sfera Ebbasta porta il suo tour estivo all&#8217;Arena della Marca di Treviso-Villorba stasera, gioved\u00ec 16 luglio: sar\u00e0 l&#8217;unica&hellip;\n","protected":false},"author":3,"featured_media":587122,"comment_status":"","ping_status":"","sticky":false,"template":"","format":"standard","meta":{"footnotes":"","_share_on_mastodon":"0"},"categories":[1443],"tags":[234107,203,204,1537,90,89,1538,1539,7601,240291],"class_list":["post-587121","post","type-post","status-publish","format-standard","has-post-thumbnail","category-musica","tag-arena-della-marca","tag-entertainment","tag-intrattenimento","tag-it","tag-italia","tag-italy","tag-music","tag-musica","tag-sfera-ebbasta","tag-trap-italiana"],"share_on_mastodon":{"url":"https:\/\/pubeurope.com\/@it\/116928220506819195","error":""},"_links":{"self":[{"href":"https:\/\/www.europesays.com\/it\/wp-json\/wp\/v2\/posts\/587121","targetHints":{"allow":["GET"]}}],"collection":[{"href":"https:\/\/www.europesays.com\/it\/wp-json\/wp\/v2\/posts"}],"about":[{"href":"https:\/\/www.europesays.com\/it\/wp-json\/wp\/v2\/types\/post"}],"author":[{"embeddable":true,"href":"https:\/\/www.europesays.com\/it\/wp-json\/wp\/v2\/users\/3"}],"replies":[{"embeddable":true,"href":"https:\/\/www.europesays.com\/it\/wp-json\/wp\/v2\/comments?post=587121"}],"version-history":[{"count":0,"href":"https:\/\/www.europesays.com\/it\/wp-json\/wp\/v2\/posts\/587121\/revisions"}],"wp:featuredmedia":[{"embeddable":true,"href":"https:\/\/www.europesays.com\/it\/wp-json\/wp\/v2\/media\/587122"}],"wp:attachment":[{"href":"https:\/\/www.europesays.com\/it\/wp-json\/wp\/v2\/media?parent=587121"}],"wp:term":[{"taxonomy":"category","embeddable":true,"href":"https:\/\/www.europesays.com\/it\/wp-json\/wp\/v2\/categories?post=587121"},{"taxonomy":"post_tag","embeddable":true,"href":"https:\/\/www.europesays.com\/it\/wp-json\/wp\/v2\/tags?post=587121"}],"curies":[{"name":"wp","href":"https:\/\/api.w.org\/{rel}","templated":true}]}}