{"id":587349,"date":"2026-07-16T09:33:13","date_gmt":"2026-07-16T09:33:13","guid":{"rendered":"https:\/\/www.europesays.com\/it\/587349\/"},"modified":"2026-07-16T09:33:13","modified_gmt":"2026-07-16T09:33:13","slug":"federica-brignone-rivela-non-so-se-in-coppa-del-mondo-ci-saro","status":"publish","type":"post","link":"https:\/\/www.europesays.com\/it\/587349\/","title":{"rendered":"Federica Brignone rivela: \u00abNon so se in Coppa del mondo ci sar\u00f2\u00bb"},"content":{"rendered":"<p>    di<br \/>\n    Flavio Vanetti<\/p>\n<p class=\"summary-art is-line-h-12\">La campionessa, due ori olimpici a Milano Cortina 2026, in un&#8217;intervista all&#8217;Equipe: \u00abSono lontana da una guarigione completa\u00bb<\/p>\n<p class=\"chapter-paragraph\">La voglia di provarci ancora, con tenacia e tutto sommato con fiducia, c\u2019\u00e8 eccome altrimenti non avrebbe ripreso la preparazione fisica e non direbbe di avere in preventivo \u00abdi rimettere gli sci all\u2019inizio di agosto\u00bb. Tuttavia nel presente di <a href=\"https:\/\/www.corriere.it\/argomenti\/federica-brignone\/\" target=\"_blank\" rel=\"nofollow noreferrer noopener\">Federica Brignone<\/a> <b>c\u2019\u00e8 ancora l\u2019ombra del dubbio<\/b>, sintetizzata da una frase emblematica in un passaggio dell<a href=\"https:\/\/www.lequipe.fr\/Ski\/Actualites\/Federica-brignone-gravement-blessee-l-an-passe-mais-double-championne-olympique-a-milan-cortina-mon-corps-ne-va-jamais-completement-s-en-remettre\/1704535\" rel=\"nofollow noreferrer noopener\" target=\"_blank\">\u2019intervista al sito dell\u2019Equipe<\/a>, quotidiano sportivo francese: \u00ab<b>Non sono ancora in grado di dire<\/b> se riuscir\u00f2 a gareggiare nella prossima stagione&#8230;\u00bb.<\/p>\n<p class=\"chapter-paragraph\">Federica, che il <b>14 luglio ha compiuto 36 anni,<\/b> ha fatto un punto della situazione in una chiacchierata nella quale \u00e8 tornata anche sulla clamorosa <a href=\"https:\/\/www.corriere.it\/sport\/olimpiadi-invernali\/26_febbraio_15\/federica-brignone-oro-gigante-milano-cortina-246c6c79-844c-4dd6-bb0c-0eeac9289xlk.shtml\" target=\"_blank\" rel=\"nofollow noreferrer noopener\">impresa dei Giochi 2026<\/a>, quando stup\u00ec il mondo con un doppio oro (in superG e in gigante) che coron\u00f2 la dura ripresa dal grave incidente alla gamba sinistra, avvenuto il 3 aprile 2025 ai Campionati italiani, in quella che sembrava la gara pi\u00f9 innocua. Col senno di poi, le hanno chiesto, partecipare a Milano-Cortina non \u00e8 stata una follia totale? Risposta: \u00ab<b>Era gi\u00e0 una follia totale essere al via<\/b> dopo aver disputato solo poche gare della Coppa del Mondo e con pochissimi giorni di allenamento alle spalle, perch\u00e9 il dolore era troppo forte per fare di pi\u00f9. Onestamente, non so come ce l\u2019abbia fatta\u2026\u00bb.\u00a0    &#13;<br \/>\n&#13;<br \/>\n&#13;<br \/>\n&#13;<br \/>\n&#13;<br \/>\n&#13;<br \/>\n&#13;<br \/>\n&#13;<br \/>\n&#13;<br \/>\n&#13;<br \/>\n&#13;<br \/>\n&#13;<br \/>\n&#13;<br \/>\n&#13;<br \/>\n&#13;<br \/>\n&#13;<br \/>\n&#13;<br \/>\n&#13;<br \/>\n&#13;<br \/>\n&#13;<br \/>\n&#13;<br \/>\n&#13;<br \/>\n&#13;<br \/>\n&#13;<br \/>\n&#13;<br \/>\n&#13;<br \/>\n&#13;<br \/>\n&#13;<br \/>\n&#13;<br \/>\n&#13;<br \/>\n&#13;<br \/>\n&#13;<br \/>\n&#13;<br \/>\n&#13;<br \/>\n&#13;<br \/>\n&#13;<br \/>\n&#13;<br \/>\n&#13;<br \/>\n&#13;<br \/>\n&#13;<br \/>\n&#13;<br \/>\n&#13;<br \/>\n&#13;<br \/>\n&#13;<br \/>\n&#13;<br \/>\n&#13;<br \/>\n&#13;<br \/>\n&#13;<br \/>\n&#13;<br \/>\n&#13;<br \/>\n&#13;<br \/>\n&#13;<br \/>\n&#13;\n<\/p>\n<p class=\"chapter-paragraph\">Peraltro Federica non pensa di aver corso un rischio enorme per la salute, su questo punto tornano sia una sorta di fatalismo sia il rovescio della medaglia del praticare sport ad alto livello: <b>\u00abIl rischio di infortunarsi c\u2019\u00e8 sempre.<\/b> Costantemente. Quindi non vedo quale fosse il problema. \u00c8 pericoloso anche quando vado in mountain bike in discesa, cosa che adoro fare\u00bb.<br \/>Lo scenario attuale resta complicato. Dopo aver ricordato che la decisione di fermarsi, alle gare di Andorra successive ai Giochi, era legata anche al fatto di avere difficolt\u00e0 a camminare, la campionessa ha raccontato il percorso di questi mesi. <b>\u00abMi sto allenando a fondo, ma in parallelo continuo le terapie<\/b>. Ho trascorso una primavera dura: ho ripreso la preparazione a met\u00e0 maggio, per\u00f2 non faccio nulla di paragonabile a ci\u00f2 che facevo prima dell\u2019infortunio. Riesco ad andare in bici, a nuotare e ad allenarmi in palestra, ma non posso n\u00e9 correre n\u00e9 caricare il peso sulla gamba sinistra. Ho recuperato massa muscolare e la situazione sta migliorando, per\u00f2 sono ancora lontana da una guarigione completa, o quantomeno dal tornare come prima. Provo una sensazione di dolore costantemente\u00bb.<\/p>\n<p class=\"chapter-paragraph\">Federica l\u2019aveva gi\u00e0 spiegato con onest\u00e0 come previsione realistica (\u00abCredo di essermi procurata un danno permanente\u00bb diceva un anno fa al Corriere della Sera) e ora questo avversario silenzioso \u00e8 reale e va in qualche modo combattuto: \u00abCercher\u00f2 di rimettere gli sci ad agosto, ma non so ancora se riuscir\u00f2 a gareggiare nella prossima stagione di Coppa del Mondo.<b> Ho gi\u00e0 il biglietto per il raduno <\/b>di Ushuaia a settembre, in Argentina, per\u00f2 sarebbe insostenibile se provassi gli stessi dolori\u00bb. Poi un barlume di positivit\u00e0: \u00abUn anno fa di questi tempi non sapevo nemmeno quando sarei tornata a camminare. Quindi, in un certo senso, <b>ora le cose vanno meglio<\/b>. Ma ho la consapevolezza che il mio corpo non guarir\u00e0 mai del tutto\u00bb.<\/p>\n<p class=\"is-last-update\" datetime=\"2026-07-16T07:30:13+02:00\">16 luglio 2026 ( modifica il 16 luglio 2026 | 07:30)<\/p>\n<p class=\"is-copyright\">\n            \u00a9 RIPRODUZIONE RISERVATA\n        <\/p>\n","protected":false},"excerpt":{"rendered":"di Flavio Vanetti La campionessa, due ori olimpici a Milano Cortina 2026, in un&#8217;intervista all&#8217;Equipe: \u00abSono lontana da&hellip;\n","protected":false},"author":3,"featured_media":587350,"comment_status":"","ping_status":"","sticky":false,"template":"","format":"standard","meta":{"footnotes":"","_share_on_mastodon":"0"},"categories":[176],"tags":[2699,87234,5776,19478,1072,4297,447,16994,1905,6543,37725,1248,19634,5378,323734,10010,45245,1837,97272,323735,323736,4421,53940,323737,1282,1537,90,89,12489,323738,323739,28,54339,1354,11873,1272,245,244],"class_list":["post-587349","post","type-post","status-publish","format-standard","has-post-thumbnail","category-sport","tag-agosto","tag-brignone","tag-camminare","tag-campionessa","tag-completa","tag-coppa","tag-cortina","tag-costantemente","tag-dolore","tag-dura","tag-equipe","tag-federica","tag-federica-brignone","tag-follia","tag-follia-totale","tag-gamba","tag-gamba-sinistra","tag-gare","tag-gareggiare","tag-gareggiare-prossima","tag-gareggiare-prossima-stagione","tag-giochi","tag-guarigione","tag-guarigione-completa","tag-intervista","tag-it","tag-italia","tag-italy","tag-lontana","tag-lontana-guarigione","tag-lontana-guarigione-completa","tag-milano","tag-milano-cortina","tag-ne","tag-preparazione","tag-so","tag-sport","tag-sports"],"share_on_mastodon":{"url":"","error":"Validation failed: Text character limit of 500 exceeded"},"_links":{"self":[{"href":"https:\/\/www.europesays.com\/it\/wp-json\/wp\/v2\/posts\/587349","targetHints":{"allow":["GET"]}}],"collection":[{"href":"https:\/\/www.europesays.com\/it\/wp-json\/wp\/v2\/posts"}],"about":[{"href":"https:\/\/www.europesays.com\/it\/wp-json\/wp\/v2\/types\/post"}],"author":[{"embeddable":true,"href":"https:\/\/www.europesays.com\/it\/wp-json\/wp\/v2\/users\/3"}],"replies":[{"embeddable":true,"href":"https:\/\/www.europesays.com\/it\/wp-json\/wp\/v2\/comments?post=587349"}],"version-history":[{"count":0,"href":"https:\/\/www.europesays.com\/it\/wp-json\/wp\/v2\/posts\/587349\/revisions"}],"wp:featuredmedia":[{"embeddable":true,"href":"https:\/\/www.europesays.com\/it\/wp-json\/wp\/v2\/media\/587350"}],"wp:attachment":[{"href":"https:\/\/www.europesays.com\/it\/wp-json\/wp\/v2\/media?parent=587349"}],"wp:term":[{"taxonomy":"category","embeddable":true,"href":"https:\/\/www.europesays.com\/it\/wp-json\/wp\/v2\/categories?post=587349"},{"taxonomy":"post_tag","embeddable":true,"href":"https:\/\/www.europesays.com\/it\/wp-json\/wp\/v2\/tags?post=587349"}],"curies":[{"name":"wp","href":"https:\/\/api.w.org\/{rel}","templated":true}]}}